{"id":15475,"date":"2025-02-05T12:32:15","date_gmt":"2025-02-05T15:32:15","guid":{"rendered":"https:\/\/notipampa.com\/?p=15475"},"modified":"2025-02-05T12:32:16","modified_gmt":"2025-02-05T15:32:16","slug":"adios-al-registro-automotor-el-gobierno-habilitara-la-inscripcion-de-autos-0km-en-las-concesionarias","status":"publish","type":"post","link":"https:\/\/notipampa.com\/?p=15475","title":{"rendered":"Adi\u00f3s al Registro Automotor: el Gobierno habilitar\u00e1 la inscripci\u00f3n de autos 0km en las concesionarias"},"content":{"rendered":"\n<p><strong>La medida fue anunciada por Mariano C\u00fanero Libarona y permitir\u00e1 que los compradores salgan de un concesionario con la c\u00e9dula y el t\u00edtulo en formato digital y ya no tengan que ir a un Registro Automotor<\/strong><\/p>\n\n\n\n<p>Como parte del proceso que en el Gobierno definen como&nbsp;<strong>Motorsierra 2.0<\/strong>, este mi\u00e9rcoles se anunci\u00f3 que en los&nbsp;<strong>pr\u00f3ximos diez d\u00edas<\/strong>&nbsp;quedar\u00e1 habilitado el tr\u00e1mite por el cual los compradores de autos cero kil\u00f3metro&nbsp;<strong>no deber\u00e1n concurrir a una dependencia del Registro de la Propiedad Automotor<\/strong>&nbsp;para formalizar su adquisici\u00f3n y tramitar el t\u00edtulo de propiedad y la c\u00e9dula verde.<\/p>\n\n\n\n<p>El gobierno cre\u00f3 el&nbsp;<strong>Registro \u00danico Nacional Automotor (RUNA)<\/strong>, a trav\u00e9s del cual se van a centralizar cada vez m\u00e1s tr\u00e1mites relacionados con la compra de autom\u00f3viles, motocicletas y maquinaria agr\u00edcola.&nbsp;<strong>Inicialmente, s\u00f3lo ser\u00e1 para unidades cero kil\u00f3metro<\/strong>, pero en el futuro funcionar\u00e1 para todas las operaciones tambi\u00e9n de veh\u00edculos usados.<\/p>\n\n\n\n<p>La operatoria ser\u00e1 de la<strong>&nbsp;siguiente manera:<\/strong><\/p>\n\n\n\n<p>1. Se compra el veh\u00edculo en el Concesionario oficial o comercio habitualista, donde ya habr\u00e1 existencia de chapas patentes del mismo modo que actualmente hay en los Registros del Automotor.<\/p>\n\n\n\n<p>2. \u2060Se cargan los datos digitalmente en el Concesionario.<\/p>\n\n\n\n<p>3. Se imprime el formulario para firmar y que de ese modo quede certificada la firma.<\/p>\n\n\n\n<p>4. Autom\u00e1ticamente ese veh\u00edculos queda inscripto en el RUNA.<\/p>\n\n\n\n<p>5. Se generan digitalmente la C\u00e9dula verde y el t\u00edtulo de propiedad en la plataforma Mi Argentina.<\/p>\n\n\n\n<p>6. La C\u00e9dula Verde se podr\u00e1 pedir para recibir en formato f\u00edsico en a domicilio.<\/p>\n\n\n\n<p>7. Fin del tr\u00e1mite. El usuario se va del concesioario en su auto 0km con las chapas met\u00e1licas y la documentaci\u00f3n digital.<img fetchpriority=\"high\" decoding=\"async\" alt=\"Del mismo modo que se\" height=\"1080\" src=\"https:\/\/www.infobae.com\/resizer\/v2\/UJXGMLKAV5GH3KAZXKEJUBER5Q.jpg?auth=7eef37d140a9350d26ee99d0bd17069ef40f98f4ee9dd54d1610663ac7d8b4bc&amp;smart=true&amp;width=350&amp;height=197&amp;quality=85\" width=\"1920\">Del mismo modo que se digitaliz\u00f3 la c\u00e9dula verde y luego se elimin\u00f3 la azul, ahora se podr\u00e1 tener el t\u00edtulo en la App Mi Argentina al momento de comprar el veh\u00edculo<\/p>\n\n\n\n<p>\u201cHabilitamos la inscripci\u00f3n completamente digital de veh\u00edculos 0km\u201d, anunci\u00f3 hoy el Ministro de Justicia,&nbsp;<strong>Mariano C\u00faneo Libarona<\/strong>. \u201cHac\u00e9s la compra en la concesionaria y autom\u00e1ticamente ten\u00e9s la c\u00e9dula y el t\u00edtulo en la&nbsp;<strong>aplicaci\u00f3n Mi Argentina, sin necesidad de ir a un Registro Automotor\u201d<\/strong>, explic\u00f3 el funcionario.<\/p>\n\n\n\n<p>\u201cEsto es parte de la reforma del sistema registral que estamos haciendo desde la Secretar\u00eda de Justicia con&nbsp;<strong>Sebasti\u00e1n Amerio.<\/strong>&nbsp;El objetivo final es tener un&nbsp;<strong>Registro 100% digital<\/strong>\u201d, agreg\u00f3.<\/p>\n\n\n\n<p>Con esta nueva medida, el ministro subray\u00f3 que \u201clos argentinos, al comprar un auto nuevo, ya&nbsp;<strong>no van a pagar los formularios<\/strong>&nbsp;f\u00edsicos 01, 12, 13 y 59, lo que genera un&nbsp;<strong>ahorro anual de $83.008.947.430<\/strong>&nbsp;para los ciudadanos\u201d, y agreg\u00f3 que \u201cesto&nbsp;<strong>termina con los privilegios de la casta de los Registros<\/strong>&nbsp;que se enriquec\u00eda con esta burocracia innecesaria y arcaica\u201d.<\/p>\n\n\n\n<p>Asimismo, este anuncio representa un paso m\u00e1s en la direcci\u00f3n marcada por el presidente&nbsp;<strong>Javier Milei&nbsp;<\/strong>durante su campa\u00f1a electoral: la&nbsp;<strong>reforma total del sistema de registro automotor.<\/strong><\/p>\n\n\n\n<p>\u201cYa&nbsp;<strong>cerramos 320 Registros<\/strong>; digitalizamos la c\u00e9dula azul en la aplicaci\u00f3n Mi Argentina; eliminamos el CETA; redujimos el arancel de&nbsp;<strong>transferencia automotor al 1%<\/strong>&nbsp;del valor del veh\u00edculo; dejamos de cobrar al momento de la inscripci\u00f3n la chapa patente, la c\u00e9dula verde, el t\u00edtulo y hasta dos firmas certificadas\u201d, explic\u00f3 C\u00faneo Libarona.<\/p>\n\n\n\n<p>A su vez, indic\u00f3 que crearon \u201cel&nbsp;<strong>legajo digital \u00fanico<\/strong>, que permite avanzar a la digitalizaci\u00f3n de todo el proceso. Era incomprensible que en el siglo 21 todo el expediente del veh\u00edculo se hac\u00eda en papel con los costos y el tiempo de traslado que implica\u201d, finaliz\u00f3.<\/p>\n\n\n\n<p><em>Noticia en desarrollo<\/em><\/p>\n\n\n\n<p>Infobae<strong><br><\/strong><br><\/p>\n","protected":false},"excerpt":{"rendered":"<p>La medida fue anunciada por Mariano C\u00fanero Libarona y permitir\u00e1 que los compradores salgan de un concesionario con la c\u00e9dula<\/p>\n","protected":false},"author":1,"featured_media":15476,"comment_status":"open","ping_status":"open","sticky":false,"template":"","format":"standard","meta":{"colormag_page_container_layout":"default_layout","colormag_page_sidebar_layout":"default_layout","footnotes":""},"categories":[5,7,8],"tags":[],"class_list":["post-15475","post","type-post","status-publish","format-standard","has-post-thumbnail","hentry","category-nacionales","category-politica","category-ultimas-noticias"],"_links":{"self":[{"href":"https:\/\/notipampa.com\/index.php?rest_route=\/wp\/v2\/posts\/15475","targetHints":{"allow":["GET"]}}],"collection":[{"href":"https:\/\/notipampa.com\/index.php?rest_route=\/wp\/v2\/posts"}],"about":[{"href":"https:\/\/notipampa.com\/index.php?rest_route=\/wp\/v2\/types\/post"}],"author":[{"embeddable":true,"href":"https:\/\/notipampa.com\/index.php?rest_route=\/wp\/v2\/users\/1"}],"replies":[{"embeddable":true,"href":"https:\/\/notipampa.com\/index.php?rest_route=%2Fwp%2Fv2%2Fcomments&post=15475"}],"version-history":[{"count":1,"href":"https:\/\/notipampa.com\/index.php?rest_route=\/wp\/v2\/posts\/15475\/revisions"}],"predecessor-version":[{"id":15477,"href":"https:\/\/notipampa.com\/index.php?rest_route=\/wp\/v2\/posts\/15475\/revisions\/15477"}],"wp:featuredmedia":[{"embeddable":true,"href":"https:\/\/notipampa.com\/index.php?rest_route=\/wp\/v2\/media\/15476"}],"wp:attachment":[{"href":"https:\/\/notipampa.com\/index.php?rest_route=%2Fwp%2Fv2%2Fmedia&parent=15475"}],"wp:term":[{"taxonomy":"category","embeddable":true,"href":"https:\/\/notipampa.com\/index.php?rest_route=%2Fwp%2Fv2%2Fcategories&post=15475"},{"taxonomy":"post_tag","embeddable":true,"href":"https:\/\/notipampa.com\/index.php?rest_route=%2Fwp%2Fv2%2Ftags&post=15475"}],"curies":[{"name":"wp","href":"https:\/\/api.w.org\/{rel}","templated":true}]}}