{"id":15445,"date":"2025-01-30T09:43:59","date_gmt":"2025-01-30T12:43:59","guid":{"rendered":"https:\/\/notipampa.com\/?p=15445"},"modified":"2025-01-30T09:44:00","modified_gmt":"2025-01-30T12:44:00","slug":"la-libertad-avanza-anuncio-que-ramiro-marra-ya-no-pertenece-al-partido","status":"publish","type":"post","link":"https:\/\/notipampa.com\/?p=15445","title":{"rendered":"La Libertad Avanza anunci\u00f3 que Ramiro Marra ya no pertenece al partido"},"content":{"rendered":"\n<p><strong>Por medio de un comunicado publicado en las redes sociales, el partido libertario anunci\u00f3 que el legislador ya no forma parte del partido y brindaron los motivos<\/strong><\/p>\n\n\n\n<p>Durante este mi\u00e9rcoles por la noche,&nbsp;<strong>La Libertad Avanza<\/strong>&nbsp;public\u00f3 un comunicado donde anunci\u00f3 que el legislador Ramiro Marra qued\u00f3 desvinculado del partido pol\u00edtico. De manera breve explicaron que se debe a que no cumpli\u00f3 con los lineamientos establecidos.<\/p>\n\n\n\n<p>Las diferencias presentadas con el legislador se fueron incrementando y su desvinculaci\u00f3n fue oficializada. En el comunicado de La Libertad Avanza se anunci\u00f3 que \u201c<strong>el legislador Ramiro Marra ya no forma parte de La Libertad Avanza a nivel nacional ni en ning\u00fan distrito del pa\u00eds, de manera irreversible\u201d.<\/strong><img fetchpriority=\"high\" decoding=\"async\" alt=\"Comunicado de la LLA sobre\" height=\"273\" src=\"https:\/\/www.infobae.com\/resizer\/v2\/W4G6JLN3PREWJKHDIDHNIVERMM.PNG?auth=044f514db85a614c0a8cfef0934c6e897c049b17dc281cc244a8145ecfc971e0&amp;smart=true&amp;width=350&amp;height=156&amp;quality=85\" width=\"619\">Comunicado de la LLA sobre Marra (Foto: X)<\/p>\n\n\n\n<p>En cuanto al motivo, se destac\u00f3 que es \u201ccomo consecuencia de&nbsp;<strong>no seguir los lineamientos del partido y haber votado a favor del inaceptable aumento de impuestos en la Ciudad de Buenos Aires<\/strong>, que contradice los ideales del Presidente Javier Milei\u201d.<\/p>\n\n\n\n<p>\u201cTodos aquellos que no respeten la agenda del Presidente ser\u00e1n expulsados. No importa qui\u00e9nes sean\u201d, afirmaron de manera contundente.<img decoding=\"async\" alt=\"As\u00ed votaron los legisladores de\" height=\"387\" src=\"https:\/\/www.infobae.com\/resizer\/v2\/5CAV66XHX5BPXEQREB7STWMXOU.PNG?auth=0eaa28f1df97d390116eca6aa154e39ad38fc62f635afaefc8e62ba87f9b9164&amp;smart=true&amp;width=350&amp;height=214&amp;quality=85\" width=\"645\">As\u00ed votaron los legisladores de LLA durante la sesi\u00f3n que se debati\u00f3 el Presupuesto 2025 enviado por Jorge Macri (Legislatura Porte\u00f1a)<\/p>\n\n\n\n<p>Luego de publicarse el comunicado, Marra acudi\u00f3 a la red social X (ex Twitter) donde prefiri\u00f3 no referirse a su desvinculaci\u00f3n pero expres\u00f3: \u201cViva la lealtad. Viva la libertad carajo. Ma\u00f1ana hablamos\u201d.<\/p>\n\n\n\n<p>En di\u00e1logo con LN+&nbsp;<strong>Lilia Lemoine<\/strong>&nbsp;expres\u00f3: \u201cEs una pena, no estoy muy informada sobre qu\u00e9 es lo que pas\u00f3, pero entiendo que si vot\u00f3 a favor de un presupuesto que no deber\u00eda haber votado en el bloque, bueno\u201d.<img decoding=\"async\" alt=\"Posteo de Ramiro Marra tras\" height=\"1080\" src=\"https:\/\/www.infobae.com\/resizer\/v2\/D5V23B7L55C35MYE6WFQQ6Q2FM.jpg?auth=64fecaa61a66f5c27c05bf16873542a42a2cd7a8e86a5a768514005f00e08015&amp;smart=true&amp;width=350&amp;height=197&amp;quality=85\" width=\"1920\">Posteo de Ramiro Marra tras conocerse su desvinculaci\u00f3n de LLA<\/p>\n\n\n\n<p>Y sostuvo que \u201csiempre hemos trabajado bien con Ramiro en campa\u00f1a y es una persona que aprecio\u201d. Sin embargo, record\u00f3 que \u201cel mismo Presidente ha echado a amigos del espacio por no alinearse con sus decisiones y pas\u00f3\u201d.<\/p>\n\n\n\n<p>La desvinculaci\u00f3n de Marra se dio horas despu\u00e9s del anuncio sobre la&nbsp;<strong>incorporaci\u00f3n de legisladores porte\u00f1os que responden a la ministra de Seguridad, Patricia Bullrich, a la Libertad Avanza<\/strong>&nbsp;en la Legislatura de la Ciudad de Buenos Aires. Este acuerdo, oficializado el mi\u00e9rcoles por la tarde, apunta a posicionarse como una alternativa al actual jefe de Gobierno, Jorge Macri.<img loading=\"lazy\" decoding=\"async\" alt=\"Karina Milei y Patricia Bullrich\" height=\"2305\" src=\"https:\/\/www.infobae.com\/resizer\/v2\/5KQBZGT5YNHIBMZ57RTVKOH6PE.jpg?auth=9ad7fff3fe13e64df8336781ad03e1ccfe065d2e69976f9446345db677e4d244&amp;smart=true&amp;width=350&amp;height=197&amp;quality=85\" width=\"4096\">Karina Milei y Patricia Bullrich con los legisladores que eran del PRO y se incorporaron a La Libertad Avanza<\/p>\n\n\n\n<p>La incorporaci\u00f3n de los diputados&nbsp;<strong>Juan Pablo Arenaza, Silvia Imas y Mar\u00eda Luisa Gonz\u00e1lez Estevarena<\/strong>&nbsp;al bloque libertario fue anunciada durante un encuentro en el recinto legislativo porte\u00f1o. La reuni\u00f3n cont\u00f3 con la presencia de Pilar Ram\u00edrez, l\u00edder del bloque de LLA, y de la propia ministra de Seguridad, Patricia Bullrich, quien respald\u00f3 p\u00fablicamente la alianza. Este movimiento eleva a ocho el n\u00famero de integrantes del bloque libertario en la Legislatura, consolidando su presencia en el \u00e1mbito pol\u00edtico local.<\/p>\n\n\n\n<p>Con la incorporaci\u00f3n de los tres legisladores bullrichistas, el bloque de La Libertad Avanza en la Legislatura porte\u00f1a se posiciona como una fuerza pol\u00edtica m\u00e1s robusta. Adem\u00e1s de los nuevos integrantes, el bloque cuenta con&nbsp;<strong>figuras como Rebeca Fleitas, Marina Kienast, Leonardo Saifert y Luc\u00eda Montenegro<\/strong>, quienes ya formaban parte del espacio. Este crecimiento no solo refuerza la capacidad de negociaci\u00f3n del bloque, sino que tambi\u00e9n ampl\u00eda su influencia en el escenario pol\u00edtico de la Ciudad de Buenos Aires.<\/p>\n\n\n\n<p>El acto de oficializaci\u00f3n de la alianza incluy\u00f3 una fotograf\u00eda conjunta de los legisladores con Patricia Bullrich, lo que subraya el respaldo de la ministra de Seguridad a esta estrategia de integraci\u00f3n. Siendo este gesto un s\u00edmbolo de la consolidaci\u00f3n de una relaci\u00f3n pol\u00edtica que busca trascender las fronteras de la capital y proyectarse a nivel nacional.<\/p>\n\n\n\n<p>Pese a las tensiones que hab\u00edan trascendido, semanas atr\u00e1s,\u00a0Marra sostuvo que con la secretaria General de la Presidencia,\u00a0<strong>Karina Milei, se lleva \u201cdiez puntos\u201d,\u00a0<\/strong>aunque en su entorno lo desmintieron. \u201cHace un a\u00f1o que no se hablan\u201d, afirmaron en la Casa Rosada.<\/p>\n\n\n\n<p>Marra se separ\u00f3 del bloque oficial de La Libertad Avanza que conduce Karina Milei, quien tambi\u00e9n preside el partido de gobierno. Adem\u00e1s, mantiene una buena relaci\u00f3n con el jefe de Gobierno porte\u00f1o, Jorge Macri, quien desafi\u00f3 al oficialismo al adelantar las elecciones a julio, pese a que Javier Milei se hab\u00eda pronunciado en contra de que los distritos desdoblaran los comicios.<\/p>\n\n\n\n<p>En el reportaje que brind\u00f3 al programa A Dos Voces, el diputado porte\u00f1o tambi\u00e9n dijo que si la hermana del presidente \u201ctiene que ser candidata, que sea candidata tambi\u00e9n; no es un tema de nombres propios\u201d. \u201cObviamente que<strong>&nbsp;Karina representa las ideas de la libertad, es fundadora del espacio, es un pilar fundamental de todo el proyecto (pero) no es un tema de nombre propio, es un tema de ideas<\/strong>\u201d, agreg\u00f3.<\/p>\n\n\n\n<p>De todos modos, dijo que las candidaturas y la&nbsp;<strong>conformaci\u00f3n de listas \u201cse tienen que discutir m\u00e1s cercano a la elecci\u00f3n,<\/strong>&nbsp;hoy tenemos que estar enfocados en tomar la direcci\u00f3n correcta del pa\u00eds, lo estamos haciendo y la sociedad acompa\u00f1a\u201d. \u201cTambi\u00e9n tenemos que bajar un poco el nivel de conflicto, porque si no se fortalecen los del otro lado, los que piensan totalmente distinto a nosotros, que son los kirchneristas. Que se peleen los kirchneristas, ellos son los que est\u00e1n fracasando\u201d.<strong><br><\/strong><\/p>\n","protected":false},"excerpt":{"rendered":"<p>Por medio de un comunicado publicado en las redes sociales, el partido libertario anunci\u00f3 que el legislador ya no forma<\/p>\n","protected":false},"author":1,"featured_media":15446,"comment_status":"open","ping_status":"open","sticky":false,"template":"","format":"standard","meta":{"colormag_page_container_layout":"default_layout","colormag_page_sidebar_layout":"default_layout","footnotes":""},"categories":[5,7,8],"tags":[],"class_list":["post-15445","post","type-post","status-publish","format-standard","has-post-thumbnail","hentry","category-nacionales","category-politica","category-ultimas-noticias"],"_links":{"self":[{"href":"https:\/\/notipampa.com\/index.php?rest_route=\/wp\/v2\/posts\/15445","targetHints":{"allow":["GET"]}}],"collection":[{"href":"https:\/\/notipampa.com\/index.php?rest_route=\/wp\/v2\/posts"}],"about":[{"href":"https:\/\/notipampa.com\/index.php?rest_route=\/wp\/v2\/types\/post"}],"author":[{"embeddable":true,"href":"https:\/\/notipampa.com\/index.php?rest_route=\/wp\/v2\/users\/1"}],"replies":[{"embeddable":true,"href":"https:\/\/notipampa.com\/index.php?rest_route=%2Fwp%2Fv2%2Fcomments&post=15445"}],"version-history":[{"count":1,"href":"https:\/\/notipampa.com\/index.php?rest_route=\/wp\/v2\/posts\/15445\/revisions"}],"predecessor-version":[{"id":15447,"href":"https:\/\/notipampa.com\/index.php?rest_route=\/wp\/v2\/posts\/15445\/revisions\/15447"}],"wp:featuredmedia":[{"embeddable":true,"href":"https:\/\/notipampa.com\/index.php?rest_route=\/wp\/v2\/media\/15446"}],"wp:attachment":[{"href":"https:\/\/notipampa.com\/index.php?rest_route=%2Fwp%2Fv2%2Fmedia&parent=15445"}],"wp:term":[{"taxonomy":"category","embeddable":true,"href":"https:\/\/notipampa.com\/index.php?rest_route=%2Fwp%2Fv2%2Fcategories&post=15445"},{"taxonomy":"post_tag","embeddable":true,"href":"https:\/\/notipampa.com\/index.php?rest_route=%2Fwp%2Fv2%2Ftags&post=15445"}],"curies":[{"name":"wp","href":"https:\/\/api.w.org\/{rel}","templated":true}]}}