{"id":15391,"date":"2025-01-23T12:45:38","date_gmt":"2025-01-23T15:45:38","guid":{"rendered":"https:\/\/notipampa.com\/?p=15391"},"modified":"2025-01-23T12:45:39","modified_gmt":"2025-01-23T15:45:39","slug":"alerta-por-tormenta-en-alvear-y-zona-el-smn-emitio-un-aviso-amarillo-para-el-noreste-pampeano","status":"publish","type":"post","link":"https:\/\/notipampa.com\/?p=15391","title":{"rendered":"Alerta por tormenta en Alvear y zona: el SMN emiti\u00f3 un aviso Amarillo para el noreste pampeano"},"content":{"rendered":"\n<p>El Servicio Meteorol\u00f3gico Nacional (SMN) emiti\u00f3 un alerta del tipo\u00a0<strong>Amarillo<\/strong>\u00a0por tormentas que afectar\u00edan a diversos departamentos del noreste de La Pampa:\u00a0<strong>Chapaleuf\u00fa, Marac\u00f3, Rancul, Realic\u00f3 y Trenel<\/strong>.<\/p>\n\n\n\n<p>Seg\u00fan el organismo, se prev\u00e9n&nbsp;<strong>tormentas localmente fuertes<\/strong>, acompa\u00f1adas por&nbsp;<strong>fuertes r\u00e1fagas de viento, ca\u00edda de granizo, intensa actividad el\u00e9ctrica<\/strong>&nbsp;y&nbsp;<strong>abundante precipitaci\u00f3n<\/strong>&nbsp;en cortos per\u00edodos. Los valores de lluvia acumulada oscilar\u00e1n entre&nbsp;<strong>20 y 40 mil\u00edmetros<\/strong>, aunque no se descarta que en algunas zonas se superen estas marcas.<\/p>\n\n\n\n<h2 class=\"wp-block-heading\">Recomendaciones del SMN ante una alerta Amarillo<\/h2>\n\n\n\n<ul class=\"wp-block-list\">\n<li><strong>No saques la basura.<\/strong>\u00a0Retir\u00e1 objetos que impidan que el agua escurra con normalidad.<\/li>\n\n\n\n<li><strong>Evit\u00e1 actividades al aire libre.<\/strong>\u00a0La tormenta podr\u00eda ocasionar lesiones o situaciones de riesgo.<\/li>\n\n\n\n<li><strong>No te refugies cerca de \u00e1rboles y postes de electricidad<\/strong>\u00a0que puedan caerse.<\/li>\n\n\n\n<li><strong>Para minimizar el riesgo de ser alcanzado por un rayo, evit\u00e1 permanecer en playas, r\u00edos, lagunas o piletas.<\/strong><\/li>\n\n\n\n<li><strong>Estate atento ante la posible ca\u00edda de granizo.<\/strong><\/li>\n\n\n\n<li><strong>Informate por las autoridades oficiales<\/strong>\u00a0y ten\u00e9 siempre lista una\u00a0<strong>mochila de emergencias<\/strong>\u00a0con linterna, radio, documentos y tel\u00e9fono.<\/li>\n<\/ul>\n\n\n\n<h2 class=\"wp-block-heading\">Niveles de alerta del SMN<\/h2>\n\n\n\n<p><strong>Nivel Verde \u2013 Tranquilidad<\/strong><br>No se esperan fen\u00f3menos meteorol\u00f3gicos que impliquen riesgos.<br><strong>Nivel Amarillo \u2013 Informate<\/strong><br>Se pronostican posibles fen\u00f3menos meteorol\u00f3gicos con capacidad de da\u00f1o y riesgo de interrupci\u00f3n moment\u00e1nea de actividades cotidianas.<br><strong>Nivel Naranja \u2013 Preparate<\/strong><br>Se esperan fen\u00f3menos meteorol\u00f3gicos peligrosos para la sociedad, la vida, los bienes y el medio ambiente.<br><strong>Nivel Rojo \u2013 Segu\u00ed instrucciones oficiales<\/strong><br>Se esperan fen\u00f3menos meteorol\u00f3gicos excepcionales con potencial de provocar emergencias o desastres.<\/p>\n\n\n\n<p><strong>Recomendaci\u00f3n general<\/strong>: Mantenerse informado a trav\u00e9s de los canales oficiales y seguir las indicaciones brindadas por Defensa Civil y el SMN. De presentarse condiciones adversas, se insta a los habitantes de la regi\u00f3n a extremar precauciones y evitar desplazamientos innecesarios.<\/p>\n\n\n\n<p><em>Ante cualquier inconveniente o urgencia, comunicarse con las autoridades locales de seguridad y emergencias.<\/em><\/p>\n","protected":false},"excerpt":{"rendered":"<p>El Servicio Meteorol\u00f3gico Nacional (SMN) emiti\u00f3 un alerta del tipo\u00a0Amarillo\u00a0por tormentas que afectar\u00edan a diversos departamentos del noreste de La<\/p>\n","protected":false},"author":1,"featured_media":15392,"comment_status":"open","ping_status":"open","sticky":false,"template":"","format":"standard","meta":{"colormag_page_container_layout":"default_layout","colormag_page_sidebar_layout":"default_layout","footnotes":""},"categories":[6,8],"tags":[],"class_list":["post-15391","post","type-post","status-publish","format-standard","has-post-thumbnail","hentry","category-locales","category-ultimas-noticias"],"_links":{"self":[{"href":"https:\/\/notipampa.com\/index.php?rest_route=\/wp\/v2\/posts\/15391","targetHints":{"allow":["GET"]}}],"collection":[{"href":"https:\/\/notipampa.com\/index.php?rest_route=\/wp\/v2\/posts"}],"about":[{"href":"https:\/\/notipampa.com\/index.php?rest_route=\/wp\/v2\/types\/post"}],"author":[{"embeddable":true,"href":"https:\/\/notipampa.com\/index.php?rest_route=\/wp\/v2\/users\/1"}],"replies":[{"embeddable":true,"href":"https:\/\/notipampa.com\/index.php?rest_route=%2Fwp%2Fv2%2Fcomments&post=15391"}],"version-history":[{"count":1,"href":"https:\/\/notipampa.com\/index.php?rest_route=\/wp\/v2\/posts\/15391\/revisions"}],"predecessor-version":[{"id":15393,"href":"https:\/\/notipampa.com\/index.php?rest_route=\/wp\/v2\/posts\/15391\/revisions\/15393"}],"wp:featuredmedia":[{"embeddable":true,"href":"https:\/\/notipampa.com\/index.php?rest_route=\/wp\/v2\/media\/15392"}],"wp:attachment":[{"href":"https:\/\/notipampa.com\/index.php?rest_route=%2Fwp%2Fv2%2Fmedia&parent=15391"}],"wp:term":[{"taxonomy":"category","embeddable":true,"href":"https:\/\/notipampa.com\/index.php?rest_route=%2Fwp%2Fv2%2Fcategories&post=15391"},{"taxonomy":"post_tag","embeddable":true,"href":"https:\/\/notipampa.com\/index.php?rest_route=%2Fwp%2Fv2%2Ftags&post=15391"}],"curies":[{"name":"wp","href":"https:\/\/api.w.org\/{rel}","templated":true}]}}