{"id":15388,"date":"2025-01-23T09:19:20","date_gmt":"2025-01-23T12:19:20","guid":{"rendered":"https:\/\/notipampa.com\/?p=15388"},"modified":"2025-01-23T09:19:21","modified_gmt":"2025-01-23T12:19:21","slug":"agenda-semanal-de-arte-y-cultura-con-fuerte-impronta-de-pampeanidad","status":"publish","type":"post","link":"https:\/\/notipampa.com\/?p=15388","title":{"rendered":"Agenda semanal de Arte y Cultura con fuerte impronta de pampeanidad"},"content":{"rendered":"\n<p><strong>La Secretar\u00eda de Cultura del Gobierno de La Pampa hizo un amplio repaso de las fechas en que tendr\u00e1n desarrollo varias fiestas en el interior provincial para el presente mes de enero e inicio de febrero de 2025. \u00a0<\/strong><\/p>\n\n\n\n<p><strong>La Adela<\/strong><br>Viernes 24, s\u00e1bado 25 y domingo 26 | Estadio Lautaro Vicencio<br>5\u00b0 Fiesta Provincial de la Barda<br>Viernes 24: actuaci\u00f3n de Roberto Errotabere, El Zorzal Techera, Bruno Barrera, Juampi y Los Herreras, Viento Pampa, Dance Gym, Colectivo Caracol, Grupo Alu\u00e9n. Cierre con La Nueva Luna.<br>S\u00e1bado 25: presentaci\u00f3n de Gimena Salas, Valentina Monserrat, Tango Barda, Braian Simaldoni, Paola Ruiz Diaz, Popi Casta\u00f1eda, Los Caldenes, La Ley Primera. Cierre con La T y la M.<br>Domingo 26: llega la Pe\u00f1a Barda, Herencia Cultural, Pe\u00f1\u00ed \u00d1uquen, Se va la Segunda, Los Baguales, Los Changos del Colorado, Mauro Montero, Chloe Olivera y Los Carperos.<br>Organiza: Municipalidad de La Adela.<\/p>\n\n\n\n<p><strong>Eduardo Castex<\/strong><br>Viernes 24, domingo 26 de enero y s\u00e1bado 1\u00b0 de febrero | Parque Triguero.<br>70\u00b0 Fiesta Nacional del Trigo y 11\u00b0 Fiesta Nacional del Trigo y el Pan<br>?Viernes 24 | Noche de los j\u00f3venes<br>Desfile c\u00e9ntrico con la participaci\u00f3n de instituciones intermedias de la localidad, centros tradicionalistas, autos antiguos y maquinarias agr\u00edcolas. Actuaci\u00f3n de Los Herrera.<br>Domingo 26<br>Mini desfile con la presentaci\u00f3n de las postulantes a embajadoras y con la actuaci\u00f3n de Jorge Herrera.<br>S\u00e1bado 1\u00b0 | Noche central<br>Actuaci\u00f3n de los ballets locales y la actuaci\u00f3n de Viento Pampa y el cierre con La Superband.<br>Organiza: Racing Club.<\/p>\n\n\n\n<p><strong>Intendente Alvear<\/strong><br>S\u00e1bado 25, viernes 31 y s\u00e1bado 1\u00b0 de Febrero | Predio Club Social y Atl\u00e9tico Ferro Carril Oeste.<br>56\u00b0 Festival Nacional de Doma y Folklore<br>S\u00e1bado 25 de enero | Noche Inaugural | 20:30hs.<br>En el escenario mayor, presentaci\u00f3n de El Entrevero, Joaquin Chiavarino y L\u00e1zaro Caballero.<br>Viernes 31 de enero | Noche central | 20:30hs.<br>En el escenario mayor, actuar\u00e1n DJ Mart\u00edn Olgu\u00edn y Eugenia Quevedo y La banda de Carlitos.<br>S\u00e1bado 1\u00b0 de febrero | Noche de pe\u00f1a | 20:30hs.<br>En el escenario mayor, participaci\u00f3n de la academia Guarda Pampa de Trenel y la actuaci\u00f3n de Ricardo S\u00e1nchez y su conjunto, La Chispa, Tinku y Hugo Varela (humor).<br>Organiza: Club Social y Atl\u00e9tico Ferro Carril Oeste.<\/p>\n\n\n\n<p><strong>Santa Rosa<\/strong><br>Centro de Artes | Leguizam\u00f3n 1125<br>Sala \u201cMarta Arangoa\u201d<br>Po\u00e9ticas personales: \u201cHabitar la subjetividad\u201d, muestra de alumnos del Profesorado de Artes Visuales del CREAr.&nbsp;Por medio de di\u00e1logos entre los diversos medios del arte, las y los estudiantes del Centro Regional de Educaci\u00f3n Art\u00edstica, se sumergen en la riqueza de sus propias narrativas visuales.<br>Participan:&nbsp;Antonella Seales, Virginia Macarena Villa Gallero, Vanesa Elizabeth Formiglia, Gonzalo Nicol\u00e1s G\u00f3mez Ferreyra, David Sosa, Ileana Armitano, Vanesa Naiman, Ail\u00e9n Peralta Giraldez, Sol Gavil\u00e1n, Mivel Alejandra Thome; Roberto Dechecchi, Jos\u00e9 Luis Oliva, Jaqueline Kissner, Candela de Volder.<br>La muestra permanecer\u00e1&nbsp;hasta el 31 de enero de 2025&nbsp;con acceso libre y gratuito.<\/p>\n\n\n\n<p><strong>Museos<\/strong><br>Museo Provincial de Artes | 9 de Julio y Villegas.<br>\u201cAdentro -Afuera\u201d &#8211; Colecci\u00f3n Museo Molina Rosa;&nbsp;un viaje retrospectivo del multifac\u00e9tico artista cordob\u00e9s Armando Molina Rosa.<\/p>\n\n\n\n<p><strong>Sala \u201cLa Pieza Rosa\u201d<\/strong><br>Manuela Sayt&nbsp;expone la&nbsp;muestra fotogr\u00e1fica&nbsp;&#8220;Melancogaucha&#8221;. A trav\u00e9s de una serie de autorretratos cargados de simbolismo y color, la artista invita a un viaje introspectivo por la llanura pampeana.<br>Curaudr\u00eda: Lis Cofr\u00e9 y Lihu\u00e9 Pumila, integrantes del equipo del MPArtes.<\/p>\n\n\n\n<p>D\u00edas y horarios de atenci\u00f3n del MPArtes:&nbsp;lunes a viernes de 8 a 13 y de 14 a 19; s\u00e1bados y domingos de 19 a 21 horas. Entrada libre y gratuita.<\/p>\n\n\n\n<p><strong>Museo Provincial de Historia Natural | Quintana 116<\/strong><br>Muestra permanente &#8220;Naturaleza y Cultura&#8221;.<br>Es el resultado de un proceso de trabajo sobre la conformaci\u00f3n de las colecciones, los ejes tem\u00e1ticos y la trama humana. Sostenida en una nueva estrategia museogr\u00e1fica que combina dise\u00f1o y comunicaci\u00f3n visual integral con diferentes objetos y espec\u00edmenes de las colecciones, relata el v\u00ednculo de los grupos humanos con la naturaleza.<br>Se puede visitar de lunes a viernes de 8 a 13 y de 14 a 19. S\u00e1bado y Domingo de 19 a 21. Acceso gratuito.<\/p>\n\n\n\n<p><strong>Toay<\/strong><br>Casa Museo Olga Orozco | Av. Regimiento 13 de Caballer\u00eda 1102<br>Recorrido autoguiado por la CMOO<br>Con acceso gratuito la Casa Museo propone un recorrido autoguiado por sus salas. Adem\u00e1s, dispone de la Sala Educativa, abierta a todo p\u00fablico para jugar, leer e interactuar con el patrimonio del Museo.<br>\u201cPoes\u00eda Accesible\u201d, muestra inclusiva que comprende poes\u00edas y obras literarias de Olga Orozco en braille. Una nueva propuesta museogr\u00e1fica que suma contenido accesible&nbsp;para personas con discapacidad visual, discapacidad auditiva y discapacidad intelectual.&nbsp;Fue uno de los proyectos seleccionados en el concurso organizado por la Fundaci\u00f3n Williams \u201cEnsayar Museos 2023\u201d&nbsp;y pudo llevarse a cabo gracias a un equipo de personas e instituciones que se involucraron en un trabajo colaborativo y colectivo.<\/p>\n\n\n\n<p><strong>Horarios CMOO<\/strong><br>De lunes a viernes de 9 a 17hs. S\u00e1bados y domingos de 17 a 20hs.<br>Invitan: Secretar\u00eda de Cultura Gobierno de La Pampa y Municipalidad de Toay.<\/p>\n","protected":false},"excerpt":{"rendered":"<p>La Secretar\u00eda de Cultura del Gobierno de La Pampa hizo un amplio repaso de las fechas en que tendr\u00e1n desarrollo<\/p>\n","protected":false},"author":1,"featured_media":15389,"comment_status":"open","ping_status":"open","sticky":false,"template":"","format":"standard","meta":{"colormag_page_container_layout":"default_layout","colormag_page_sidebar_layout":"default_layout","footnotes":""},"categories":[3,4,8],"tags":[],"class_list":["post-15388","post","type-post","status-publish","format-standard","has-post-thumbnail","hentry","category-entretenimiento","category-provincia","category-ultimas-noticias"],"_links":{"self":[{"href":"https:\/\/notipampa.com\/index.php?rest_route=\/wp\/v2\/posts\/15388","targetHints":{"allow":["GET"]}}],"collection":[{"href":"https:\/\/notipampa.com\/index.php?rest_route=\/wp\/v2\/posts"}],"about":[{"href":"https:\/\/notipampa.com\/index.php?rest_route=\/wp\/v2\/types\/post"}],"author":[{"embeddable":true,"href":"https:\/\/notipampa.com\/index.php?rest_route=\/wp\/v2\/users\/1"}],"replies":[{"embeddable":true,"href":"https:\/\/notipampa.com\/index.php?rest_route=%2Fwp%2Fv2%2Fcomments&post=15388"}],"version-history":[{"count":1,"href":"https:\/\/notipampa.com\/index.php?rest_route=\/wp\/v2\/posts\/15388\/revisions"}],"predecessor-version":[{"id":15390,"href":"https:\/\/notipampa.com\/index.php?rest_route=\/wp\/v2\/posts\/15388\/revisions\/15390"}],"wp:featuredmedia":[{"embeddable":true,"href":"https:\/\/notipampa.com\/index.php?rest_route=\/wp\/v2\/media\/15389"}],"wp:attachment":[{"href":"https:\/\/notipampa.com\/index.php?rest_route=%2Fwp%2Fv2%2Fmedia&parent=15388"}],"wp:term":[{"taxonomy":"category","embeddable":true,"href":"https:\/\/notipampa.com\/index.php?rest_route=%2Fwp%2Fv2%2Fcategories&post=15388"},{"taxonomy":"post_tag","embeddable":true,"href":"https:\/\/notipampa.com\/index.php?rest_route=%2Fwp%2Fv2%2Ftags&post=15388"}],"curies":[{"name":"wp","href":"https:\/\/api.w.org\/{rel}","templated":true}]}}