{"id":15382,"date":"2025-01-22T10:35:03","date_gmt":"2025-01-22T13:35:03","guid":{"rendered":"https:\/\/notipampa.com\/?p=15382"},"modified":"2025-01-22T10:35:05","modified_gmt":"2025-01-22T13:35:05","slug":"todo-listo-para-el-festival-nacional-de-doma-y-folklore-en-intendente-alvear","status":"publish","type":"post","link":"https:\/\/notipampa.com\/?p=15382","title":{"rendered":"\u00a1Todo listo para el Festival Nacional de Doma y Folklore en Intendente Alvear!"},"content":{"rendered":"\n<p><strong>Intendente Alvear se prepara para recibir la 56\u00b0 edici\u00f3n de su ic\u00f3nico Festival Nacional de Doma y Folklore, un evento que celebra la tradici\u00f3n, la cultura y la pasi\u00f3n criolla.<\/strong><\/p>\n\n\n\n<p>Del <strong>25 de enero al 1 de febrero<\/strong>, la localidad ser\u00e1 escenario de emocionantes jineteadas, espect\u00e1culos musicales de primer nivel y actividades culturales que prometen encantar a toda la familia. Adem\u00e1s, se definir\u00e1 la clasificaci\u00f3n de la delegaci\u00f3n pampeana para el prestigioso <strong>Festival de Jes\u00fas Mar\u00eda 2026<\/strong>.<\/p>\n\n\n\n<hr class=\"wp-block-separator has-alpha-channel-opacity\"\/>\n\n\n\n<h3 class=\"wp-block-heading\"><strong>Inauguraci\u00f3n oficial: S\u00e1bado 25 de enero<\/strong><\/h3>\n\n\n\n<p>\ud83d\udccd <strong>Hora y lugar:<\/strong><\/p>\n\n\n\n<ul class=\"wp-block-list\">\n<li><strong>19:00 hs:<\/strong> Recepci\u00f3n de autoridades en el Centro Cultural \u201cLa Vieja Usina\u201d (Av. San Mart\u00edn y 25 de Mayo).<\/li>\n\n\n\n<li><strong>19:30 hs:<\/strong> Ceremonia de apertura en el Campo de Doma, con desfile de emprendados y jineteadas en las categor\u00edas Bastos con Encimera, Crina Limpia y Grupa Sure\u00f1a.<\/li>\n<\/ul>\n\n\n\n<p>\ud83c\udfa4 <strong>Animadores:<\/strong> Jorge Alberto Soccodato, Javier Wisner, Pedro Saubidet y Ricardo Ch\u00e1vez.<br>\ud83d\udc34 <strong>Tropillas destacadas:<\/strong> \u201cLa Revoltosa\u201d de Cacho Althabe y \u201cLa Pumita\u201d de Enzo Vega, bajo la coordinaci\u00f3n de Osvaldo \u201cEl Chueco\u201d Aguilar.<\/p>\n\n\n\n<p>\ud83c\udfb6 <strong>Espect\u00e1culos en el Escenario Mayor:<\/strong><\/p>\n\n\n\n<ul class=\"wp-block-list\">\n<li>Ballet del Festival.<\/li>\n\n\n\n<li>Ballet Municipal \u201cHuella Pampa\u201d (Dir. Paula Molina).<\/li>\n\n\n\n<li>Presentaciones musicales: El Entrevero, L\u00e1zaro Caballero y Joaqu\u00edn Chiavarino.<\/li>\n<\/ul>\n\n\n\n<hr class=\"wp-block-separator has-alpha-channel-opacity\"\/>\n\n\n\n<h3 class=\"wp-block-heading\"><strong>Semana Cultural: Martes 28 y Mi\u00e9rcoles 29 de enero<\/strong><\/h3>\n\n\n\n<p>\ud83c\udfa8 <strong>Martes 28:<\/strong><\/p>\n\n\n\n<ul class=\"wp-block-list\">\n<li><strong>10:00 hs:<\/strong> Concurso de dibujo infantil (Club, Manuel Belgrano y Cornelio Saavedra).<\/li>\n\n\n\n<li><strong>20:30 hs:<\/strong> Obra de teatro <em>\u201cAmar a Tiempo\u201d<\/em> (Club Social y Atl\u00e9tico Ferro Carril Oeste).<\/li>\n<\/ul>\n\n\n\n<p>\ud83d\udecd\ufe0f <strong>Mi\u00e9rcoles 29:<\/strong><\/p>\n\n\n\n<ul class=\"wp-block-list\">\n<li><strong>20:00 hs:<\/strong> Paseo de artesanos y emprendedores en el Campo de Deportes.<\/li>\n\n\n\n<li>Cierre musical con Chango Palacios.<\/li>\n<\/ul>\n\n\n\n<hr class=\"wp-block-separator has-alpha-channel-opacity\"\/>\n\n\n\n<h3 class=\"wp-block-heading\"><strong>Noche Central: Viernes 31 de enero<\/strong><\/h3>\n\n\n\n<p>\ud83c\udf1f <strong>Momentos clave:<\/strong><\/p>\n\n\n\n<ul class=\"wp-block-list\">\n<li><strong>21:00 hs:<\/strong> Clasificaci\u00f3n para Jes\u00fas Mar\u00eda 2026 en el Campo de Doma.<\/li>\n\n\n\n<li><strong>Espect\u00e1culos en el Escenario Mayor:<\/strong> DJ Mart\u00edn Olgu\u00edn, Eugenia Quevedo y La Banda de Carlitos.<\/li>\n\n\n\n<li>Entrega de premios a los ganadores.<\/li>\n<\/ul>\n\n\n\n<hr class=\"wp-block-separator has-alpha-channel-opacity\"\/>\n\n\n\n<h3 class=\"wp-block-heading\"><strong>La Pe\u00f1a del Festival: S\u00e1bado 1 de febrero<\/strong><\/h3>\n\n\n\n<p>\ud83c\udf89 <strong>Actividades destacadas:<\/strong><\/p>\n\n\n\n<ul class=\"wp-block-list\">\n<li><strong>20:00 hs en el Campo de Doma:<\/strong> Exhibici\u00f3n de Pato, el deporte nacional.<\/li>\n\n\n\n<li><strong>Espect\u00e1culos musicales:<\/strong> Ballet \u201cGuarda Pampa\u201d, Ricardo S\u00e1nchez, Salvador Demaria, La Chispa, Tinku y el humor de Hugo Varela.<\/li>\n<\/ul>\n\n\n\n<hr class=\"wp-block-separator has-alpha-channel-opacity\"\/>\n\n\n\n<h3 class=\"wp-block-heading\"><strong>Un festival que trasciende generaciones<\/strong><\/h3>\n\n\n\n<p>Por m\u00e1s de medio siglo, este evento ha unido a familias, turistas y amantes de las tradiciones gauchas. Este a\u00f1o no ser\u00e1 la excepci\u00f3n: la grilla combina talento local y zonal con artistas nacionales, ofreciendo un espect\u00e1culo inolvidable.<\/p>\n\n\n\n<p>\u00a1No te pierdas la magia del Festival Nacional de Doma y Folklore en Intendente Alvear! Una celebraci\u00f3n que rinde honor a nuestras ra\u00edces y reafirma el orgullo pampeano.<\/p>\n\n\n\n<p><\/p>\n","protected":false},"excerpt":{"rendered":"<p>Intendente Alvear se prepara para recibir la 56\u00b0 edici\u00f3n de su ic\u00f3nico Festival Nacional de Doma y Folklore, un evento<\/p>\n","protected":false},"author":1,"featured_media":15383,"comment_status":"open","ping_status":"open","sticky":false,"template":"","format":"standard","meta":{"colormag_page_container_layout":"default_layout","colormag_page_sidebar_layout":"default_layout","footnotes":""},"categories":[3,6,8],"tags":[],"class_list":["post-15382","post","type-post","status-publish","format-standard","has-post-thumbnail","hentry","category-entretenimiento","category-locales","category-ultimas-noticias"],"_links":{"self":[{"href":"https:\/\/notipampa.com\/index.php?rest_route=\/wp\/v2\/posts\/15382","targetHints":{"allow":["GET"]}}],"collection":[{"href":"https:\/\/notipampa.com\/index.php?rest_route=\/wp\/v2\/posts"}],"about":[{"href":"https:\/\/notipampa.com\/index.php?rest_route=\/wp\/v2\/types\/post"}],"author":[{"embeddable":true,"href":"https:\/\/notipampa.com\/index.php?rest_route=\/wp\/v2\/users\/1"}],"replies":[{"embeddable":true,"href":"https:\/\/notipampa.com\/index.php?rest_route=%2Fwp%2Fv2%2Fcomments&post=15382"}],"version-history":[{"count":1,"href":"https:\/\/notipampa.com\/index.php?rest_route=\/wp\/v2\/posts\/15382\/revisions"}],"predecessor-version":[{"id":15384,"href":"https:\/\/notipampa.com\/index.php?rest_route=\/wp\/v2\/posts\/15382\/revisions\/15384"}],"wp:featuredmedia":[{"embeddable":true,"href":"https:\/\/notipampa.com\/index.php?rest_route=\/wp\/v2\/media\/15383"}],"wp:attachment":[{"href":"https:\/\/notipampa.com\/index.php?rest_route=%2Fwp%2Fv2%2Fmedia&parent=15382"}],"wp:term":[{"taxonomy":"category","embeddable":true,"href":"https:\/\/notipampa.com\/index.php?rest_route=%2Fwp%2Fv2%2Fcategories&post=15382"},{"taxonomy":"post_tag","embeddable":true,"href":"https:\/\/notipampa.com\/index.php?rest_route=%2Fwp%2Fv2%2Ftags&post=15382"}],"curies":[{"name":"wp","href":"https:\/\/api.w.org\/{rel}","templated":true}]}}