{"id":15312,"date":"2025-01-14T08:28:39","date_gmt":"2025-01-14T11:28:39","guid":{"rendered":"https:\/\/notipampa.com\/?p=15312"},"modified":"2025-01-14T08:28:40","modified_gmt":"2025-01-14T11:28:40","slug":"salud-confirmo-un-caso-de-dengue-en-general-pico","status":"publish","type":"post","link":"https:\/\/notipampa.com\/?p=15312","title":{"rendered":"Salud confirm\u00f3 un caso de dengue en General Pico"},"content":{"rendered":"\n<p><strong>El Ministerio de Salud de La Pampa, a trav\u00e9s de la Direcci\u00f3n de Epidemiolog\u00eda, confirm\u00f3 un caso de dengue en la localidad de General Pico. Se realizan las investigaciones pertinentes del caso para determinar la procedencia del mismo y organizando las acciones para el control de foco en la ciudad.<\/strong><\/p>\n\n\n\n<p>Debido a esta situaci\u00f3n, desde el organismo se recomend\u00f3 a la comunidad que, frente a la presencia de s\u00edntomas como fiebre, dolor muscular, de cabeza, detr\u00e1s de los ojos, sarpullido en la piel, sangrados leves, v\u00f3mitos persistentes consultar a su m\u00e9dica o m\u00e9dico de cabecera.<br>Tambi\u00e9n se resalt\u00f3 la importancia de no automedicarse, mantenerse bien hidratado y utilizar repelente.<\/p>\n\n\n\n<p><strong>Recomendaciones<\/strong><br>Es de suma importancia que se disminuyan los posibles criaderos del mosquito, para ello se debe:<br>* Descartar latas, neum\u00e1ticos viejos y cualquier objeto en desuso capaz de acumular agua.<br>* Cuidar y desmalezar los jardines y patios<br>* Colocar mosquiteros en ventanas.<br>* Cambiar asiduamente el agua de los bebederos de animales.<br>* Dejar boca abajo recipientes en uso como baldes, frascos, etc<br>* Tapar los tanques de agua.<br>* Utilizar arena h\u00fameda en lugar de agua en floreros, jarrones y recipientes de plantas acu\u00e1ticas.<br>* Limpiar canaletas de desag\u00fces obstruidos.<br>* Conservar limpios los alrededores de las viviendas.<\/p>\n\n\n\n<p>Se record\u00f3 que el mosquito vector es domiciliario y que es fundamental evitar los criaderos del mismo ya que se desarrollan principalmente en recipientes artificiales que contienen agua.<\/p>\n","protected":false},"excerpt":{"rendered":"<p>El Ministerio de Salud de La Pampa, a trav\u00e9s de la Direcci\u00f3n de Epidemiolog\u00eda, confirm\u00f3 un caso de dengue en<\/p>\n","protected":false},"author":1,"featured_media":15313,"comment_status":"open","ping_status":"open","sticky":false,"template":"","format":"standard","meta":{"colormag_page_container_layout":"default_layout","colormag_page_sidebar_layout":"default_layout","footnotes":""},"categories":[4,53,8],"tags":[],"class_list":["post-15312","post","type-post","status-publish","format-standard","has-post-thumbnail","hentry","category-provincia","category-salud","category-ultimas-noticias"],"_links":{"self":[{"href":"https:\/\/notipampa.com\/index.php?rest_route=\/wp\/v2\/posts\/15312","targetHints":{"allow":["GET"]}}],"collection":[{"href":"https:\/\/notipampa.com\/index.php?rest_route=\/wp\/v2\/posts"}],"about":[{"href":"https:\/\/notipampa.com\/index.php?rest_route=\/wp\/v2\/types\/post"}],"author":[{"embeddable":true,"href":"https:\/\/notipampa.com\/index.php?rest_route=\/wp\/v2\/users\/1"}],"replies":[{"embeddable":true,"href":"https:\/\/notipampa.com\/index.php?rest_route=%2Fwp%2Fv2%2Fcomments&post=15312"}],"version-history":[{"count":1,"href":"https:\/\/notipampa.com\/index.php?rest_route=\/wp\/v2\/posts\/15312\/revisions"}],"predecessor-version":[{"id":15314,"href":"https:\/\/notipampa.com\/index.php?rest_route=\/wp\/v2\/posts\/15312\/revisions\/15314"}],"wp:featuredmedia":[{"embeddable":true,"href":"https:\/\/notipampa.com\/index.php?rest_route=\/wp\/v2\/media\/15313"}],"wp:attachment":[{"href":"https:\/\/notipampa.com\/index.php?rest_route=%2Fwp%2Fv2%2Fmedia&parent=15312"}],"wp:term":[{"taxonomy":"category","embeddable":true,"href":"https:\/\/notipampa.com\/index.php?rest_route=%2Fwp%2Fv2%2Fcategories&post=15312"},{"taxonomy":"post_tag","embeddable":true,"href":"https:\/\/notipampa.com\/index.php?rest_route=%2Fwp%2Fv2%2Ftags&post=15312"}],"curies":[{"name":"wp","href":"https:\/\/api.w.org\/{rel}","templated":true}]}}