{"id":15309,"date":"2025-01-13T08:26:19","date_gmt":"2025-01-13T11:26:19","guid":{"rendered":"https:\/\/notipampa.com\/?p=15309"},"modified":"2025-01-13T08:26:20","modified_gmt":"2025-01-13T11:26:20","slug":"ola-de-calor-al-menos-14-provincias-bajo-alerta-de-altas-temperaturas","status":"publish","type":"post","link":"https:\/\/notipampa.com\/?p=15309","title":{"rendered":"OLA DE CALOR: Al menos 14 provincias bajo alerta de altas temperaturas"},"content":{"rendered":"\n<p><strong>El Servicio Meteorol\u00f3gico Nacional emiti\u00f3 una alerta para el comienzo de la semana por temperaturas que ser\u00e1n superiores a los 35\u00b0 C. La Pampa no ser\u00e1 la excepci\u00f3n<\/strong><\/p>\n\n\n\n<p>En las \u00faltimas horas, el&nbsp;<strong>Servicio Meteorol\u00f3gico Nacional (SMN)&nbsp;<\/strong>emiti\u00f3 una alerta amarilla para al menos 14 provincias de la regi\u00f3n norte y centro del pa\u00eds, incluida el \u00c1rea Metropolitana de Buenos Aires, debidoa la primera gran ola de calor del a\u00f1o, con temperaturas que no bajar\u00e1n de los 30 grados. Tambi\u00e9n rigen advertencias por posibles tormentas que se sentir\u00e1n en la zona de cuyo y centro, que se dar\u00e1n al comienzo de la semana.<\/p>\n\n\n\n<p>Bajo este panorama se encuentran las provincias de Formosa, norte de Chaco, oeste de Salta y algunas ciudades del norte de Misiones, donde la temperatura m\u00e1xima estar\u00e1 en 36\u00b0.<\/p>\n\n\n\n<p>Adem\u00e1s, las altas temperaturas se extender\u00e1n hacia las localidades del sur de Entre R\u00edos; todo Corrientes, Santa Fe, C\u00f3rdoba y San Luis; sur de Santiago del Estero y de La Rioja; Neuqu\u00e9n, La Pampa y Buenos Aires, con valores que variar\u00e1n seg\u00fan la regi\u00f3n, entre los 32 y los 34 grados.<\/p>\n\n\n\n<p>Los efectos de la alerta amarilla pueden ser peligrosos y afectar sobre todo a grupos de riesgo, como ni\u00f1os y ni\u00f1as, personas mayores de 65 a\u00f1os, con enfermedades cr\u00f3nicas.<\/p>\n\n\n\n<p>En casi toda la superficie de\u00a0<strong>La Pampa<\/strong>\u00a0el clima estar\u00e1 entre los 20\u00b0 y los 39\u00b0, con un cielo algo nublado. As\u00ed mismo, la situaci\u00f3n en\u00a0<strong>San Luis\u00a0<\/strong>ser\u00e1 muy similar \u2014la temperatura bajar\u00e1 apenas unos grados y el mercurio se posicionar\u00e1 en 36\u00b0, con una m\u00ednima de 26\u2014 donde permanecer\u00e1 parcialmente nublado.<\/p>\n\n\n\n<p>Si bien gran parte del territorio bonaerense se ver\u00e1 afectado por el calor, el cual se sinti\u00f3 durante todo el fin de semana, la zona costera mantendr\u00e1 temperaturas altas pero no sofocantes. El SMN indic\u00f3 que la t\u00e9rmica se mover\u00e1 entre 22 y 29\u00b0, en&nbsp;<strong>Miramar, Mar del Plata, Villa Gesell, Pinamar, San Bernardo, Santa Teresita y San Clemente<\/strong>. En tanto,&nbsp;<strong>Necochea<\/strong>&nbsp;alcanzar\u00e1 los 30\u00b0.<\/p>\n\n\n\n<p>En el caso de&nbsp;<strong>C\u00f3rdoba<\/strong>, otro de los puntos elegidos por los turistas para veranear, los valores estar\u00e1n entre los 36 y 37 grados, en ciudades como<strong>&nbsp;Jes\u00fas Mar\u00eda, Cosqu\u00edn, Alta Gracia y R\u00edo Cuarto<\/strong>. Al igual que en la parte sur de&nbsp;<strong>Santa Fe<\/strong>, en donde la temperatura no bajar\u00e1 de los 35\u00b0 y afectar\u00e1 principalmente a las ciudades de<strong>&nbsp;Rosario, Casilda, San Lorenzo, Rafaela y Melincu\u00e9.<\/strong><img fetchpriority=\"high\" decoding=\"async\" alt=\"Alerta amarilla por calor extremo\" height=\"800\" src=\"https:\/\/www.infobae.com\/resizer\/v2\/RLUV6YBOHNDPXAMS2PLYOLYEEM.png?auth=c256b162a43decbddfd75edab5d39378bd3c90f4d835ce3f269072aeb218740e&amp;smart=true&amp;width=350&amp;height=622&amp;quality=85\" width=\"356\">Alerta amarilla por calor extremo en al menos 14 provincias (Foto: SMN)<\/p>\n\n\n\n<p>Al sureste de&nbsp;<strong>Santiago del Estero<\/strong>, el organismo clim\u00e1tico nacional alert\u00f3 que se aguardan temperaturas altamente extremas entre el martes y el jueves, con una m\u00e1xima que estar\u00e1 entre los 40\u00b0 y los 41\u00b0 y una m\u00ednima entre los 25\u00b0 y los 28\u00b0. En&nbsp;<strong>Santa Fe&nbsp;<\/strong>y&nbsp;<strong>Corrientes<\/strong>, la m\u00e1xima de 39\u00b0 llegar\u00e1 el jueves, con cielos que ir\u00e1n de parcialmente a algo nublado; y con tormentas aisladas el viernes.<img decoding=\"async\" alt=\"Alerta amarilla por tormentas (Foto:\" height=\"800\" src=\"https:\/\/www.infobae.com\/resizer\/v2\/J77H65PIIBHCXKRNVWISGVKU5U.png?auth=01afa8ea747df8b1f066119177a1470c9754db4172dd958af80c59f18b142b16&amp;smart=true&amp;width=350&amp;height=622&amp;quality=85\" width=\"356\">Alerta amarilla por tormentas (Foto: SMN)<\/p>\n\n\n\n<p>De camino hacia la regi\u00f3n cuyana, el clima estar\u00e1 marcado por la llegada de tormentas, acompa\u00f1ado por una m\u00e1xima de 32\u00b0. El organismo se\u00f1ala bajo alerta amarilla a La Rioja, en donde las primeras gotas se sentir\u00e1n durante la madrugada, Catamarca, con 50 por ciento de probabilidades de lluvia en la ma\u00f1ana, Tucum\u00e1n, con tormentas que se presentar\u00e1n en la tarde.<\/p>\n\n\n\n<p>En lo que respecta al sur de Buenos Aires \u2014Coronel Su\u00e1rez, Torquist, Pu\u00e1n, Pug\u00fc\u00e9, Coronel Pringles y Carmen de Patagones\u2014, La Pampa \u2014en Bernasconi y Puelches\u2014, y el oste de R\u00edo Negro \u2014Choele Choel, General Conesa y Viedma\u2014, la alerta apunta a la llegada de r\u00e1fagas de viento que pueden superar los 70 km\/h.<strong><br><\/strong><\/p>\n","protected":false},"excerpt":{"rendered":"<p>El Servicio Meteorol\u00f3gico Nacional emiti\u00f3 una alerta para el comienzo de la semana por temperaturas que ser\u00e1n superiores a los<\/p>\n","protected":false},"author":1,"featured_media":15310,"comment_status":"open","ping_status":"open","sticky":false,"template":"","format":"standard","meta":{"colormag_page_container_layout":"default_layout","colormag_page_sidebar_layout":"default_layout","footnotes":""},"categories":[5,8],"tags":[],"class_list":["post-15309","post","type-post","status-publish","format-standard","has-post-thumbnail","hentry","category-nacionales","category-ultimas-noticias"],"_links":{"self":[{"href":"https:\/\/notipampa.com\/index.php?rest_route=\/wp\/v2\/posts\/15309","targetHints":{"allow":["GET"]}}],"collection":[{"href":"https:\/\/notipampa.com\/index.php?rest_route=\/wp\/v2\/posts"}],"about":[{"href":"https:\/\/notipampa.com\/index.php?rest_route=\/wp\/v2\/types\/post"}],"author":[{"embeddable":true,"href":"https:\/\/notipampa.com\/index.php?rest_route=\/wp\/v2\/users\/1"}],"replies":[{"embeddable":true,"href":"https:\/\/notipampa.com\/index.php?rest_route=%2Fwp%2Fv2%2Fcomments&post=15309"}],"version-history":[{"count":1,"href":"https:\/\/notipampa.com\/index.php?rest_route=\/wp\/v2\/posts\/15309\/revisions"}],"predecessor-version":[{"id":15311,"href":"https:\/\/notipampa.com\/index.php?rest_route=\/wp\/v2\/posts\/15309\/revisions\/15311"}],"wp:featuredmedia":[{"embeddable":true,"href":"https:\/\/notipampa.com\/index.php?rest_route=\/wp\/v2\/media\/15310"}],"wp:attachment":[{"href":"https:\/\/notipampa.com\/index.php?rest_route=%2Fwp%2Fv2%2Fmedia&parent=15309"}],"wp:term":[{"taxonomy":"category","embeddable":true,"href":"https:\/\/notipampa.com\/index.php?rest_route=%2Fwp%2Fv2%2Fcategories&post=15309"},{"taxonomy":"post_tag","embeddable":true,"href":"https:\/\/notipampa.com\/index.php?rest_route=%2Fwp%2Fv2%2Ftags&post=15309"}],"curies":[{"name":"wp","href":"https:\/\/api.w.org\/{rel}","templated":true}]}}