{"id":15227,"date":"2024-12-30T10:38:47","date_gmt":"2024-12-30T13:38:47","guid":{"rendered":"https:\/\/notipampa.com\/?p=15227"},"modified":"2024-12-30T10:38:48","modified_gmt":"2024-12-30T13:38:48","slug":"vuelco-en-la-ruta-188-familia-de-general-pico-involucrada","status":"publish","type":"post","link":"https:\/\/notipampa.com\/?p=15227","title":{"rendered":"Vuelco en la ruta 188: familia de General Pico involucrada"},"content":{"rendered":"\n<p>Un siniestro vial se registr\u00f3 esta madrugada, alrededor de las 6:35, en el kil\u00f3metro 460 de la Ruta Nacional 188, cuando un llamado an\u00f3nimo alert\u00f3 al 101 sobre un despiste y vuelco vehicular. En el lugar, personal policial de Adolfo Van Praet y de la unidad local constat\u00f3 que un Chevrolet Corsa gris, hab\u00eda quedado volcado sobre el lateral del acompa\u00f1ante en la banquina norte.<\/p>\n\n\n\n<h3 class=\"wp-block-heading\">Detalles del incidente<\/h3>\n\n\n\n<p>De acuerdo a la informaci\u00f3n del comisario inspector, Carrizo Ball\u00e1n, el veh\u00edculo, que transitaba de este a oeste conducido por una mujer, sufri\u00f3 un despiste tras \u201cmorder la banquina\u201d, lo que deriv\u00f3 en la p\u00e9rdida del control y el posterior vuelco. A bordo del rodado viajaban un matrimonio y dos menores de 8 y 9 a\u00f1os, quienes afortunadamente lograron salir por sus propios medios antes de la llegada de los servicios de emergencia.<\/p>\n\n\n\n<h3 class=\"wp-block-heading\">Asistencia m\u00e9dica<\/h3>\n\n\n\n<p>De manera inmediata, personal del nosocomio local a cargo del Dr. Deambrosio traslad\u00f3 a todos los ocupantes al hospital de Realic\u00f3 para evaluar su estado de salud. Seg\u00fan las primeras informaciones, se encuentran estables, aunque presentan algunas lesiones menores que est\u00e1n siendo evaluadas para determinar su gravedad.<\/p>\n\n\n\n<h3 class=\"wp-block-heading\">Intervenci\u00f3n judicial<\/h3>\n\n\n\n<p>El veh\u00edculo fue secuestrado para realizar las pericias correspondientes. La Fiscal\u00eda de Personas a cargo del Dr. Juan Pellegrino interviene en la causa, que se inici\u00f3 de oficio bajo la car\u00e1tula de \u201cLesiones en accidente de tr\u00e1nsito\u201d.<\/p>\n\n\n\n<figure class=\"wp-block-image\"><img decoding=\"async\" src=\"https:\/\/www.infopico.com\/wp-content\/uploads\/2024\/12\/b3f2a362-d847-4649-90f9-f8c1e6560f24.jpg\" alt=\"\" class=\"wp-image-311263\"\/><\/figure>\n\n\n\n<p>Infopico<\/p>\n","protected":false},"excerpt":{"rendered":"<p>Un siniestro vial se registr\u00f3 esta madrugada, alrededor de las 6:35, en el kil\u00f3metro 460 de la Ruta Nacional 188,<\/p>\n","protected":false},"author":1,"featured_media":15228,"comment_status":"open","ping_status":"open","sticky":false,"template":"","format":"standard","meta":{"colormag_page_container_layout":"default_layout","colormag_page_sidebar_layout":"default_layout","footnotes":""},"categories":[56,4,8],"tags":[],"class_list":["post-15227","post","type-post","status-publish","format-standard","has-post-thumbnail","hentry","category-policiales","category-provincia","category-ultimas-noticias"],"_links":{"self":[{"href":"https:\/\/notipampa.com\/index.php?rest_route=\/wp\/v2\/posts\/15227","targetHints":{"allow":["GET"]}}],"collection":[{"href":"https:\/\/notipampa.com\/index.php?rest_route=\/wp\/v2\/posts"}],"about":[{"href":"https:\/\/notipampa.com\/index.php?rest_route=\/wp\/v2\/types\/post"}],"author":[{"embeddable":true,"href":"https:\/\/notipampa.com\/index.php?rest_route=\/wp\/v2\/users\/1"}],"replies":[{"embeddable":true,"href":"https:\/\/notipampa.com\/index.php?rest_route=%2Fwp%2Fv2%2Fcomments&post=15227"}],"version-history":[{"count":1,"href":"https:\/\/notipampa.com\/index.php?rest_route=\/wp\/v2\/posts\/15227\/revisions"}],"predecessor-version":[{"id":15229,"href":"https:\/\/notipampa.com\/index.php?rest_route=\/wp\/v2\/posts\/15227\/revisions\/15229"}],"wp:featuredmedia":[{"embeddable":true,"href":"https:\/\/notipampa.com\/index.php?rest_route=\/wp\/v2\/media\/15228"}],"wp:attachment":[{"href":"https:\/\/notipampa.com\/index.php?rest_route=%2Fwp%2Fv2%2Fmedia&parent=15227"}],"wp:term":[{"taxonomy":"category","embeddable":true,"href":"https:\/\/notipampa.com\/index.php?rest_route=%2Fwp%2Fv2%2Fcategories&post=15227"},{"taxonomy":"post_tag","embeddable":true,"href":"https:\/\/notipampa.com\/index.php?rest_route=%2Fwp%2Fv2%2Ftags&post=15227"}],"curies":[{"name":"wp","href":"https:\/\/api.w.org\/{rel}","templated":true}]}}