{"id":15195,"date":"2024-12-24T10:19:05","date_gmt":"2024-12-24T13:19:05","guid":{"rendered":"https:\/\/notipampa.com\/?p=15195"},"modified":"2024-12-24T10:19:06","modified_gmt":"2024-12-24T13:19:06","slug":"recuperaron-en-alvear-una-moto-robada-en-general-pico","status":"publish","type":"post","link":"https:\/\/notipampa.com\/?p=15195","title":{"rendered":"Recuperaron en Alvear una moto robada en General Pico"},"content":{"rendered":"\n<p><strong>La polic\u00eda de Intendente Alvear recuper\u00f3 una motocicleta Honda Tit\u00e1n que hab\u00eda sido sustra\u00edda en febrero pasado en General Pico. El veh\u00edculo fue identificado gracias a la denuncia de un familiar de la v\u00edctima, quien lo encontr\u00f3 a la venta en un sitio de Facebook.<\/strong><\/p>\n\n\n\n<p>El familiar detect\u00f3 la moto en el Market Place de la red social y, sospechando que se trataba de la unidad robada, contact\u00f3 al vendedor. Tras avanzar en una supuesta negociaci\u00f3n comercial, acordaron encontrarse en General Pico. Durante el encuentro, el denunciante reconoci\u00f3 la moto y confront\u00f3 al vendedor, quien neg\u00f3 las acusaciones alegando haberla comprado de buena fe, pero se retir\u00f3 del lugar.<\/p>\n\n\n\n<p>El subcomisario Cristian Castro, recientemente designado al frente de la comisar\u00eda de Alvear, explic\u00f3 que, tras la denuncia formal, la polic\u00eda cit\u00f3 al tenedor de la moto. Este sostuvo que hab\u00eda adquirido el veh\u00edculo sin conocer su procedencia il\u00edcita y a un precio muy bajo. Finalmente, entreg\u00f3 el rodado de forma voluntaria.<\/p>\n\n\n\n<p>La causa, caratulada como \u201cHurto Calificado\u201d, est\u00e1 bajo la intervenci\u00f3n del fiscal Dami\u00e1n Campos. La motocicleta ya fue devuelta a su leg\u00edtima propietaria, quien agradeci\u00f3 la r\u00e1pida acci\u00f3n de las autoridades.<\/p>\n","protected":false},"excerpt":{"rendered":"<p>La polic\u00eda de Intendente Alvear recuper\u00f3 una motocicleta Honda Tit\u00e1n que hab\u00eda sido sustra\u00edda en febrero pasado en General Pico.<\/p>\n","protected":false},"author":1,"featured_media":15196,"comment_status":"open","ping_status":"open","sticky":false,"template":"","format":"standard","meta":{"colormag_page_container_layout":"default_layout","colormag_page_sidebar_layout":"default_layout","footnotes":""},"categories":[6,56,8],"tags":[],"class_list":["post-15195","post","type-post","status-publish","format-standard","has-post-thumbnail","hentry","category-locales","category-policiales","category-ultimas-noticias"],"_links":{"self":[{"href":"https:\/\/notipampa.com\/index.php?rest_route=\/wp\/v2\/posts\/15195","targetHints":{"allow":["GET"]}}],"collection":[{"href":"https:\/\/notipampa.com\/index.php?rest_route=\/wp\/v2\/posts"}],"about":[{"href":"https:\/\/notipampa.com\/index.php?rest_route=\/wp\/v2\/types\/post"}],"author":[{"embeddable":true,"href":"https:\/\/notipampa.com\/index.php?rest_route=\/wp\/v2\/users\/1"}],"replies":[{"embeddable":true,"href":"https:\/\/notipampa.com\/index.php?rest_route=%2Fwp%2Fv2%2Fcomments&post=15195"}],"version-history":[{"count":1,"href":"https:\/\/notipampa.com\/index.php?rest_route=\/wp\/v2\/posts\/15195\/revisions"}],"predecessor-version":[{"id":15197,"href":"https:\/\/notipampa.com\/index.php?rest_route=\/wp\/v2\/posts\/15195\/revisions\/15197"}],"wp:featuredmedia":[{"embeddable":true,"href":"https:\/\/notipampa.com\/index.php?rest_route=\/wp\/v2\/media\/15196"}],"wp:attachment":[{"href":"https:\/\/notipampa.com\/index.php?rest_route=%2Fwp%2Fv2%2Fmedia&parent=15195"}],"wp:term":[{"taxonomy":"category","embeddable":true,"href":"https:\/\/notipampa.com\/index.php?rest_route=%2Fwp%2Fv2%2Fcategories&post=15195"},{"taxonomy":"post_tag","embeddable":true,"href":"https:\/\/notipampa.com\/index.php?rest_route=%2Fwp%2Fv2%2Ftags&post=15195"}],"curies":[{"name":"wp","href":"https:\/\/api.w.org\/{rel}","templated":true}]}}