{"id":15069,"date":"2024-12-04T09:15:10","date_gmt":"2024-12-04T12:15:10","guid":{"rendered":"https:\/\/notipampa.com\/?p=15069"},"modified":"2024-12-04T09:15:11","modified_gmt":"2024-12-04T12:15:11","slug":"alvear-muestra-anual-de-talleres-municipales-y-entrega-de-certificados","status":"publish","type":"post","link":"https:\/\/notipampa.com\/?p=15069","title":{"rendered":"Alvear: Muestra anual de talleres municipales y entrega de certificados"},"content":{"rendered":"\n<p><strong>En el marco del 128\u00aa aniversario de la localidad, la Direcci\u00f3n de Cultura y Turismo a cargo de Yamila Bertolotti, realiz\u00f3 la muestra anual de los talleres municipales con la presencia de autoridades municipales, gran cantidad de p\u00fablico y talleristas.<\/strong><\/p>\n\n\n\n<p><strong><br><\/strong>Las actividades comenzaron en el Centro Cultural la Vieja Usina el jueves pasado por la tarde, con la muestra de objetos y piezas de los talleres de Arte para ni\u00f1os y adultos, taller de Costura, taller de Tejido a Dos Agujas, taller de Crochet, Taller de apoyo escolar y la presentaci\u00f3n del Coro Canto a la Vida, dirigido por Mariana S\u00e1nchez. Cabe destacar que el coro, conformado en su mayor\u00eda por mujeres adultas mayores, ya lleva m\u00e1s de 20 a\u00f1os de trayectoria y en su presentaci\u00f3n la directora anunci\u00f3 su retiro \u201cdif\u00edcil, despu\u00e9s de toda una vida en este hermoso cuerpo coral\u201d afirm\u00f3.<\/p>\n\n\n\n<figure class=\"wp-block-image size-large\"><img fetchpriority=\"high\" decoding=\"async\" width=\"1024\" height=\"576\" src=\"https:\/\/notipampa.com\/wp-content\/uploads\/2024\/12\/20241128_203046-1024x576.jpg\" alt=\"\" class=\"wp-image-15070\" srcset=\"https:\/\/notipampa.com\/wp-content\/uploads\/2024\/12\/20241128_203046-1024x576.jpg 1024w, https:\/\/notipampa.com\/wp-content\/uploads\/2024\/12\/20241128_203046-300x169.jpg 300w, https:\/\/notipampa.com\/wp-content\/uploads\/2024\/12\/20241128_203046-768x432.jpg 768w, https:\/\/notipampa.com\/wp-content\/uploads\/2024\/12\/20241128_203046-1536x864.jpg 1536w, https:\/\/notipampa.com\/wp-content\/uploads\/2024\/12\/20241128_203046-2048x1153.jpg 2048w\" sizes=\"(max-width: 1024px) 100vw, 1024px\" \/><\/figure>\n\n\n\n<p><br>El Taller de Costura, a cargo de Irma Molina fue un espacio para aprender y perfeccionar t\u00e9cnicas de confecci\u00f3n, reparaci\u00f3n y dise\u00f1o. Desde manejar la m\u00e1quina de coser hasta dar nueva vida a prendas, los alumnos han desarrollado habilidades pr\u00e1cticas que aportan a su d\u00eda a d\u00eda. Quienes recibieron su certificado son Viviana Mensi, Gabriela Majul, Marta Rosiere, Mirta Mensi, Mar\u00eda Casas, Cintia Moyano, Roc\u00edo Molina, Tatiana Quaglia, Edith Ravagnan y Mar\u00eda del Carmen Cabrera.<\/p>\n\n\n\n<p><br><strong>Taller de Arte para Ni\u00f1os<br><\/strong>En un a\u00f1o lleno de creatividad y exploraci\u00f3n donde los ni\u00f1os y ni\u00f1as aprendieron a transformar ideas en realidad. Con t\u00e9cnicas variadas, desde dibujo y pintura hasta esculturas y artesan\u00edas, este espacio foment\u00f3 la imaginaci\u00f3n y el trabajo en equipo. Tallerista: Noelia Ag\u00fbero. Asistieron al taller: Paz Rodr\u00edguez, Rosario Rodr\u00edguez, Lautaro Petisco, Antonia G\u00f3mez, Roma Quiroga, Pia Bord\u00f3n, Sof\u00eda Ali Tas, Salvador Chichizola, Benjam\u00edn Guti\u00e9rrez, Thiano Muhs, Luciana Velcott, Mart\u00edn Adri\u00e1n Gauthier, Irene Rossi, Delfina S\u00e1nchez, Maite Olivera, Tom\u00e1s Coence, \u00c1ngeles Rodr\u00edguez, Nayeli Ibarra, Abigail S\u00e1nchez, Benjam\u00edn Buquichio, Zoe S\u00e1nchez.<\/p>\n\n\n\n<p><br><strong>Taller de Arte para Adultos<br><\/strong>Los participantes trabajaron t\u00e9cnicas de pintura como matizados, aguados, decapados y decoupage, experimentando adem\u00e1s con texturas y relieves. Cada obra refleja un proceso de aprendizaje y expresi\u00f3n, desde lo figurativo hasta lo abstracto. Tallerista: Ana Bel\u00e9n Quiroga. Recibieron su certificado M\u00f3nica Ruiz, Mar\u00eda Casas, Silvia Susana Lafuente, M\u00f3nica \u00c1lvarez, Mariana \u00c1lvarez, Viviana Mensi, Macarena Urbe, Isabel Escobar, Florencia Magal\u00ed Posdeley, Patricia Morales, Susana Celeste Ortiz.<\/p>\n\n\n\n<p><br><strong>Taller de Apoyo Escolar<br><\/strong>Este espacio de aprendizaje es un lugar donde se contuvo a los alumnos y a las familias, demostrando que todos son importantes y por ello merecen nuestra debida atenci\u00f3n. Les agradecemos a las madres, padres, abuelos y hermanos por asumir el compromiso. Tallerista: Paula Mu\u00f1oz; recibieron su certificado: Albornoz, Eytha; Arg\u00f9ello Emiliana; Carrizo Benjam\u00edn; Casales Umma; Estrada M\u00eda; Guajardo Marlen; P\u00e9rez Candelaria; Quiroga Ar\u00e9valo Benicio; Quiroga Omaira.\u00a0<\/p>\n\n\n\n<p><br><strong>Taller de Crochet<br><\/strong>Cada puntada reflej\u00f3 esfuerzo y creatividad; tallerista: Micaela Olivera. recibieron su certificado: Marta Rosiere, Susana Rog\u00e9, Viviana Dur\u00e1n, M\u00f3nica \u00c1lvarez, Patricia Georgi, Patricia Morales, Zulma Cabanillas, Nilda Elorriaga, Valeria R\u00edos y Maria Casas.<\/p>\n\n\n\n<p><br><strong>Taller de Tejido a dos agujas<br><\/strong>Este taller comenz\u00f3 con t\u00e9cnicas b\u00e1sicas, hasta lograr la confecci\u00f3n de piezas y de indumentaria para grandes y chicos. Tallerista: M\u00f3nica Sub\u00edas. \u00a0Recibieron su certificado Graciela Gonz\u00e1lez, Graciela Mart\u00ednez, Maria Jos\u00e9 Araya, Cristina Cruz, Anal\u00eda Sub\u00edas, Alicia Yas\u00edn, Carolina Zapata y Marisa Barreto.<\/p>\n\n\n\n<p><br><strong>Taller de Arte en Alambre<br><\/strong>Este a\u00f1o se sum\u00f3 la propuesta de Juan Rubi\u00f1os para llevar adelante el taller, donde se confeccionaron diferentes piezas de todo tipo: accesorios, peque\u00f1os objetos, cestos, decoraci\u00f3n, etc. Tambi\u00e9n tuvieron a su cargo la ornamentaci\u00f3n para eventos municipales. Recibieron su certificado; Sonia Nieto, Sonia Mariel Acu\u00f1a, Laurentina Collado, Herminda Mart\u00ednez, Natalia Pueyo, Paola Cunha Duarte, Alicia Bertello, Silvia Carina Borda, Maria Albornoz, Laura G\u00f3mez y Marisa Barrreto.<\/p>\n\n\n\n<p><strong>Presentaci\u00f3n en Plaza San Lorenzo<br><\/strong>Para cerrar la muestra anual, se realiz\u00f3 una presentaci\u00f3n en el anfiteatro de Plaza San Lorenzo, con todos los talleres de baile, danza y la actuaci\u00f3n de la Banda Municipal. En primer lugar se hizo presente el Cuerpo de Bastoneras, dirigidos por Taty Pernice, quien mostr\u00f3 su destreza y creatividad en la coreograf\u00edas aportando siempre alegr\u00eda y color. Por su parte, la Banda Municipal Maestro R.Vidale, dirigida por Diego Nieto, acompa\u00f1\u00f3 la presentaci\u00f3n de las bastoneras y continu\u00f3 con un sorprendente concierto donde ejecutaron temas musicales de diversos g\u00e9neros; cabe destacar que la banda municipal est\u00e1 pr\u00f3xima a cumplir 40 a\u00f1os de trayectoria ininterrumpida siendo un espacio de formaci\u00f3n permanente de m\u00fasicos desde temprana edad.\u00a0<br>Al momento del baile y la danza, se presentaron sobre el escenario el Taller de Danzas Folckl\u00f3ricas Huella Pampa, dirigido por la profesora Paula Molina y la participaci\u00f3n del Taller de Zumba para adultos, que coordina Taty Pernice.\u00a0<\/p>\n\n\n\n<figure class=\"wp-block-gallery has-nested-images columns-default is-cropped wp-block-gallery-1 is-layout-flex wp-block-gallery-is-layout-flex\">\n<figure class=\"wp-block-image size-large\"><img decoding=\"async\" width=\"1024\" height=\"576\" data-id=\"15071\" src=\"https:\/\/notipampa.com\/wp-content\/uploads\/2024\/12\/20241128_200125-1024x576.jpg\" alt=\"\" class=\"wp-image-15071\" srcset=\"https:\/\/notipampa.com\/wp-content\/uploads\/2024\/12\/20241128_200125-1024x576.jpg 1024w, https:\/\/notipampa.com\/wp-content\/uploads\/2024\/12\/20241128_200125-300x169.jpg 300w, https:\/\/notipampa.com\/wp-content\/uploads\/2024\/12\/20241128_200125-768x432.jpg 768w, https:\/\/notipampa.com\/wp-content\/uploads\/2024\/12\/20241128_200125-1536x864.jpg 1536w, https:\/\/notipampa.com\/wp-content\/uploads\/2024\/12\/20241128_200125-2048x1153.jpg 2048w\" sizes=\"(max-width: 1024px) 100vw, 1024px\" \/><\/figure>\n\n\n\n<figure class=\"wp-block-image size-large\"><img decoding=\"async\" width=\"1024\" height=\"576\" data-id=\"15074\" src=\"https:\/\/notipampa.com\/wp-content\/uploads\/2024\/12\/20241128_203046-1-1024x576.jpg\" alt=\"\" class=\"wp-image-15074\" srcset=\"https:\/\/notipampa.com\/wp-content\/uploads\/2024\/12\/20241128_203046-1-1024x576.jpg 1024w, https:\/\/notipampa.com\/wp-content\/uploads\/2024\/12\/20241128_203046-1-300x169.jpg 300w, https:\/\/notipampa.com\/wp-content\/uploads\/2024\/12\/20241128_203046-1-768x432.jpg 768w, https:\/\/notipampa.com\/wp-content\/uploads\/2024\/12\/20241128_203046-1-1536x864.jpg 1536w, https:\/\/notipampa.com\/wp-content\/uploads\/2024\/12\/20241128_203046-1-2048x1153.jpg 2048w\" sizes=\"(max-width: 1024px) 100vw, 1024px\" \/><\/figure>\n\n\n\n<figure class=\"wp-block-image size-large\"><img loading=\"lazy\" decoding=\"async\" width=\"1024\" height=\"576\" data-id=\"15072\" src=\"https:\/\/notipampa.com\/wp-content\/uploads\/2024\/12\/20241129_210520-1024x576.jpg\" alt=\"\" class=\"wp-image-15072\" srcset=\"https:\/\/notipampa.com\/wp-content\/uploads\/2024\/12\/20241129_210520-1024x576.jpg 1024w, https:\/\/notipampa.com\/wp-content\/uploads\/2024\/12\/20241129_210520-300x169.jpg 300w, https:\/\/notipampa.com\/wp-content\/uploads\/2024\/12\/20241129_210520-768x432.jpg 768w, https:\/\/notipampa.com\/wp-content\/uploads\/2024\/12\/20241129_210520-1536x864.jpg 1536w, https:\/\/notipampa.com\/wp-content\/uploads\/2024\/12\/20241129_210520-2048x1153.jpg 2048w\" sizes=\"(max-width: 1024px) 100vw, 1024px\" \/><\/figure>\n\n\n\n<figure class=\"wp-block-image size-large\"><img loading=\"lazy\" decoding=\"async\" width=\"1024\" height=\"576\" data-id=\"15073\" src=\"https:\/\/notipampa.com\/wp-content\/uploads\/2024\/12\/20241129_213727-1024x576.jpg\" alt=\"\" class=\"wp-image-15073\" srcset=\"https:\/\/notipampa.com\/wp-content\/uploads\/2024\/12\/20241129_213727-1024x576.jpg 1024w, https:\/\/notipampa.com\/wp-content\/uploads\/2024\/12\/20241129_213727-300x169.jpg 300w, https:\/\/notipampa.com\/wp-content\/uploads\/2024\/12\/20241129_213727-768x432.jpg 768w, https:\/\/notipampa.com\/wp-content\/uploads\/2024\/12\/20241129_213727-1536x864.jpg 1536w, https:\/\/notipampa.com\/wp-content\/uploads\/2024\/12\/20241129_213727-2048x1153.jpg 2048w\" sizes=\"(max-width: 1024px) 100vw, 1024px\" \/><\/figure>\n<\/figure>\n","protected":false},"excerpt":{"rendered":"<p>En el marco del 128\u00aa aniversario de la localidad, la Direcci\u00f3n de Cultura y Turismo a cargo de Yamila Bertolotti,<\/p>\n","protected":false},"author":1,"featured_media":15075,"comment_status":"open","ping_status":"open","sticky":false,"template":"","format":"standard","meta":{"colormag_page_container_layout":"default_layout","colormag_page_sidebar_layout":"default_layout","footnotes":""},"categories":[3,6,8],"tags":[],"class_list":["post-15069","post","type-post","status-publish","format-standard","has-post-thumbnail","hentry","category-entretenimiento","category-locales","category-ultimas-noticias"],"_links":{"self":[{"href":"https:\/\/notipampa.com\/index.php?rest_route=\/wp\/v2\/posts\/15069","targetHints":{"allow":["GET"]}}],"collection":[{"href":"https:\/\/notipampa.com\/index.php?rest_route=\/wp\/v2\/posts"}],"about":[{"href":"https:\/\/notipampa.com\/index.php?rest_route=\/wp\/v2\/types\/post"}],"author":[{"embeddable":true,"href":"https:\/\/notipampa.com\/index.php?rest_route=\/wp\/v2\/users\/1"}],"replies":[{"embeddable":true,"href":"https:\/\/notipampa.com\/index.php?rest_route=%2Fwp%2Fv2%2Fcomments&post=15069"}],"version-history":[{"count":1,"href":"https:\/\/notipampa.com\/index.php?rest_route=\/wp\/v2\/posts\/15069\/revisions"}],"predecessor-version":[{"id":15076,"href":"https:\/\/notipampa.com\/index.php?rest_route=\/wp\/v2\/posts\/15069\/revisions\/15076"}],"wp:featuredmedia":[{"embeddable":true,"href":"https:\/\/notipampa.com\/index.php?rest_route=\/wp\/v2\/media\/15075"}],"wp:attachment":[{"href":"https:\/\/notipampa.com\/index.php?rest_route=%2Fwp%2Fv2%2Fmedia&parent=15069"}],"wp:term":[{"taxonomy":"category","embeddable":true,"href":"https:\/\/notipampa.com\/index.php?rest_route=%2Fwp%2Fv2%2Fcategories&post=15069"},{"taxonomy":"post_tag","embeddable":true,"href":"https:\/\/notipampa.com\/index.php?rest_route=%2Fwp%2Fv2%2Ftags&post=15069"}],"curies":[{"name":"wp","href":"https:\/\/api.w.org\/{rel}","templated":true}]}}