{"id":14748,"date":"2024-10-15T10:48:30","date_gmt":"2024-10-15T13:48:30","guid":{"rendered":"https:\/\/notipampa.com\/?p=14748"},"modified":"2024-10-15T10:48:31","modified_gmt":"2024-10-15T13:48:31","slug":"javier-milei-la-universidad-va-a-seguir-siendo-publica-y-no-arancelada-eso-no-se-toca","status":"publish","type":"post","link":"https:\/\/notipampa.com\/?p=14748","title":{"rendered":"Javier Milei: \u201cLa universidad va a seguir siendo p\u00fablica y no arancelada, eso no se toca\u201d"},"content":{"rendered":"\n<p><strong>El Presidente aclar\u00f3 los alcances de sus declaraciones del s\u00e1bado pasado, que generaron nuevas protestas y tomas en las universidades nacionales de todo el pa\u00eds. No obstante, dijo que la oposici\u00f3n utiliza los recursos de la educaci\u00f3n para \u201cfinanciar la mugre de la pol\u00edtica\u201d<\/strong><\/p>\n\n\n\n<p>El presidente&nbsp;<strong>Javier Milei busc\u00f3 bajar el tono en la pol\u00e9mica con las universidades nacionales luego de sus dichos del s\u00e1bado pasado<\/strong>, cuando plante\u00f3 que hoy s\u00f3lo pueden concurrir a las facultades p\u00fablicas los hijos de las familias ricas. Esos dichos fueron interpretados como un primer paso para discutir el arancelamiento.<\/p>\n\n\n\n<p>Este martes, el jefe de Estado aclar\u00f3: \u201c<strong>La universidad va a seguir siendo p\u00fablica y no arancelada, eso no se toca<\/strong>\u201d.<\/p>\n\n\n\n<p>En di\u00e1logo con el periodista Antonio Laje en&nbsp;<em>LN+<\/em>, el mandatario desarroll\u00f3: \u201cAc\u00e1 no est\u00e1 en discusi\u00f3n la universidad p\u00fablica y no est\u00e1 en discusi\u00f3n el tema de que es no arancelada, porque gratuita no es, alguien la est\u00e1 pagando, en este caso la paga mayormente los que no van\u201d.<\/p>\n\n\n\n<p><strong>Lo que s\u00ed est\u00e1 en discusi\u00f3n -dijo Milei- es la intenci\u00f3n del gobierno nacional de auditar los fondos que reciben las universidades p\u00fablicas.<\/strong>&nbsp;\u201cTodos los que hacen este revuelo&#8230; \u00bfacaso est\u00e1n a favor de que se utilicen las universidades pol\u00edticamente para robar en beneficio de delincuentes de la pol\u00edtica?\u00bfUstedes est\u00e1n a favor del robo? Como esto est\u00e1 siendo pagado por todos los argentinos, creo que corresponde que esos fondos tengan que ser auditados\u201d, agreg\u00f3.<\/p>\n\n\n\n<p>Al ser consultado sobre su decisi\u00f3n de vetar la ley que hab\u00eda aprobado el Congreso para regular el salario de los docentes, el mandatario reiter\u00f3 que el problema que ten\u00eda la norma es que no justificaba de d\u00f3nde se iban a tomar los fondos. No obstante, se mostr\u00f3 abierto a que la oposici\u00f3n impulse una nueva ley que especifique el origen del financiamiento.<\/p>\n\n\n\n<p>\u201c<strong>Los docentes no est\u00e1n bien pagos, es algo hist\u00f3rico. Los tipos que no lo arreglaron me vienen a pedir que arregle algo que pasa hace 40 a\u00f1os y yo estoy dispuesto a arreglarlo, lo que estoy diciendo es que me digan c\u00f3mo lo hacemos<\/strong>\u201d, introdujo<\/p>\n\n\n\n<p>Y complet\u00f3: \u201c<strong>Ac\u00e1 est\u00e1 el Presupuesto, d\u00edganme c\u00f3mo lo vamos a arreglar: yo pago los intereses de la deuda, con el resto hagan lo que quieran, pero no voy a subir los impuestos ni tomar deuda nueva<\/strong>\u201d.<\/p>\n\n\n\n<p>En otro tramo del reportaje, el Presidente volvi\u00f3 a insistir sobre la posibilidad de auditar el presupuesto universitario: \u201c<strong>El que no quiere ser auditado es un chorro. \u00bfPor qu\u00e9 no quieren ser auditados? Porque la pol\u00edtica utiliza las universidades para financiarse, para financiar la mugre de la pol\u00edtica<\/strong>\u201d.&nbsp;<strong>Tambi\u00e9n sugiri\u00f3 que habr\u00eda que analizar \u201cqu\u00e9 hacen los profesores en las aulas\u201d.<\/strong><img fetchpriority=\"high\" decoding=\"async\" alt=\"Universidades de todo el pa\u00eds realizan protestas en reclamo de mayor financiamiento (Foto: Maximiliano Luna)\" height=\"2195\" src=\"https:\/\/www.infobae.com\/resizer\/v2\/TK2JYIQ5ZNELBIJGFM5KPXN5DQ.jpg?auth=096541d50414077f9e4db50d22130db12d75a92d80843692e36b5b21333239e3&amp;smart=true&amp;width=350&amp;height=263&amp;quality=85\" width=\"3000\">Universidades de todo el pa\u00eds realizan protestas en reclamo de mayor financiamiento (Foto: Maximiliano Luna)<\/p>\n\n\n\n<h2 class=\"wp-block-heading\">Protesta universitaria<\/h2>\n\n\n\n<p>La discusi\u00f3n sobre la ley de financiamiento universitario, con el veto posterior de Milei, provoc\u00f3 la reacci\u00f3n de una enorme porci\u00f3n de la comunidad de estudiantes y profesores de las casa de altos estudios.<\/p>\n\n\n\n<p>En ese contexto de conflicto, Luca Bonfante, titular del&nbsp;<strong>Centro de Estudiantes de la Facultad de Filosof\u00eda y Letras de la UBA (CeFyL-UBA)<\/strong>, se\u00f1al\u00f3 que aproximadamente<strong>&nbsp;un centenar de universidades p\u00fablicas est\u00e1n tomadas o en proceso de desplegar medidas de protesta<\/strong>. Los estudiantes han organizado asambleas y clases p\u00fablicas para visibilizar sus demandas.<\/p>\n\n\n\n<p>\u201cNo nos quedan m\u00e1s alternativas despu\u00e9s de dos grandes movilizaciones, el 22 de abril y el 2 de octubre. El movimiento estudiantil a nivel nacional est\u00e1 en pie, y el Gobierno tendr\u00e1 que lidiar con ello\u201d, se\u00f1al\u00f3 el delegado universitario en declaraciones a Radio Rivadavia.<\/p>\n\n\n\n<p>Adem\u00e1s asegur\u00f3 que las tomas en las universidades se est\u00e1n llevando a cabo sin interrumpir las actividades acad\u00e9micas. Estas acciones son \u201cdecididas por mayor\u00eda o unanimidad\u201d y buscan visibilizar una \u201cinsostenible situaci\u00f3n salarial de los docentes\u201d, explic\u00f3 el dirigente estudiantil.<\/p>\n\n\n\n<p>En tanto,&nbsp;<strong>docentes del Colegio Nacional Buenos Aires<\/strong>&nbsp;iniciaron un paro de 96 horas (desde el martes hasta el viernes), en protesta por la falta de un aumento salarial adecuado. La&nbsp;<strong>Asociaci\u00f3n Gremial Docente de la Universidad de Buenos Aires (UBA)<\/strong>&nbsp;comunic\u00f3 que se llevar\u00e1n a cabo clases p\u00fablicas frente al colegio en se\u00f1al de reclamo. Adicionalmente, se exigi\u00f3 a las autoridades la extensi\u00f3n del sistema de carga de notas hasta el 25 de octubre.<\/p>\n\n\n\n<h2 class=\"wp-block-heading\">Los datos detr\u00e1s de los dichos de Milei<\/h2>\n\n\n\n<p>La sentencia de&nbsp;<strong>Miei&nbsp;<\/strong>sobre que hoy a la universidad s\u00f3lo asisten&nbsp;<strong>hijos de ricos<\/strong>&nbsp;o de clases medias acomodadas se contrapone las&nbsp;<strong>estad\u00edsticas<\/strong>, que muestran que&nbsp;<strong>casi la mitad de los alumnos en universidades p\u00fablicas est\u00e1 por debajo de la l\u00ednea de pobreza<\/strong>.<\/p>\n\n\n\n<p>El Presidente tambi\u00e9n asegur\u00f3 que \u201cla universidad ha dejado de ser una herramienta de movilidad social para convertirse en un obst\u00e1culo\u201d. Sin embargo, los datos del anuario contradicen esta afirmaci\u00f3n, porque se\u00f1alan que&nbsp;<strong>en 41 de las 56 universidades nacionales, m\u00e1s de la mitad de los nuevos estudiantes son la primera generaci\u00f3n de universitarios en sus familias<\/strong>.<\/p>\n\n\n\n<p>La Universidad Nacional Arturo Jauretche (UNAJ), la Universidad Nacional de Jos\u00e9 C. Paz (UNPAZ) y la Universidad Nacional del Oeste (UNO) est\u00e1n ubicadas en el Conurbano bonaerense y arrojan un dato contundente: las tres presentan una notable proporci\u00f3n de estudiantes cuyos padres no asistieron a la universidad, alcanzando una cifra de 7 de cada 10 estudiantes, seg\u00fan el Anuario Estad\u00edstico universitario de la Secretar\u00eda de Pol\u00edticas Universitarias.<strong><br><\/strong><\/p>\n","protected":false},"excerpt":{"rendered":"<p>El Presidente aclar\u00f3 los alcances de sus declaraciones del s\u00e1bado pasado, que generaron nuevas protestas y tomas en las universidades<\/p>\n","protected":false},"author":1,"featured_media":14749,"comment_status":"open","ping_status":"open","sticky":false,"template":"","format":"standard","meta":{"colormag_page_container_layout":"default_layout","colormag_page_sidebar_layout":"default_layout","footnotes":""},"categories":[5,7,8],"tags":[],"class_list":["post-14748","post","type-post","status-publish","format-standard","has-post-thumbnail","hentry","category-nacionales","category-politica","category-ultimas-noticias"],"_links":{"self":[{"href":"https:\/\/notipampa.com\/index.php?rest_route=\/wp\/v2\/posts\/14748","targetHints":{"allow":["GET"]}}],"collection":[{"href":"https:\/\/notipampa.com\/index.php?rest_route=\/wp\/v2\/posts"}],"about":[{"href":"https:\/\/notipampa.com\/index.php?rest_route=\/wp\/v2\/types\/post"}],"author":[{"embeddable":true,"href":"https:\/\/notipampa.com\/index.php?rest_route=\/wp\/v2\/users\/1"}],"replies":[{"embeddable":true,"href":"https:\/\/notipampa.com\/index.php?rest_route=%2Fwp%2Fv2%2Fcomments&post=14748"}],"version-history":[{"count":1,"href":"https:\/\/notipampa.com\/index.php?rest_route=\/wp\/v2\/posts\/14748\/revisions"}],"predecessor-version":[{"id":14750,"href":"https:\/\/notipampa.com\/index.php?rest_route=\/wp\/v2\/posts\/14748\/revisions\/14750"}],"wp:featuredmedia":[{"embeddable":true,"href":"https:\/\/notipampa.com\/index.php?rest_route=\/wp\/v2\/media\/14749"}],"wp:attachment":[{"href":"https:\/\/notipampa.com\/index.php?rest_route=%2Fwp%2Fv2%2Fmedia&parent=14748"}],"wp:term":[{"taxonomy":"category","embeddable":true,"href":"https:\/\/notipampa.com\/index.php?rest_route=%2Fwp%2Fv2%2Fcategories&post=14748"},{"taxonomy":"post_tag","embeddable":true,"href":"https:\/\/notipampa.com\/index.php?rest_route=%2Fwp%2Fv2%2Ftags&post=14748"}],"curies":[{"name":"wp","href":"https:\/\/api.w.org\/{rel}","templated":true}]}}