{"id":14704,"date":"2024-10-09T17:46:11","date_gmt":"2024-10-09T20:46:11","guid":{"rendered":"https:\/\/notipampa.com\/?p=14704"},"modified":"2024-10-09T17:46:12","modified_gmt":"2024-10-09T20:46:12","slug":"manana-sesion-especial-en-diputados-la-ucr-busca-derogar-aumento-de-impuestos-al-blp-mientras-frejupa-propone-subir-alicuota-de-ingresos-brutos-al-20","status":"publish","type":"post","link":"https:\/\/notipampa.com\/?p=14704","title":{"rendered":"Ma\u00f1ana sesi\u00f3n especial en Diputados: la UCR busca derogar aumento de impuestos al BLP, mientras FreJuPa propone subir al\u00edcuota de Ingresos Brutos al 20%"},"content":{"rendered":"\n<p><strong>La vicegobernadora Alicia Mayoral, presidenta de esta Legislatura, convoc\u00f3 para ma\u00f1ana jueves, desde la hora 8:30 a una sesi\u00f3n especial en la que estar\u00e1n a consideraci\u00f3n de las y los legisladores dos proyectos de ley.<\/strong><\/p>\n\n\n\n<p>En uno de ellos, diputados y diputadas de los tres bloques opositores proponen&nbsp;&nbsp;derogar el art\u00edculo N\u00b0 4 de la ley provincial N\u00b0 3.582 por el cual se increment\u00f3 la al\u00edcuota prevista en la Ley Impositiva 2024 para las actividades desarrolladas por los bancos u otras instituciones sujetas al r\u00e9gimen de la ley de entidades financieras N\u00b0 21.526.<\/p>\n\n\n\n<p>Mientras que la otra iniciativa es la del bloque FreJuPa que proyecta modificar el art\u00edculo 4 de la Ley N\u00b0 3582, para que quede redactado de la siguiente forma:&nbsp; \u201cArt\u00edculo 4.- Increm\u00e9ntese la al\u00edcuota prevista en la Ley Impositiva 2024 para las actividades desarrolladas por los Bancos u otras instituciones sujetas a la Ley de Entidades Financieras N\u00b0 21.526 que registren habilitadas ante el Banco Central de la Rep\u00fablica Argentina m\u00e1s de Treinta (30) Agencias y\/o sucursales en el Territorio de la Provincia de La Pampa (C\u00f3d. Act. 641910, 641920, 641930 y 641941) fij\u00e1ndose en el veinte por ciento (20%).&nbsp; El presente incremento tendr\u00e1 vigencia desde el 1 de septiembre de 2024.<\/p>\n\n\n\n<p>Una vez concluida esta sesi\u00f3n especial, legisladores y legisladoras llevar\u00e1n adelante, en el recinto,&nbsp;la sesi\u00f3n ordinaria ya prevista.<\/p>\n\n\n\n<p><strong>Comisiones de hoy<\/strong><\/p>\n\n\n\n<p>En la ma\u00f1ana de hoy se reuni\u00f3 la comisi\u00f3n de Asuntos Constitucionales, presidida por Hern\u00e1n P\u00e9rez Araujo, y se trat\u00f3 el proyecto de ley por el que se transforman las Asesor\u00edas de Ni\u00f1as, Ni\u00f1os y Adolescentes de la Primera, Segunda y Tercera circunscripci\u00f3n judicial de la provincia en Defensor\u00edas en lo civil. Fueron invitadas para debatir sobre esta iniciativa las asesoras de NNyA, Graciela Lilia Massara, Mar\u00eda Gabriela Manera, Elisa Alejandra Cat\u00e1n y Mar\u00eda Agostina Pensa.<\/p>\n\n\n\n<p>En su exposici\u00f3n, Agostina Pensa manifest\u00f3 su preocupaci\u00f3n ante el proyecto de ley, se\u00f1alando que la normativa es \u201cregresiva\u201d, ya que \u201cdebilita\u201d la especializaci\u00f3n que actualmente poseen las asesor\u00edas en materia de atenci\u00f3n a ni\u00f1as, ni\u00f1os y adolescentes. Seg\u00fan Pensa, \u201cesta especializaci\u00f3n no puede ser reemplazada por las defensor\u00edas civiles, las cuales est\u00e1n orientadas a atender problem\u00e1ticas de adultos\u201d, dijo.<\/p>\n\n\n\n<p>\u201cLas defensor\u00edas civiles -continu\u00f3 Pensa- se enfocan en la representaci\u00f3n legal de adultos, mientras que nosotros intervenimos en todos los procesos penales desde una perspectiva centrada en los derechos de ni\u00f1as, ni\u00f1os y adolescentes. Nuestro trabajo no solo se limita a la defensa, sino que tambi\u00e9n formulamos propuestas para mejorar la situaci\u00f3n de estos derechos, raz\u00f3n por la cual consideramos que este proyecto implica un retroceso significativo\u201d, afirm\u00f3 la asesora de la Tercera circunscripci\u00f3n.<\/p>\n\n\n\n<p>Asimismo, Pensa destac\u00f3 que la legislaci\u00f3n pampeana ha avanzado hacia una mayor especializaci\u00f3n en la protecci\u00f3n de la infancia y adolescencia, siguiendo est\u00e1ndares convencionales. En este sentido, advirti\u00f3: \u201cLa implementaci\u00f3n de este proyecto generar\u00eda un retroceso respecto a los avances logrados en la materia\u201d.<\/p>\n\n\n\n<p>En la misma l\u00ednea, Elisa Cat\u00e1n expres\u00f3 que esta iniciativa representa una \u201cregresi\u00f3n\u201d en las pol\u00edticas provinciales, en un contexto donde otras provincias avanzan hacia una mayor protecci\u00f3n de los derechos de la infancia.<\/p>\n\n\n\n<p>\u201cEs preocupante que se est\u00e9n destinando los recursos actualmente asignados a la protecci\u00f3n de los derechos de ni\u00f1as, ni\u00f1os y adolescentes para ser utilizados en la atenci\u00f3n de adultos. Si bien no desconozco las necesidades existentes en ese \u00e1mbito, considero que las defensor\u00edas civiles disponen de recursos desaprovechados, debido a la falta de una gesti\u00f3n eficiente. No podemos permitir que los menores queden desprotegidos al desviar estos recursos tan esenciales\u201d, afirm\u00f3 Cat\u00e1n.<\/p>\n\n\n\n<p>Y agreg\u00f3: \u201cMe preocupa que se termine manoteando el recurso de los ni\u00f1os para llevarlo a los adultos. No desconozco las necesidades que hay, pero se que dentro de las defensor\u00edas civiles hay muchos&nbsp; abogados desperdiciados por la falta de gesti\u00f3n\u201d, indic\u00f3 la asesora de la Segunda circunscripci\u00f3n.<\/p>\n\n\n\n<p>Ante esto, el autor del proyecto de ley, el diputado Hern\u00e1n P\u00e9rez Araujo, se\u00f1al\u00f3 que \u201cla intenci\u00f3n no es manotear recursos de ni\u00f1os para la adultez, la intenci\u00f3n es revalorizar las defensorias\u201d, dijo. Y sum\u00f3: \u201cMe hago cargo de un error en la redacci\u00f3n de la inicaitiva. No ser\u00edan defensorias civiles, sino defensorias espec\u00edficas\u201d.<\/p>\n\n\n\n<p>Tras la exposici\u00f3n de las asesoras, se hicieron presentes en la Sala de Comisiones el Defensor General, Mart\u00edn Saravia, y la Defensora Penal, Mar\u00eda Antonella Marchisio, quienes aportaron sus perspectivas respecto al proyecto de ley en debate.<\/p>\n\n\n\n<p>Saravia destac\u00f3 que el proyecto representa un \u201cavance significativo\u201d y constituye un paso culminante en la labor integral de la Defensor\u00eda General. \u201cLas defensor\u00edas trabajan en la protecci\u00f3n de derechos civiles y penales, tanto de adultos como de ni\u00f1as, ni\u00f1os y adolescentes. Por ello, la incorporaci\u00f3n de las asesor\u00edas a las defensor\u00edas supone una mejora constitucional. En la provincia de La Pampa, este cambio representa un salto de calidad sustancial, con una ubicaci\u00f3n constitucional adecuada\u201d, afirm\u00f3 Saravia.<\/p>\n\n\n\n<p>Por su parte, la Defensora Penal, Mar\u00eda Antonella Marchisio, se\u00f1al\u00f3 que, aunque su funci\u00f3n se desarrolla en el \u00e1mbito penal, posee experiencia en el \u00e1mbito administrativo en lo relacionado con los derechos de ni\u00f1as, ni\u00f1os y adolescentes. \u201cEl trabajo que venimos realizando desde la defensor\u00eda est\u00e1 vinculado a la especializaci\u00f3n en la transformaci\u00f3n del sistema, que hasta el momento ha sido mayoritariamente civil. Si buscamos una figura que defienda los derechos tanto en procesos judiciales como en \u00e1mbitos de protecci\u00f3n, es en la defensor\u00eda donde ese rol debe consolidarse\u201d, sostuvo Marchisio.<\/p>\n\n\n\n<p>Asimismo, la defensora subray\u00f3 la importancia de elevar los est\u00e1ndares y reconocer plenamente el rol de las defensor\u00edas en estos casos. \u201cSi no nivelamos hacia arriba y otorgamos a las defensor\u00edas el lugar que les corresponde, corremos el riesgo de quedarnos rezagados. Para aquellos procesos que hoy requieren la intervenci\u00f3n de una asesor\u00eda, se debe contar con la figura del defensor para garantizar una adecuada protecci\u00f3n de los derechos\u201d, concluy\u00f3.<\/p>\n\n\n\n<p>Investigaci\u00f3n y reclamos p\u00fablicos<\/p>\n\n\n\n<p>El diputado de Comunidad Organizada, Maximiliao Alliaga, presidi\u00f3 hoy la reuni\u00f3n de la comisi\u00f3n de Investigaci\u00f3n y Reclamos P\u00fablicos en la que los diputados y diputadas que la integran, escucharon a la delegada de la Asociaci\u00f3n de Trabajadores del Estado en General Acha, Norma Ojeda, que expuso la situaci\u00f3n que los trabajadores dicen padecer en el hospital Padre Angel Buodo, de esa localidad.<\/p>\n\n\n\n<p>Haciendo la aclaraci\u00f3n del inter\u00e9s que les despertaba escuchar a la sindicalista sobre tan particular situaci\u00f3n, el diputado Hern\u00e1n P\u00e9rez Araujo le reclam\u00f3 encendidamente al presidente de la comisi\u00f3n la obligaci\u00f3n de atenerse a lo que reglamentariamente est\u00e1 establecido para el normal funcionamiento de las comisiones y, en ese sentido, puntualmente le demand\u00f3 que la invitaci\u00f3n a Ojeda no hab\u00eda sido dispuesta por la comisi\u00f3n, que es lo que corresponde.&nbsp;<\/p>\n\n\n\n<p>\u201cNo todo es joda \u2013le espet\u00f3 Araujo haciendo referencia al modo particular en el que suele expresarse Aliaga- y no se puede aceptar que de modo intempestivo convoque a una invitada sin que el resto de los integrantes de la comisi\u00f3n estemos informados\u201d.<\/p>\n\n\n\n<p>Ojeda puntualmente hizo menci\u00f3n a la preocupaci\u00f3n que les genera \u201cla estafa denunciada por una trabajadora de Unanue\u201d, de la que dice haber sido v\u00edctima por parte del titular del hospital Buodo, Rodrigo Ort\u00edz, y los integrantes de la cooperadora del nosocomio que \u201cle hicieron presentar una factura por un mill\u00f3n y medio de pesos y le pagaron s\u00f3lo 125 mil pesos\u201d.&nbsp; Tambi\u00e9n dijo que no hab\u00eda sido la \u00fanica estafada, pero que \u201cel resto no presentaron ninguna denuncia porque el ministerio de salud les regulariz\u00f3 su situaci\u00f3n laboral, algo que no hicieron con quienes s\u00ed denunciaron al director\u201d.<\/p>\n\n\n\n<p>Tambi\u00e9n record\u00f3 que en la fiscal\u00eda de investigaciones administrativas \u201cest\u00e1 tramitando la denuncia de otra empleada que el a\u00f1o pasado fue increpada por el director del hospital que le dio un revolver dici\u00e9ndole: tiene una bala en el cargador, as\u00ed que no vayas a errarle\u201d.&nbsp; Ojeda dijo que es com\u00fan verlo a Ort\u00edz pase\u00e1ndose por el hospital \u201ccon ese revolver en la cintura\u201d.<\/p>\n\n\n\n<p>\u201cDel hostigamiento, la persecuci\u00f3n y el maltrato del director para con el personal, est\u00e1 absolutamente al tanto el secretario de salud de la provincia \u2013que en una oportunidad, en el 2015, lo desplaz\u00f3 del cargo a Ort\u00edz-, el ministerio y el fiscal de General Acha, que es su amigo\u201d.&nbsp; Ojeda pide que \u201cel gobernador destituya a Ort\u00edz\u201d, pero tambi\u00e9n \u201cque no ponga en su lugar a ninguno de sus antecesores\u201d.<\/p>\n\n\n\n<p>Mientras la diputada Mar\u00eda Laura Trapaglia destac\u00f3 \u201cla valent\u00eda\u201d de la invitada \u201cpara denunciar todas esas cosas\u201d, revel\u00f3 que en la sesi\u00f3n de ma\u00f1ana se estar\u00e1 tratando el pedido de informes al ministerio de salud por la situaci\u00f3n en el Buodo, y se pregunt\u00f3 \u201chablan del Estado presente pero en este caso \u00bfEl Estado d\u00f3nde est\u00e1?\u201d; &nbsp;la diputada Patricia George asegur\u00f3 que \u201cde acuerdo a la divisi\u00f3n de poderes, lo \u00fanico que &nbsp;las y los diputados podemos hacer es solicitar un pedido de informes y eso es lo que ya hemos acordado en comisiones &nbsp;en la sesi\u00f3n de ma\u00f1ana\u201d.<\/p>\n\n\n\n<p>La diputada del FreJuPa le advirti\u00f3 a Ojeda que \u201cno podemos pedir que el gobernador destituya a nadie, ni que designe o no designe a alguien en particular\u201d.&nbsp;&nbsp;De todos modos le aclar\u00f3 que \u201cen lo particular estoy preocupada y ocupada como sindicalista de UPCN a la que pertenezco, por esta situaci\u00f3n.&nbsp;&nbsp;En la semana ya he estado tres veces en Acha interioriz\u00e1ndome de todo\u201d, manifest\u00f3.&nbsp;&nbsp;&nbsp;&nbsp;&nbsp;&nbsp;&nbsp;&nbsp;&nbsp;<\/p>\n\n\n\n<p>Fuente: Infopico<\/p>\n","protected":false},"excerpt":{"rendered":"<p>La vicegobernadora Alicia Mayoral, presidenta de esta Legislatura, convoc\u00f3 para ma\u00f1ana jueves, desde la hora 8:30 a una sesi\u00f3n especial<\/p>\n","protected":false},"author":1,"featured_media":14705,"comment_status":"open","ping_status":"open","sticky":false,"template":"","format":"standard","meta":{"colormag_page_container_layout":"default_layout","colormag_page_sidebar_layout":"default_layout","footnotes":""},"categories":[7,4,8],"tags":[],"class_list":["post-14704","post","type-post","status-publish","format-standard","has-post-thumbnail","hentry","category-politica","category-provincia","category-ultimas-noticias"],"_links":{"self":[{"href":"https:\/\/notipampa.com\/index.php?rest_route=\/wp\/v2\/posts\/14704","targetHints":{"allow":["GET"]}}],"collection":[{"href":"https:\/\/notipampa.com\/index.php?rest_route=\/wp\/v2\/posts"}],"about":[{"href":"https:\/\/notipampa.com\/index.php?rest_route=\/wp\/v2\/types\/post"}],"author":[{"embeddable":true,"href":"https:\/\/notipampa.com\/index.php?rest_route=\/wp\/v2\/users\/1"}],"replies":[{"embeddable":true,"href":"https:\/\/notipampa.com\/index.php?rest_route=%2Fwp%2Fv2%2Fcomments&post=14704"}],"version-history":[{"count":1,"href":"https:\/\/notipampa.com\/index.php?rest_route=\/wp\/v2\/posts\/14704\/revisions"}],"predecessor-version":[{"id":14706,"href":"https:\/\/notipampa.com\/index.php?rest_route=\/wp\/v2\/posts\/14704\/revisions\/14706"}],"wp:featuredmedia":[{"embeddable":true,"href":"https:\/\/notipampa.com\/index.php?rest_route=\/wp\/v2\/media\/14705"}],"wp:attachment":[{"href":"https:\/\/notipampa.com\/index.php?rest_route=%2Fwp%2Fv2%2Fmedia&parent=14704"}],"wp:term":[{"taxonomy":"category","embeddable":true,"href":"https:\/\/notipampa.com\/index.php?rest_route=%2Fwp%2Fv2%2Fcategories&post=14704"},{"taxonomy":"post_tag","embeddable":true,"href":"https:\/\/notipampa.com\/index.php?rest_route=%2Fwp%2Fv2%2Ftags&post=14704"}],"curies":[{"name":"wp","href":"https:\/\/api.w.org\/{rel}","templated":true}]}}