{"id":14631,"date":"2024-10-02T10:36:19","date_gmt":"2024-10-02T13:36:19","guid":{"rendered":"https:\/\/notipampa.com\/?p=14631"},"modified":"2024-10-02T10:36:20","modified_gmt":"2024-10-02T13:36:20","slug":"alvear-operativo-de-seguridad-interprovincial-entre-la-pampa-y-buenos-aires","status":"publish","type":"post","link":"https:\/\/notipampa.com\/?p=14631","title":{"rendered":"Alvear: Operativo de Seguridad Interprovincial entre La Pampa y Buenos Aires"},"content":{"rendered":"\n<p>La semana pasada, la Polic\u00eda de La Pampa, bajo la disposici\u00f3n del Comando Jefatura, llev\u00f3 a cabo un operativo de seguridad interprovincial en conjunto con la provincia de Buenos Aires. El dispositivo, denominado <strong>&#8220;Despliegue de Seguridad Interprovincial&#8221;<\/strong>, se despleg\u00f3 en la Ruta Provincial N\u00b0 2 y el Meridiano V, en las cercan\u00edas de Intendente Alvear.<\/p>\n\n\n\n<p>El operativo, realizado durante la ma\u00f1ana y tarde\/noche, fue liderado por el jefe de la comisar\u00eda local de Intendente Alvear, con el apoyo de personal policial de Seguridad Rural UR-II. El objetivo principal fue la prevenci\u00f3n de delitos y el control de seguridad vial, garantizando la tranquilidad y bienestar de los ciudadanos que transitan por la zona.<\/p>\n\n\n\n<figure class=\"wp-block-image size-large\"><img fetchpriority=\"high\" decoding=\"async\" width=\"1024\" height=\"580\" src=\"https:\/\/notipampa.com\/wp-content\/uploads\/2024\/10\/WhatsApp-Image-2024-09-27-at-17.28.55-1-1024x580.jpeg\" alt=\"\" class=\"wp-image-14633\" srcset=\"https:\/\/notipampa.com\/wp-content\/uploads\/2024\/10\/WhatsApp-Image-2024-09-27-at-17.28.55-1-1024x580.jpeg 1024w, https:\/\/notipampa.com\/wp-content\/uploads\/2024\/10\/WhatsApp-Image-2024-09-27-at-17.28.55-1-300x170.jpeg 300w, https:\/\/notipampa.com\/wp-content\/uploads\/2024\/10\/WhatsApp-Image-2024-09-27-at-17.28.55-1-768x435.jpeg 768w, https:\/\/notipampa.com\/wp-content\/uploads\/2024\/10\/WhatsApp-Image-2024-09-27-at-17.28.55-1.jpeg 1280w\" sizes=\"(max-width: 1024px) 100vw, 1024px\" \/><\/figure>\n","protected":false},"excerpt":{"rendered":"<p>La semana pasada, la Polic\u00eda de La Pampa, bajo la disposici\u00f3n del Comando Jefatura, llev\u00f3 a cabo un operativo de<\/p>\n","protected":false},"author":1,"featured_media":14632,"comment_status":"open","ping_status":"open","sticky":false,"template":"","format":"standard","meta":{"colormag_page_container_layout":"default_layout","colormag_page_sidebar_layout":"default_layout","footnotes":""},"categories":[6,56,8],"tags":[],"class_list":["post-14631","post","type-post","status-publish","format-standard","has-post-thumbnail","hentry","category-locales","category-policiales","category-ultimas-noticias"],"_links":{"self":[{"href":"https:\/\/notipampa.com\/index.php?rest_route=\/wp\/v2\/posts\/14631","targetHints":{"allow":["GET"]}}],"collection":[{"href":"https:\/\/notipampa.com\/index.php?rest_route=\/wp\/v2\/posts"}],"about":[{"href":"https:\/\/notipampa.com\/index.php?rest_route=\/wp\/v2\/types\/post"}],"author":[{"embeddable":true,"href":"https:\/\/notipampa.com\/index.php?rest_route=\/wp\/v2\/users\/1"}],"replies":[{"embeddable":true,"href":"https:\/\/notipampa.com\/index.php?rest_route=%2Fwp%2Fv2%2Fcomments&post=14631"}],"version-history":[{"count":1,"href":"https:\/\/notipampa.com\/index.php?rest_route=\/wp\/v2\/posts\/14631\/revisions"}],"predecessor-version":[{"id":14634,"href":"https:\/\/notipampa.com\/index.php?rest_route=\/wp\/v2\/posts\/14631\/revisions\/14634"}],"wp:featuredmedia":[{"embeddable":true,"href":"https:\/\/notipampa.com\/index.php?rest_route=\/wp\/v2\/media\/14632"}],"wp:attachment":[{"href":"https:\/\/notipampa.com\/index.php?rest_route=%2Fwp%2Fv2%2Fmedia&parent=14631"}],"wp:term":[{"taxonomy":"category","embeddable":true,"href":"https:\/\/notipampa.com\/index.php?rest_route=%2Fwp%2Fv2%2Fcategories&post=14631"},{"taxonomy":"post_tag","embeddable":true,"href":"https:\/\/notipampa.com\/index.php?rest_route=%2Fwp%2Fv2%2Ftags&post=14631"}],"curies":[{"name":"wp","href":"https:\/\/api.w.org\/{rel}","templated":true}]}}