{"id":14610,"date":"2024-10-01T08:33:27","date_gmt":"2024-10-01T11:33:27","guid":{"rendered":"https:\/\/notipampa.com\/?p=14610"},"modified":"2024-10-01T08:33:28","modified_gmt":"2024-10-01T11:33:28","slug":"pico-la-policia-recupera-un-vehiculo-importado-robado-en-santa-rosa-y-hay-cuatro-personas-demoradas","status":"publish","type":"post","link":"https:\/\/notipampa.com\/?p=14610","title":{"rendered":"Pico: la polic\u00eda recupera un veh\u00edculo importado robado en Santa Rosa y hay cuatro personas demoradas"},"content":{"rendered":"\n<p><strong>En un operativo coordinado entre la Brigada de Investigaciones y Personal de la Comisar\u00eda Tercera de General Pico, se logr\u00f3 recuperar un veh\u00edculo de alta gama de la marca BMW, el cual hab\u00eda sido sustra\u00eddo en un lavadero de autos de Santa Rosa en horas del mediod\u00eda. El incidente ocurri\u00f3 cuando un empleado, oriundo de General Pico, tom\u00f3 posesi\u00f3n ileg\u00edtima del rodado y se retir\u00f3 sin aviso del lugar.<\/strong><\/p>\n\n\n\n<p>Tras transcurrir varios minutos sin el retorno del veh\u00edculo, el due\u00f1o del lavadero dio aviso a la polic\u00eda de la capital pampeana, lo que activ\u00f3 un operativo de b\u00fasqueda. Las diferentes sedes policiales de la provincia fueron alertadas, y se montaron retenes estrat\u00e9gicos para interceptar el auto robado.<\/p>\n\n\n\n<p>Pasadas algunas horas, y luego de un trabajo de coordinaci\u00f3n entre la Brigada de Investigaciones y la Comisar\u00eda Tercera UR-II, se logr\u00f3 establecer contacto visual con el veh\u00edculo, el cual estaba ocupado por cuatro hombres. Dadas las caracter\u00edsticas del caso y la potencia del rodado, se decidi\u00f3 no intervenir de inmediato para evitar una fuga a alta velocidad. En cambio, se realiz\u00f3 un seguimiento discreto hasta que los ocupantes descendieron del autom\u00f3vil.<\/p>\n\n\n\n<p>En ese momento, los cuatro sospechosos fueron interceptados en la v\u00eda p\u00fablica, mientras que el BMW fue hallado en las inmediaciones de las calles La Fraternidad y 2, en General Pico. Afortunadamente, el veh\u00edculo estaba en buen estado y no presentaba da\u00f1os recientes.<\/p>\n\n\n\n<p>Las autoridades competentes, entre ellas la Fiscal\u00eda de Santa Rosa, a cargo del Dr. Oscar Cazenave, y la Comisar\u00eda Tercera de Santa Rosa, liderada por el Comisario Cristian Acosta, fueron informadas de la recuperaci\u00f3n del rodado. El conductor, principal sospechoso del robo, fue detenido de inmediato y trasladado a la ciudad de Santa Rosa, donde continuar\u00e1 la investigaci\u00f3n del caso.<\/p>\n\n\n\n<p>El r\u00e1pido accionar policial permiti\u00f3 la recuperaci\u00f3n del costoso veh\u00edculo y la detenci\u00f3n del responsable, resaltando la coordinaci\u00f3n entre las distintas fuerzas de seguridad de la provincia.<\/p>\n\n\n\n<p>Fuente: Infopico<\/p>\n","protected":false},"excerpt":{"rendered":"<p>En un operativo coordinado entre la Brigada de Investigaciones y Personal de la Comisar\u00eda Tercera de General Pico, se logr\u00f3<\/p>\n","protected":false},"author":1,"featured_media":14611,"comment_status":"open","ping_status":"open","sticky":false,"template":"","format":"standard","meta":{"colormag_page_container_layout":"default_layout","colormag_page_sidebar_layout":"default_layout","footnotes":""},"categories":[56,4,8],"tags":[],"class_list":["post-14610","post","type-post","status-publish","format-standard","has-post-thumbnail","hentry","category-policiales","category-provincia","category-ultimas-noticias"],"_links":{"self":[{"href":"https:\/\/notipampa.com\/index.php?rest_route=\/wp\/v2\/posts\/14610","targetHints":{"allow":["GET"]}}],"collection":[{"href":"https:\/\/notipampa.com\/index.php?rest_route=\/wp\/v2\/posts"}],"about":[{"href":"https:\/\/notipampa.com\/index.php?rest_route=\/wp\/v2\/types\/post"}],"author":[{"embeddable":true,"href":"https:\/\/notipampa.com\/index.php?rest_route=\/wp\/v2\/users\/1"}],"replies":[{"embeddable":true,"href":"https:\/\/notipampa.com\/index.php?rest_route=%2Fwp%2Fv2%2Fcomments&post=14610"}],"version-history":[{"count":1,"href":"https:\/\/notipampa.com\/index.php?rest_route=\/wp\/v2\/posts\/14610\/revisions"}],"predecessor-version":[{"id":14612,"href":"https:\/\/notipampa.com\/index.php?rest_route=\/wp\/v2\/posts\/14610\/revisions\/14612"}],"wp:featuredmedia":[{"embeddable":true,"href":"https:\/\/notipampa.com\/index.php?rest_route=\/wp\/v2\/media\/14611"}],"wp:attachment":[{"href":"https:\/\/notipampa.com\/index.php?rest_route=%2Fwp%2Fv2%2Fmedia&parent=14610"}],"wp:term":[{"taxonomy":"category","embeddable":true,"href":"https:\/\/notipampa.com\/index.php?rest_route=%2Fwp%2Fv2%2Fcategories&post=14610"},{"taxonomy":"post_tag","embeddable":true,"href":"https:\/\/notipampa.com\/index.php?rest_route=%2Fwp%2Fv2%2Ftags&post=14610"}],"curies":[{"name":"wp","href":"https:\/\/api.w.org\/{rel}","templated":true}]}}