{"id":14524,"date":"2024-09-23T09:47:17","date_gmt":"2024-09-23T12:47:17","guid":{"rendered":"https:\/\/notipampa.com\/?p=14524"},"modified":"2024-09-23T09:47:18","modified_gmt":"2024-09-23T12:47:18","slug":"accidente-fatal-en-pico-muere-motociclista-y-una-mujer-sufrio-graves-heridas-tras-colisionar-con-un-camion-estacionado","status":"publish","type":"post","link":"https:\/\/notipampa.com\/?p=14524","title":{"rendered":"Accidente fatal en Pico: muere motociclista y una mujer sufri\u00f3 graves heridas tras colisionar con un cami\u00f3n estacionado"},"content":{"rendered":"\n<p>Un tr\u00e1gico accidente se registr\u00f3 alrededor de las 3 de la madrugada en la intersecci\u00f3n de las calles 300, 105 y 105 bis. Un hombre perdi\u00f3 la vida y una joven se encuentra en estado grave tras colisionar la motocicleta en la que viajaban, una Corven Energy de 110cc, contra un cami\u00f3n estacionado.<\/p>\n\n\n\n<figure class=\"wp-block-image\"><img decoding=\"async\" src=\"https:\/\/www.infopico.com\/wp-content\/uploads\/2024\/09\/101edb81-4931-4cda-b921-e4f5ea210ab2-1-1920x1276.webp\" alt=\"\" class=\"wp-image-291639\"\/><\/figure>\n\n\n\n<p>El Servicio de Emergencias M\u00e9dicas (SEM) asisti\u00f3 de inmediato a la joven herida, traslad\u00e1ndola de urgencia al hospital local debido a la gravedad de sus lesiones. En el lugar trabaj\u00f3 personal de siniestros viales para realizar las pericias correspondientes y determinar las causas del accidente.<\/p>\n\n\n\n<p>El impacto del rodado menor fue contra el acoplado de un cami\u00f3n Ford Cargo.<\/p>\n\n\n\n<figure class=\"wp-block-image\"><img decoding=\"async\" src=\"https:\/\/www.infopico.com\/wp-content\/uploads\/2024\/09\/0855a2fc-476f-4dc9-86ba-72ccb84ffc68-1920x1183.webp\" alt=\"\" class=\"wp-image-291641\"\/><\/figure>\n\n\n\n<p>Fuente: Infopico<\/p>\n","protected":false},"excerpt":{"rendered":"<p>Un tr\u00e1gico accidente se registr\u00f3 alrededor de las 3 de la madrugada en la intersecci\u00f3n de las calles 300, 105<\/p>\n","protected":false},"author":1,"featured_media":14525,"comment_status":"open","ping_status":"open","sticky":false,"template":"","format":"standard","meta":{"colormag_page_container_layout":"default_layout","colormag_page_sidebar_layout":"default_layout","footnotes":""},"categories":[56,4,8],"tags":[],"class_list":["post-14524","post","type-post","status-publish","format-standard","has-post-thumbnail","hentry","category-policiales","category-provincia","category-ultimas-noticias"],"_links":{"self":[{"href":"https:\/\/notipampa.com\/index.php?rest_route=\/wp\/v2\/posts\/14524","targetHints":{"allow":["GET"]}}],"collection":[{"href":"https:\/\/notipampa.com\/index.php?rest_route=\/wp\/v2\/posts"}],"about":[{"href":"https:\/\/notipampa.com\/index.php?rest_route=\/wp\/v2\/types\/post"}],"author":[{"embeddable":true,"href":"https:\/\/notipampa.com\/index.php?rest_route=\/wp\/v2\/users\/1"}],"replies":[{"embeddable":true,"href":"https:\/\/notipampa.com\/index.php?rest_route=%2Fwp%2Fv2%2Fcomments&post=14524"}],"version-history":[{"count":1,"href":"https:\/\/notipampa.com\/index.php?rest_route=\/wp\/v2\/posts\/14524\/revisions"}],"predecessor-version":[{"id":14526,"href":"https:\/\/notipampa.com\/index.php?rest_route=\/wp\/v2\/posts\/14524\/revisions\/14526"}],"wp:featuredmedia":[{"embeddable":true,"href":"https:\/\/notipampa.com\/index.php?rest_route=\/wp\/v2\/media\/14525"}],"wp:attachment":[{"href":"https:\/\/notipampa.com\/index.php?rest_route=%2Fwp%2Fv2%2Fmedia&parent=14524"}],"wp:term":[{"taxonomy":"category","embeddable":true,"href":"https:\/\/notipampa.com\/index.php?rest_route=%2Fwp%2Fv2%2Fcategories&post=14524"},{"taxonomy":"post_tag","embeddable":true,"href":"https:\/\/notipampa.com\/index.php?rest_route=%2Fwp%2Fv2%2Ftags&post=14524"}],"curies":[{"name":"wp","href":"https:\/\/api.w.org\/{rel}","templated":true}]}}