{"id":14480,"date":"2024-09-16T08:24:21","date_gmt":"2024-09-16T11:24:21","guid":{"rendered":"https:\/\/notipampa.com\/?p=14480"},"modified":"2024-09-16T08:24:22","modified_gmt":"2024-09-16T11:24:22","slug":"descendio-ferro-de-pico-del-federal-a-la-victoria-no-le-alcanzo-para-salvar-la-categoria","status":"publish","type":"post","link":"https:\/\/notipampa.com\/?p=14480","title":{"rendered":"Descendi\u00f3 Ferro de Pico del Federal A: La victoria no le alcanz\u00f3 para salvar la categor\u00eda"},"content":{"rendered":"\n<p>A pesar de ganarle como visitante a Estudiantes de San Luis por 2 a 1, el empate en tiempo adicional de C\u00edrculo Otamendi ante Juventud Unida de San Luis le impidi\u00f3 ir a desempate y el elenco pampeano termin\u00f3 perdiendo la categor\u00eda despu\u00e9s de 11 temporadas en el Torneo Federal A de f\u00fatbol.<\/p>\n\n\n\n<p>El equipo de barrio Talleres lleg\u00f3 a la categor\u00eda en el a\u00f1o 2014. Durante algunas temporadas supo estar en etapa de definici\u00f3n, pero las \u00faltimas campa\u00f1as fueron muy pobres. En esta \u00faltima termin\u00f3 perdiendo la categor\u00eda. Descendi\u00f3 al Torneo Regional Amateur 2025.<\/p>\n\n\n\n<p>Resultados de la \u00faltima fecha.<\/p>\n\n\n\n<figure class=\"wp-block-image\"><img decoding=\"async\" src=\"https:\/\/www.infopico.com\/wp-content\/uploads\/2024\/09\/reva.png\" alt=\"\" class=\"wp-image-290271\"\/><\/figure>\n\n\n\n<p>Fuente: Infopico<\/p>\n","protected":false},"excerpt":{"rendered":"<p>A pesar de ganarle como visitante a Estudiantes de San Luis por 2 a 1, el empate en tiempo adicional<\/p>\n","protected":false},"author":1,"featured_media":14481,"comment_status":"open","ping_status":"open","sticky":false,"template":"","format":"standard","meta":{"colormag_page_container_layout":"default_layout","colormag_page_sidebar_layout":"default_layout","footnotes":""},"categories":[10,4,8],"tags":[],"class_list":["post-14480","post","type-post","status-publish","format-standard","has-post-thumbnail","hentry","category-sports","category-provincia","category-ultimas-noticias"],"_links":{"self":[{"href":"https:\/\/notipampa.com\/index.php?rest_route=\/wp\/v2\/posts\/14480","targetHints":{"allow":["GET"]}}],"collection":[{"href":"https:\/\/notipampa.com\/index.php?rest_route=\/wp\/v2\/posts"}],"about":[{"href":"https:\/\/notipampa.com\/index.php?rest_route=\/wp\/v2\/types\/post"}],"author":[{"embeddable":true,"href":"https:\/\/notipampa.com\/index.php?rest_route=\/wp\/v2\/users\/1"}],"replies":[{"embeddable":true,"href":"https:\/\/notipampa.com\/index.php?rest_route=%2Fwp%2Fv2%2Fcomments&post=14480"}],"version-history":[{"count":1,"href":"https:\/\/notipampa.com\/index.php?rest_route=\/wp\/v2\/posts\/14480\/revisions"}],"predecessor-version":[{"id":14482,"href":"https:\/\/notipampa.com\/index.php?rest_route=\/wp\/v2\/posts\/14480\/revisions\/14482"}],"wp:featuredmedia":[{"embeddable":true,"href":"https:\/\/notipampa.com\/index.php?rest_route=\/wp\/v2\/media\/14481"}],"wp:attachment":[{"href":"https:\/\/notipampa.com\/index.php?rest_route=%2Fwp%2Fv2%2Fmedia&parent=14480"}],"wp:term":[{"taxonomy":"category","embeddable":true,"href":"https:\/\/notipampa.com\/index.php?rest_route=%2Fwp%2Fv2%2Fcategories&post=14480"},{"taxonomy":"post_tag","embeddable":true,"href":"https:\/\/notipampa.com\/index.php?rest_route=%2Fwp%2Fv2%2Ftags&post=14480"}],"curies":[{"name":"wp","href":"https:\/\/api.w.org\/{rel}","templated":true}]}}