{"id":14413,"date":"2024-09-09T08:37:15","date_gmt":"2024-09-09T11:37:15","guid":{"rendered":"https:\/\/notipampa.com\/?p=14413"},"modified":"2024-09-09T08:37:16","modified_gmt":"2024-09-09T11:37:16","slug":"tragico-accidente-en-ruta-provincial-1-deja-dos-fallecidos-uno-de-ellos-un-adolescente-de-general-pico","status":"publish","type":"post","link":"https:\/\/notipampa.com\/?p=14413","title":{"rendered":"Tr\u00e1gico accidente en Ruta Provincial 1 deja dos fallecidos, uno de ellos un adolescente de General Pico"},"content":{"rendered":"\n<p>En la noche de ayer, alrededor de las 20:50 horas, un grave siniestro vial tuvo lugar en el kil\u00f3metro 345\/346 de la Ruta Provincial 1, cerca de General San Mart\u00edn, seg\u00fan inform\u00f3 el comisario general David Rinaldi, jefe de la Unidad Regional III de la polic\u00eda pampeana. El accidente, que involucr\u00f3 una colisi\u00f3n frontal entre un Ford Territory y un Peugeot 207, dej\u00f3 como saldo dos personas fallecidas, entre ellas un joven de General Pico.<\/p>\n\n\n\n<figure class=\"wp-block-image\"><img decoding=\"async\" src=\"https:\/\/www.infopico.com\/wp-content\/uploads\/2024\/09\/97b41205-c04c-49cd-813a-0e2fe31fb438-jpg.webp\" alt=\"\" class=\"wp-image-288848\"\/><\/figure>\n\n\n\n<figure class=\"wp-block-image\"><img decoding=\"async\" src=\"https:\/\/www.infopico.com\/wp-content\/uploads\/2024\/09\/184e2789-f2ba-4037-ba07-6ca0fd68154b-jpg.webp\" alt=\"\" class=\"wp-image-288849\"\/><\/figure>\n\n\n\n<p>De acuerdo a la informaci\u00f3n recabada en el lugar, el&nbsp;<strong>Peugeot 207<\/strong>&nbsp;se incendi\u00f3 tras el impacto, causando la muerte de uno de sus ocupantes, identificado como Estefano Castellano, de aproximadamente 30 a\u00f1os, quien qued\u00f3 calcinado en el lugar. Su pareja, Michelle Schroeder, tambi\u00e9n viajaba en el veh\u00edculo, y fue trasladada al Hospital de Guatrach\u00e9 con heridas de consideraci\u00f3n. Posteriormente, las personas lesionadas fueron derivadas al Hospital de General Acha para una mejor atenci\u00f3n.<\/p>\n\n\n\n<p>En el otro veh\u00edculo involucrado,&nbsp;<strong>un Ford Territory<\/strong>, se encontraban Daniela Elisabet Gallia, de 46 a\u00f1os, y Mirta Irma Mart\u00ednez, de 73 a\u00f1os, quienes tambi\u00e9n resultaron heridas y fueron atendidas en el mismo nosocomio. Lamentablemente, el joven Ferm\u00edn Arnais, de 17 a\u00f1os y oriundo de General Pico, viajaba en este veh\u00edculo y falleci\u00f3 a causa del fuerte impacto.<\/p>\n\n\n\n<p>En el lugar del accidente, trabajaron efectivos policiales de las comisar\u00edas de Guatrach\u00e9 y Bernasconi, as\u00ed como bomberos voluntarios de Guatrach\u00e9. Adem\u00e1s, estuvo presente el fiscal de turno, el Dr. David L\u00f3pez, quien supervis\u00f3 las diligencias correspondientes.<\/p>\n\n\n\n<figure class=\"wp-block-image\"><img decoding=\"async\" src=\"https:\/\/www.infopico.com\/wp-content\/uploads\/2024\/09\/6c9643ea-a7a6-4b53-90ed-5bc34d663841-jpg.webp\" alt=\"\" class=\"wp-image-288851\"\/><\/figure>\n\n\n\n<figure class=\"wp-block-image\"><img decoding=\"async\" src=\"https:\/\/www.infopico.com\/wp-content\/uploads\/2024\/09\/e3dcf95b-b33d-4e26-9ae4-05212e9d6236-jpg.webp\" alt=\"\" class=\"wp-image-288852\"\/><\/figure>\n\n\n\n<p>Se solicit\u00f3 colaboraci\u00f3n a las comisar\u00edas de Jacinto Arauz y General Acha para llevar a cabo las actuaciones judiciales necesarias, mientras las investigaciones contin\u00faan para esclarecer las circunstancias exactas del accidente.<\/p>\n\n\n\n<p>Este tr\u00e1gico hecho ha conmocionado a la comunidad, especialmente a General Pico, de donde era oriundo uno de los j\u00f3venes fallecidos.<\/p>\n\n\n\n<figure class=\"wp-block-image\"><img decoding=\"async\" src=\"https:\/\/www.infopico.com\/wp-content\/uploads\/2024\/09\/2aed5de4-c111-4d18-9975-805774d24e4c-jpg.webp\" alt=\"\" class=\"wp-image-288853\"\/><\/figure>\n\n\n\n<p>Fuente: Infopico<\/p>\n","protected":false},"excerpt":{"rendered":"<p>En la noche de ayer, alrededor de las 20:50 horas, un grave siniestro vial tuvo lugar en el kil\u00f3metro 345\/346<\/p>\n","protected":false},"author":1,"featured_media":14414,"comment_status":"open","ping_status":"open","sticky":false,"template":"","format":"standard","meta":{"colormag_page_container_layout":"default_layout","colormag_page_sidebar_layout":"default_layout","footnotes":""},"categories":[56,4,8],"tags":[],"class_list":["post-14413","post","type-post","status-publish","format-standard","has-post-thumbnail","hentry","category-policiales","category-provincia","category-ultimas-noticias"],"_links":{"self":[{"href":"https:\/\/notipampa.com\/index.php?rest_route=\/wp\/v2\/posts\/14413","targetHints":{"allow":["GET"]}}],"collection":[{"href":"https:\/\/notipampa.com\/index.php?rest_route=\/wp\/v2\/posts"}],"about":[{"href":"https:\/\/notipampa.com\/index.php?rest_route=\/wp\/v2\/types\/post"}],"author":[{"embeddable":true,"href":"https:\/\/notipampa.com\/index.php?rest_route=\/wp\/v2\/users\/1"}],"replies":[{"embeddable":true,"href":"https:\/\/notipampa.com\/index.php?rest_route=%2Fwp%2Fv2%2Fcomments&post=14413"}],"version-history":[{"count":1,"href":"https:\/\/notipampa.com\/index.php?rest_route=\/wp\/v2\/posts\/14413\/revisions"}],"predecessor-version":[{"id":14415,"href":"https:\/\/notipampa.com\/index.php?rest_route=\/wp\/v2\/posts\/14413\/revisions\/14415"}],"wp:featuredmedia":[{"embeddable":true,"href":"https:\/\/notipampa.com\/index.php?rest_route=\/wp\/v2\/media\/14414"}],"wp:attachment":[{"href":"https:\/\/notipampa.com\/index.php?rest_route=%2Fwp%2Fv2%2Fmedia&parent=14413"}],"wp:term":[{"taxonomy":"category","embeddable":true,"href":"https:\/\/notipampa.com\/index.php?rest_route=%2Fwp%2Fv2%2Fcategories&post=14413"},{"taxonomy":"post_tag","embeddable":true,"href":"https:\/\/notipampa.com\/index.php?rest_route=%2Fwp%2Fv2%2Ftags&post=14413"}],"curies":[{"name":"wp","href":"https:\/\/api.w.org\/{rel}","templated":true}]}}