{"id":13908,"date":"2024-07-13T10:59:17","date_gmt":"2024-07-13T13:59:17","guid":{"rendered":"https:\/\/notipampa.com\/?p=13908"},"modified":"2024-07-13T10:59:18","modified_gmt":"2024-07-13T13:59:18","slug":"homicidio-en-zona-rural-el-acusado-alego-que-la-victima-intento-abusar-de-su-hijo","status":"publish","type":"post","link":"https:\/\/notipampa.com\/?p=13908","title":{"rendered":"Homicidio en zona rural: El acusado aleg\u00f3 que la v\u00edctima intent\u00f3 abusar de su hijo"},"content":{"rendered":"\n<p><strong>Ayer, minutos despu\u00e9s de las 20:00, comenz\u00f3 la audiencia de formalizaci\u00f3n contra Hugo Rub\u00e9n Palacios, acusado de matar a su sobrino, Exequiel Palacios, en las primeras horas de la ma\u00f1ana del 12 de julio, en el predio rural El Rinc\u00f3n, ubicado a 20 km de Hilario Lagos.<\/strong><\/p>\n\n\n\n<p>La audiencia fue presidida por la Jueza Jimena Cardozo. Por la fiscal\u00eda estuvieron presentes el fiscal general, Armando Ag\u00fcero, y el fiscal que investiga la causa, Juan Pellegrino. La defensa de Hugo Palacios estuvo a cargo de los abogados Michel Divoy y Jer\u00f3nimo Altamirano.<\/p>\n\n\n\n<p>El fiscal Juan Pellegrino se\u00f1al\u00f3 que Hugo Palacios habr\u00eda escuchado los gritos de su hijo menor de edad y al acudir a la habitaci\u00f3n, el menor le manifest\u00f3 que su primo, Exequiel Palacios, le habr\u00eda bajado los pantalones e intentando abusar sexualmente.<\/p>\n\n\n\n<p>Posteriormente, se produjo una persecuci\u00f3n, que termin\u00f3 con la vida de Exequiel Palacios al ser arrollado por una camioneta Chevrolet S-10 que conduc\u00eda el acusado.<strong>\u00a0La muerte se produjo por un grave traumatismo craneal, seg\u00fan la pericia forense.<\/strong><\/p>\n\n\n\n<p>L<strong>a fiscal\u00eda solicit\u00f3 la realizaci\u00f3n de una c\u00e1mara Gesell para el menor de 11 a\u00f1os y pericias psicol\u00f3gicas para determinar si el \u00fanico testigo del hecho puede reconocer los hechos<\/strong>. Adem\u00e1s, pidi\u00f3 la prisi\u00f3n preventiva para Palacios hasta la finalizaci\u00f3n del proceso\u00a0<strong>y caratul\u00f3 el hecho como homicidio simple.<\/strong><\/p>\n\n\n\n<p>Por su parte, la defensa pidi\u00f3 que el hecho sea caratulado como homicidio por \u201cemoci\u00f3n violenta\u201d u homicidio culposo y solicit\u00f3 la libertad de Hugo Rub\u00e9n Palacios, oriundo de Entre R\u00edos.<\/p>\n\n\n\n<p>Infopico<\/p>\n","protected":false},"excerpt":{"rendered":"<p>Ayer, minutos despu\u00e9s de las 20:00, comenz\u00f3 la audiencia de formalizaci\u00f3n contra Hugo Rub\u00e9n Palacios, acusado de matar a su<\/p>\n","protected":false},"author":1,"featured_media":13909,"comment_status":"open","ping_status":"open","sticky":false,"template":"","format":"standard","meta":{"colormag_page_container_layout":"default_layout","colormag_page_sidebar_layout":"default_layout","footnotes":""},"categories":[56,4,8],"tags":[],"class_list":["post-13908","post","type-post","status-publish","format-standard","has-post-thumbnail","hentry","category-policiales","category-provincia","category-ultimas-noticias"],"_links":{"self":[{"href":"https:\/\/notipampa.com\/index.php?rest_route=\/wp\/v2\/posts\/13908","targetHints":{"allow":["GET"]}}],"collection":[{"href":"https:\/\/notipampa.com\/index.php?rest_route=\/wp\/v2\/posts"}],"about":[{"href":"https:\/\/notipampa.com\/index.php?rest_route=\/wp\/v2\/types\/post"}],"author":[{"embeddable":true,"href":"https:\/\/notipampa.com\/index.php?rest_route=\/wp\/v2\/users\/1"}],"replies":[{"embeddable":true,"href":"https:\/\/notipampa.com\/index.php?rest_route=%2Fwp%2Fv2%2Fcomments&post=13908"}],"version-history":[{"count":1,"href":"https:\/\/notipampa.com\/index.php?rest_route=\/wp\/v2\/posts\/13908\/revisions"}],"predecessor-version":[{"id":13910,"href":"https:\/\/notipampa.com\/index.php?rest_route=\/wp\/v2\/posts\/13908\/revisions\/13910"}],"wp:featuredmedia":[{"embeddable":true,"href":"https:\/\/notipampa.com\/index.php?rest_route=\/wp\/v2\/media\/13909"}],"wp:attachment":[{"href":"https:\/\/notipampa.com\/index.php?rest_route=%2Fwp%2Fv2%2Fmedia&parent=13908"}],"wp:term":[{"taxonomy":"category","embeddable":true,"href":"https:\/\/notipampa.com\/index.php?rest_route=%2Fwp%2Fv2%2Fcategories&post=13908"},{"taxonomy":"post_tag","embeddable":true,"href":"https:\/\/notipampa.com\/index.php?rest_route=%2Fwp%2Fv2%2Ftags&post=13908"}],"curies":[{"name":"wp","href":"https:\/\/api.w.org\/{rel}","templated":true}]}}