{"id":13905,"date":"2024-07-12T12:29:26","date_gmt":"2024-07-12T15:29:26","guid":{"rendered":"https:\/\/notipampa.com\/?p=13905"},"modified":"2024-07-12T12:29:27","modified_gmt":"2024-07-12T15:29:27","slug":"homicidio-un-hombre-mato-a-su-sobrino-en-un-campo-cerca-de-hilario-lagos","status":"publish","type":"post","link":"https:\/\/notipampa.com\/?p=13905","title":{"rendered":"Homicidio: un hombre mat\u00f3 a su sobrino en un campo cerca de Hilario Lagos"},"content":{"rendered":"\n<p><strong>En las \u00faltimas horas, un homicidio ocurri\u00f3 en un campo situado entre las localidades de Sarah e Hilario Lagos, resultando en la muerte de un hombre de 31 a\u00f1os. La justicia de General Pico, encabezada por el fiscal Juan Pellegrino, ha iniciado una investigaci\u00f3n para esclarecer los hechos.<\/strong><\/p>\n\n\n\n<p>Las primeras versiones sugieren que un hombre habr\u00eda atropellado a su sobrino en un campo con su veh\u00edculo, en un suceso que ha sido calificado como homicidio doloso.<\/p>\n\n\n\n<p>En un breve di\u00e1logo con INFOPICO.COM, el fiscal Pellegrino proporcion\u00f3 algunos detalles preliminares sobre el caso. \u201cNos han comunicado en el transcurso de la madrugada, a m\u00ed me llamaron aproximadamente a las 5:30. Es un predio rural que est\u00e1 ubicado al sureste de la localidad de Coronel Hilario Lagos, donde habr\u00eda ocurrido un homicidio. Hay un masculino adulto que habr\u00eda matado a otro, son dos adultos. El imputado tiene 41 a\u00f1os y la v\u00edctima 31\u201d, explic\u00f3.<\/p>\n\n\n\n<p>El fiscal confirm\u00f3 que al menos la v\u00edctima es empleado del predio rural. \u201cEn principio lo habr\u00eda atropellado con una camioneta\u201d, detall\u00f3 Pellegrino, quien a\u00f1adi\u00f3 que a\u00fan no se han realizado la autopsia ni se ha recibido la declaraci\u00f3n del imputado, por lo que las circunstancias exactas del incidente est\u00e1n bajo investigaci\u00f3n.<\/p>\n\n\n\n<p>La tragedia ocurri\u00f3 entre la noche del 11 y la madrugada del 12 de julio. La polic\u00eda tom\u00f3 conocimiento del hecho en las primeras horas de la ma\u00f1ana del d\u00eda 12. \u201cLa data de muerte no te la puedo decir por qu\u00e9 a\u00fan no hicimos la autopsia. Pero ha sido en el curso, entre la noche del 11 y la madrugada del 12\u201d, aclar\u00f3 Pellegrino.<\/p>\n\n\n\n<p>El fiscal concluy\u00f3 el di\u00e1logo indicando que a\u00fan est\u00e1n trabajando para tener un panorama m\u00e1s claro de los hechos. \u201cEstamos bastante avanzados, pero estamos trabajando en eso\u201d, finaliz\u00f3.<\/p>\n\n\n\n<p><strong>Detalles Adicionales de la Investigaci\u00f3n<\/strong><\/p>\n\n\n\n<p>El Fiscal General, Armando Ag\u00fcero, tambi\u00e9n brind\u00f3 informaci\u00f3n adicional sobre el incidente, que ocurri\u00f3 en el predio rural El Rinc\u00f3n, a 20 km de Hilario Lagos. El imputado, identificado como Palacios, de 41 a\u00f1os, inform\u00f3 a la polic\u00eda del incidente a las 3:30 de la madrugada del 12 de julio. La v\u00edctima, de 31 a\u00f1os, era su sobrino y ambos habitaban en el mismo predio.<\/p>\n\n\n\n<p>El modo del homicidio fue confirmado como un atropello con una camioneta Chevrolet S10, y se est\u00e1 investigando el motivo, que podr\u00eda estar relacionado con un conflicto familiar. Palacios se encuentra detenido y se espera que su formalizaci\u00f3n se realice por la tarde.<\/p>\n\n\n\n<p>En la escena del crimen estuvieron presentes el fiscal Juan Pellegrino, la jueza Jimena Cardoso, el jefe de la Agencia de Investigaci\u00f3n Cient\u00edfica Hern\u00e1n Miranda, la jefa de la Unidad Regional Vanina Fileni, y personal de la Comisar\u00eda de Hilario Lagos.<\/p>\n\n\n\n<p>Infopico<\/p>\n","protected":false},"excerpt":{"rendered":"<p>En las \u00faltimas horas, un homicidio ocurri\u00f3 en un campo situado entre las localidades de Sarah e Hilario Lagos, resultando<\/p>\n","protected":false},"author":1,"featured_media":13906,"comment_status":"open","ping_status":"open","sticky":false,"template":"","format":"standard","meta":{"colormag_page_container_layout":"default_layout","colormag_page_sidebar_layout":"default_layout","footnotes":""},"categories":[56,4,8],"tags":[],"class_list":["post-13905","post","type-post","status-publish","format-standard","has-post-thumbnail","hentry","category-policiales","category-provincia","category-ultimas-noticias"],"_links":{"self":[{"href":"https:\/\/notipampa.com\/index.php?rest_route=\/wp\/v2\/posts\/13905","targetHints":{"allow":["GET"]}}],"collection":[{"href":"https:\/\/notipampa.com\/index.php?rest_route=\/wp\/v2\/posts"}],"about":[{"href":"https:\/\/notipampa.com\/index.php?rest_route=\/wp\/v2\/types\/post"}],"author":[{"embeddable":true,"href":"https:\/\/notipampa.com\/index.php?rest_route=\/wp\/v2\/users\/1"}],"replies":[{"embeddable":true,"href":"https:\/\/notipampa.com\/index.php?rest_route=%2Fwp%2Fv2%2Fcomments&post=13905"}],"version-history":[{"count":1,"href":"https:\/\/notipampa.com\/index.php?rest_route=\/wp\/v2\/posts\/13905\/revisions"}],"predecessor-version":[{"id":13907,"href":"https:\/\/notipampa.com\/index.php?rest_route=\/wp\/v2\/posts\/13905\/revisions\/13907"}],"wp:featuredmedia":[{"embeddable":true,"href":"https:\/\/notipampa.com\/index.php?rest_route=\/wp\/v2\/media\/13906"}],"wp:attachment":[{"href":"https:\/\/notipampa.com\/index.php?rest_route=%2Fwp%2Fv2%2Fmedia&parent=13905"}],"wp:term":[{"taxonomy":"category","embeddable":true,"href":"https:\/\/notipampa.com\/index.php?rest_route=%2Fwp%2Fv2%2Fcategories&post=13905"},{"taxonomy":"post_tag","embeddable":true,"href":"https:\/\/notipampa.com\/index.php?rest_route=%2Fwp%2Fv2%2Ftags&post=13905"}],"curies":[{"name":"wp","href":"https:\/\/api.w.org\/{rel}","templated":true}]}}