{"id":13866,"date":"2024-07-09T18:22:17","date_gmt":"2024-07-09T21:22:17","guid":{"rendered":"https:\/\/notipampa.com\/?p=13866"},"modified":"2024-07-09T18:22:19","modified_gmt":"2024-07-09T21:22:19","slug":"espana-derroto-2-1-a-francia-y-jugara-la-final-de-la-eurocopa-el-proximo-domingo","status":"publish","type":"post","link":"https:\/\/notipampa.com\/?p=13866","title":{"rendered":"Espa\u00f1a derrot\u00f3 2-1 a Francia y jugar\u00e1 la final de la Eurocopa el pr\u00f3ximo domingo"},"content":{"rendered":"\n<p><strong>Los subcampeones del mundo se impon\u00edan en M\u00fanich con un gol de Kolo Muani, pero el equipo de De la Fuente pas\u00f3 al frente en cuatro minutos y espera por el vencedor de Pa\u00edses Bajos-Inglaterra<\/strong><\/p>\n\n\n\n<p>La<strong>&nbsp;selecci\u00f3n de Espa\u00f1a&nbsp;<\/strong>derrot\u00f3 2-1 a&nbsp;<strong>Francia<\/strong>&nbsp;en M\u00fanich y avanz\u00f3 a la&nbsp;<strong>final&nbsp;<\/strong>de la&nbsp;<strong>Eurocopa<\/strong>, en la que se medir\u00e1 el pr\u00f3ximo domingo 14 de julio contra el granador de la otra semifinal que jugar\u00e1n ma\u00f1ana&nbsp;<strong>Inglaterra y Pa\u00edses Bajos<\/strong>. Para la&nbsp;<em>Roja&nbsp;<\/em>ser\u00e1&nbsp;<strong>su quinta definici\u00f3n en el torneo del&nbsp;<\/strong><em><strong>Viejo Continente<\/strong><\/em>&nbsp;y en caso de obtener el triunfo pasar\u00eda a ser el equipo con m\u00e1s t\u00edtulos (4).<\/p>\n\n\n\n<p>El conjunto que dirige&nbsp;<strong>Luis de la Fuente&nbsp;<\/strong>gan\u00f3 con total justicia y supo dar vuelta el marcador en apenas cuatro minutos para llevarse la victoria con los goles de&nbsp;<strong>Lamine Yamal&nbsp;<\/strong>y&nbsp;<strong>Jules Kound\u00e9<\/strong>, en contra. Hab\u00eda adelantado al subcampe\u00f3n del mundo&nbsp;<strong>Randal Kolo Muani<\/strong>.<\/p>\n\n\n\n<p>En un primer tiempo realmente emotivo, el equipo espa\u00f1ol tom\u00f3 el control y cont\u00f3 con la primera llegada al arco rival a los 5 minutos.&nbsp;<strong>Lamine Yamal&nbsp;<\/strong>sac\u00f3 un centro desde la banda derecha para la llegada de<strong>&nbsp;Fabi\u00e1n Ruiz<\/strong>, quien cabece\u00f3 apenas desviado.<\/p>\n\n\n\n<p>Tras el llamado de atenci\u00f3n de Espa\u00f1a, Francia reaccion\u00f3 casi de inmediato y a los 8\u2032,&nbsp;<strong>Randal Kolo Muani<\/strong>&nbsp;conect\u00f3 de cabeza un preciso dentro desde la izquierda ejecutado por&nbsp;<strong>Kylian Mbapp\u00e9<\/strong>. El delantero del PSG&nbsp;<strong>dej\u00f3 petrificado al arquero Unai Sim\u00f3n<\/strong>&nbsp;y puso el 1-0 para el conjunto de Didier Deschamps, que en su primera aproximaci\u00f3n factur\u00f3.<\/p>\n\n\n\n<p><img fetchpriority=\"high\" decoding=\"async\" alt=\"Kylian Mbapp\u00e9 se abraza con Randal Kolo Muani luego del gol de Francia ante Espa\u00f1a (REUTERS\/Leonhard Simon)\" height=\"1226\" width=\"1713\" class=\"\" src=\"https:\/\/www.infobae.com\/new-resizer\/Ng8MOgUt9UvDXXG9Nvf3l005AOk=\/420x315\/filters:format(webp):quality(85)\/cloudfront-us-east-1.images.arcpublishing.com\/infobae\/HUIV65K3T237IKUND3WEANZ5FY.jpg%20420w\" srcset=\"https:\/\/www.infobae.com\/new-resizer\/Ng8MOgUt9UvDXXG9Nvf3l005AOk=\/420x315\/filters:format(webp):quality(85)\/cloudfront-us-east-1.images.arcpublishing.com\/infobae\/HUIV65K3T237IKUND3WEANZ5FY.jpg 420w,https:\/\/www.infobae.com\/new-resizer\/_nEXPFRySJiT6cQr69smkxXg8CY=\/768x576\/filters:format(webp):quality(85)\/cloudfront-us-east-1.images.arcpublishing.com\/infobae\/HUIV65K3T237IKUND3WEANZ5FY.jpg 768w,https:\/\/www.infobae.com\/new-resizer\/ByiFOa9BaxXN-5pzwkgecd_-wSw=\/992x744\/filters:format(webp):quality(85)\/cloudfront-us-east-1.images.arcpublishing.com\/infobae\/HUIV65K3T237IKUND3WEANZ5FY.jpg 992w,https:\/\/www.infobae.com\/new-resizer\/5r9GoMDfZllVDq2WkffcffS8wU0=\/1200x900\/filters:format(webp):quality(85)\/cloudfront-us-east-1.images.arcpublishing.com\/infobae\/HUIV65K3T237IKUND3WEANZ5FY.jpg 1200w,https:\/\/www.infobae.com\/new-resizer\/mXsqcKZF-G9kZJhi7KvZP1kmry0=\/1440x1080\/filters:format(webp):quality(85)\/cloudfront-us-east-1.images.arcpublishing.com\/infobae\/HUIV65K3T237IKUND3WEANZ5FY.jpg 1440w\">Kylian Mbapp\u00e9 se abraza con Randal Kolo Muani luego del gol de Francia ante Espa\u00f1a (REUTERS\/Leonhard Simon)<\/p>\n\n\n\n<p>La\u00a0<em>Roja\u00a0<\/em>continu\u00f3 atacando por los flancos a\u00a0<em>Le<\/em>\u00a0<em>Bleus\u00a0<\/em>y obtuvo una gran recompensa a los 21 minutos,\u00a0gracias a una acci\u00f3n individual de Yamal. El joven de\u00a0<strong>16 a\u00f1os<\/strong>\u00a0se sac\u00f3 de encima a un rival y sac\u00f3 un remate desde afuera del \u00e1rea con efecto que se meti\u00f3 en el \u00e1ngulo superior derecho del arco de Mike Maignan y signific\u00f3 el\u00a0<strong>1-1 de Espa\u00f1a<\/strong>.<\/p>\n\n\n\n<p>Cuatro minutos despu\u00e9s,&nbsp;<strong>Jes\u00fas Navas<\/strong>&nbsp;hizo un env\u00edo al \u00e1rea y, tras el rechazo de<strong>&nbsp;William Saliba<\/strong>, la pelota le qued\u00f3 a&nbsp;<strong>Dani Olmo<\/strong>. El 10 de la&nbsp;<em>Roja<\/em>&nbsp;hizo una pisada para sacar ventaja y remat\u00f3 al arco. La pelota encontr\u00f3 al bot\u00edn de<strong>&nbsp;Jules Kound\u00e9<\/strong>, quien en su af\u00e1n por despejar, termin\u00f3 por meterla en su propia meta para el 2-1 del seleccionado ib\u00e9rico.<\/p>\n\n\n\n<p>En el complemento, los franceses intentaron volver a retomar el control que alg\u00fan momento de la etapa inicial hab\u00edan conseguido, pero no gravitaron ni con Dembel\u00e9, ni con Mbapp\u00e9 y extra\u00f1aron la generaci\u00f3n de juego de&nbsp;<strong>Antoine Griezmann<\/strong>&nbsp;-ingres\u00f3 a los 61 minutos-.<\/p>\n\n\n\n<p>Espa\u00f1a, por su parte, se hizo eje del bal\u00f3n, tocando y distribuyendo con sus mediocampistas de buen pie como&nbsp;<strong>Rodri<\/strong>,&nbsp;<strong>Fabi\u00e1n Ruiz<\/strong>&nbsp;y<strong>&nbsp;Dani Olmo<\/strong>&nbsp;y no sufri\u00f3 demasiados sobresaltos en el encuentro. A los 59 minutos Francia reaccion\u00f3 con una llegada profunda al \u00e1rea. N\u2019Golo Kant\u00e9 meti\u00f3 un pase filtrado para Dembel\u00e9, quien busc\u00f3 el centro para Mbapp\u00e9, pero el arquero Sim\u00f3n rechaz\u00f3 con su brazo izquierdo.<\/p>\n\n\n\n<p><img decoding=\"async\" alt=\"Lamine Yamal y Dani Olmos, los dos protagonistas espa\u00f1oles de la semifinal ante Francia, festejan el pase de su equipo a la final de la Eurocopa tras el pitazo del \u00e1rbitro (REUTERS\/Michaela Stache)\" height=\"3306\" width=\"4405\" class=\"\" src=\"https:\/\/www.infobae.com\/new-resizer\/C1lu_rDNQVLWacBp6gIZhmFPZ2s=\/420x315\/filters:format(webp):quality(85)\/cloudfront-us-east-1.images.arcpublishing.com\/infobae\/GHKIDGSSM2LLDXIQTQBNVAF3W4.jpg%20420w\" srcset=\"https:\/\/www.infobae.com\/new-resizer\/C1lu_rDNQVLWacBp6gIZhmFPZ2s=\/420x315\/filters:format(webp):quality(85)\/cloudfront-us-east-1.images.arcpublishing.com\/infobae\/GHKIDGSSM2LLDXIQTQBNVAF3W4.jpg 420w,https:\/\/www.infobae.com\/new-resizer\/t85D9BfP7gYKUGUu2Ml4Ru9x-9M=\/768x576\/filters:format(webp):quality(85)\/cloudfront-us-east-1.images.arcpublishing.com\/infobae\/GHKIDGSSM2LLDXIQTQBNVAF3W4.jpg 768w,https:\/\/www.infobae.com\/new-resizer\/IzIiwBcRKEc7MMfYGn0W_W1o9Y4=\/992x744\/filters:format(webp):quality(85)\/cloudfront-us-east-1.images.arcpublishing.com\/infobae\/GHKIDGSSM2LLDXIQTQBNVAF3W4.jpg 992w,https:\/\/www.infobae.com\/new-resizer\/pckyJtS_zbAHQsyqklkztGRAwJA=\/1200x900\/filters:format(webp):quality(85)\/cloudfront-us-east-1.images.arcpublishing.com\/infobae\/GHKIDGSSM2LLDXIQTQBNVAF3W4.jpg 1200w,https:\/\/www.infobae.com\/new-resizer\/puCu53z3_AnrSlhUYLqLmRLyhMg=\/1440x1080\/filters:format(webp):quality(85)\/cloudfront-us-east-1.images.arcpublishing.com\/infobae\/GHKIDGSSM2LLDXIQTQBNVAF3W4.jpg 1440w\">Lamine Yamal y Dani Olmos, los dos protagonistas espa\u00f1oles de la semifinal ante Francia, festejan el pase de su equipo a la final de la Eurocopa tras el pitazo del \u00e1rbitro (REUTERS\/Michaela Stache)<\/p>\n\n\n\n<p>Los de De la Fuente tuvieron otra acci\u00f3n de&nbsp;<strong>Yamal<\/strong>, una de las figuras de la cancha, con un remate del juvenil desde afuera del \u00e1rea que&nbsp;<strong>pas\u00f3 a cent\u00edmetros del travesa\u00f1o de Maignan<\/strong>&nbsp;(81\u2032). No necesit\u00f3 Espa\u00f1a de m\u00e1s llegadas al arco antag\u00f3nico, ya que domin\u00f3 a partir de la tenencia de la pelota y la desesperaci\u00f3n de Francia por empatar. Un empate que no lleg\u00f3 ni siquiera con un&nbsp;<strong>disparo lejano<\/strong>&nbsp;de&nbsp;<strong>Mbapp\u00e9<\/strong>&nbsp;(85\u2032) que se fue demasiado alto.<\/p>\n\n\n\n<p>De esta manera, la selecci\u00f3n espa\u00f1ola, con una generaci\u00f3n de nuevos jugadores con mucho talento de mitad de cancha hacia adelante,\u00a0<strong>volver\u00e1 a jugar una final de Eurocopa tras 12 a\u00f1os<\/strong>. Ser\u00e1 el pr\u00f3ximo domingo en el\u00a0<em>Estadio Ol\u00edmpico<\/em>\u00a0de Berl\u00edn ante<strong>\u00a0Pa\u00edses Bajos o Inglaterra<\/strong>, que se medir\u00e1n ma\u00f1ana en Dortmund. La\u00a0<em>Roja\u00a0<\/em>ya sabe lo que es consagrarse campeona del certamen y lo hizo en tres oportunidades: 1964, 2008 y 2012. Junto con Alemania, son las selecciones m\u00e1s ganadoras en el\u00a0<em>Viejo Continente<\/em>.<\/p>\n\n\n\n<p><strong>\u00c1rbitro:&nbsp;<\/strong>Slavko Vincic (SLO).<\/p>\n\n\n\n<p><strong>Estadio:<\/strong>&nbsp;Allianz Arena de M\u00fanich<\/p>\n\n\n\n<p><strong>TV<\/strong>: DGO\/ Disney +\/ESPN<\/p>\n","protected":false},"excerpt":{"rendered":"<p>Los subcampeones del mundo se impon\u00edan en M\u00fanich con un gol de Kolo Muani, pero el equipo de De la<\/p>\n","protected":false},"author":1,"featured_media":13867,"comment_status":"open","ping_status":"open","sticky":false,"template":"","format":"standard","meta":{"colormag_page_container_layout":"default_layout","colormag_page_sidebar_layout":"default_layout","footnotes":""},"categories":[10,14,8],"tags":[],"class_list":["post-13866","post","type-post","status-publish","format-standard","has-post-thumbnail","hentry","category-sports","category-mundo","category-ultimas-noticias"],"_links":{"self":[{"href":"https:\/\/notipampa.com\/index.php?rest_route=\/wp\/v2\/posts\/13866","targetHints":{"allow":["GET"]}}],"collection":[{"href":"https:\/\/notipampa.com\/index.php?rest_route=\/wp\/v2\/posts"}],"about":[{"href":"https:\/\/notipampa.com\/index.php?rest_route=\/wp\/v2\/types\/post"}],"author":[{"embeddable":true,"href":"https:\/\/notipampa.com\/index.php?rest_route=\/wp\/v2\/users\/1"}],"replies":[{"embeddable":true,"href":"https:\/\/notipampa.com\/index.php?rest_route=%2Fwp%2Fv2%2Fcomments&post=13866"}],"version-history":[{"count":1,"href":"https:\/\/notipampa.com\/index.php?rest_route=\/wp\/v2\/posts\/13866\/revisions"}],"predecessor-version":[{"id":13868,"href":"https:\/\/notipampa.com\/index.php?rest_route=\/wp\/v2\/posts\/13866\/revisions\/13868"}],"wp:featuredmedia":[{"embeddable":true,"href":"https:\/\/notipampa.com\/index.php?rest_route=\/wp\/v2\/media\/13867"}],"wp:attachment":[{"href":"https:\/\/notipampa.com\/index.php?rest_route=%2Fwp%2Fv2%2Fmedia&parent=13866"}],"wp:term":[{"taxonomy":"category","embeddable":true,"href":"https:\/\/notipampa.com\/index.php?rest_route=%2Fwp%2Fv2%2Fcategories&post=13866"},{"taxonomy":"post_tag","embeddable":true,"href":"https:\/\/notipampa.com\/index.php?rest_route=%2Fwp%2Fv2%2Ftags&post=13866"}],"curies":[{"name":"wp","href":"https:\/\/api.w.org\/{rel}","templated":true}]}}