{"id":13661,"date":"2024-06-18T09:48:12","date_gmt":"2024-06-18T12:48:12","guid":{"rendered":"https:\/\/notipampa.com\/?p=13661"},"modified":"2024-06-18T09:48:13","modified_gmt":"2024-06-18T12:48:13","slug":"busqueda-de-loan-hallaron-huellas-humanas-pequenas-y-el-ministerio-de-seguridad-ofrece-una-recompensa-de-5-millones","status":"publish","type":"post","link":"https:\/\/notipampa.com\/?p=13661","title":{"rendered":"B\u00fasqueda de Loan: hallaron huellas humanas peque\u00f1as y el Ministerio de Seguridad ofrece una recompensa de $5 millones"},"content":{"rendered":"\n<p>En el marco de la intensa b\u00fasqueda de Loan, el peque\u00f1o de cinco a\u00f1os que desapareci\u00f3 en el paraje El Algarrobal, de Corrientes, hallaron este lunes huellas humanas peque\u00f1as y otros rastros.<\/p>\n\n\n\n<p>El subdirector de Defensa Civil Bruno Lovinson confirm\u00f3 el hallazgo a medios locales.&nbsp;<\/p>\n\n\n\n<p><strong>\u201cEncontramos huellas de una persona chica, podr\u00eda ser \u00e9l\u201d,&nbsp;<\/strong>expres\u00f3 el funcionario en medio de la b\u00fasqueda en la que participaban unas 600 personas.&nbsp;<\/p>\n\n\n\n<p>Durante el operativo, los equipos de rescate tambi\u00e9n encontraron materia fecal y v\u00f3mito, lo que podr\u00eda ser un indicio de que el ni\u00f1o segu\u00eda con vida, consign\u00f3 el sitio de Radio Sudamericana.&nbsp;<\/p>\n\n\n\n<p><strong>&nbsp;\u201cNo vamos a parar el operativo hasta no encontrarlo\u201d<\/strong>, asegur\u00f3 Lovinson, mientras voluntarios continuaban recorriendo la vasta \u00e1rea en un esfuerzo conjunto por localizar al ni\u00f1o y devolverlo a salvo con su familia.<\/p>\n\n\n\n<p>La b\u00fasqueda de&nbsp;Loan Danilo Peralta, el ni\u00f1o de 5 a\u00f1os que se encuentra desaparecido en Corrientes, no cesa y, en las \u00faltimas horas,&nbsp;el padre dio detalles de los tres sospechosos demorados, mientras que adem\u00e1s se hallaron pistas claves para la causa.<\/p>\n\n\n\n<figure class=\"wp-block-image\"><img decoding=\"async\" src=\"https:\/\/www.infopico.com\/wp-content\/uploads\/2024\/06\/720-5.webp\" alt=\"\" class=\"wp-image-269861\"\/><\/figure>\n\n\n\n<p>El menor desapareci\u00f3 el pasado jueves 13 de junio en la zona rural del municipio 9 de Julio en la citada provincia,&nbsp;<strong>cuando sali\u00f3 con sus primos y tres adultos<\/strong>. Todos regresaron menos Loan.<\/p>\n\n\n\n<p>Ante la activaci\u00f3n del<strong>&nbsp;Alerta Sof\u00eda<\/strong>, se comenzaron a llevar a caco<strong>&nbsp;rastrillajes m\u00e1s profundos<\/strong>&nbsp;en dicha localidad y en la jornada del s\u00e1bado las autoridades informaron que se sumaron a la&nbsp;b\u00fasqueda<strong>&nbsp;efectivos del Ej\u00e9rcito, la Gendarmer\u00eda y la Polic\u00eda Federal.<\/strong><\/p>\n\n\n\n<p>El&nbsp;Sistema Federal de&nbsp;B\u00fasqueda de Personas&nbsp;Extraviadas y&nbsp;Desaparecidas del Ministerio de Seguridad ofrece una<strong>&nbsp;recompensa&nbsp;de&nbsp;$5&nbsp;millones<\/strong>&nbsp;para todo aquel que aporte datos certeros de d\u00f3nde podr\u00eda estar&nbsp;Loan Danilo Pe\u00f1a,&nbsp;el menor de cinco a\u00f1os que desapareci\u00f3 en Corrientes.<\/p>\n\n\n\n<p><strong>Leticia Risco<\/strong>, Coordinadora de b\u00fasqueda de personas desaparecidas, inform\u00f3 que, mientras contin\u00faan los rastrillajes, se elev\u00f3 una recompensa de $5 millones para que las personas que tengan informaci\u00f3n sobre el paradero del menor puedan hablar.<\/p>\n\n\n\n<p>Asimismo, a la vez que contin\u00faa el Alerta Sof\u00eda,&nbsp;<strong>Interpol&nbsp;<\/strong>anunci\u00f3 un&nbsp;<strong>alerta amarilla<\/strong>&nbsp;para los pa\u00edses lim\u00edtrofes y as\u00ed&nbsp;<strong>reforzar la b\u00fasqueda de Loan.<\/strong><\/p>\n\n\n\n<p>Desde la p\u00e1gina oficial de Interpol, se indica que un alerta amarilla&nbsp;<strong>\u201cs<\/strong><strong>e utiliza con el fin de colaborar en la localizaci\u00f3n de personas desaparecidas, com\u00fanmente menores de edad, o en la identificaci\u00f3n de personas que son incapaces de identificarse por s\u00ed mismas\u201d.<\/strong><\/p>\n\n\n\n<figure class=\"wp-block-image\"><img decoding=\"async\" src=\"https:\/\/www.infopico.com\/wp-content\/uploads\/2024\/06\/720-2-1.webp\" alt=\"\" class=\"wp-image-269860\"\/><\/figure>\n\n\n\n<p>Otra de las cuestiones que resalt\u00f3 es que en estos cuatro d\u00edas de b\u00fasqueda hubo&nbsp;<strong>varios llamados al 134<\/strong>&nbsp;que, tras analizarlos, se constat\u00f3 que todos eran&nbsp;<strong>negativos<\/strong>.&nbsp;<\/p>\n\n\n\n<p>Este lunes, tras el hallazgo de elementos importantes en la causa como, por ejemplo,&nbsp;<strong>una zapatilla, materia fecal, 10 huellas de pies y v\u00f3mitos<\/strong>, el ministro destac\u00f3: \u201cEstamos organizando un<strong>&nbsp;<\/strong><strong>rastrillaje en la Estancia La Laguna donde 600 efectivos va a peritar la zona.<\/strong><strong>&nbsp;<\/strong>Va a ser un trabajo intenso durante todo el d\u00eda donde esperamos encontrar al menor\u201d.<\/p>\n\n\n\n<h1 class=\"wp-block-heading\">Demoraron a tres adultos por la desaparici\u00f3n de un chico de cinco a\u00f1os<\/h1>\n\n\n\n<p><strong>Tres adultos, los \u00faltimos que habr\u00edan visto a Loan Danilo Pe\u00f1a, fueron demorados por la polic\u00eda de Corrientes,&nbsp;<\/strong>mientras contin\u00faa la intensa b\u00fasqueda del menor, desaparecido dos d\u00edas atr\u00e1s en 9 de Julio, una localidad cercana a la capital provincial.<\/p>\n\n\n\n<p>As\u00ed lo confirm\u00f3&nbsp;<strong>Buenaventura Duarte,&nbsp;<\/strong>ministro de Seguridad de la provincia, quien hoy se reuni\u00f3 con el jefe de la polic\u00eda local, &nbsp;Armando Molina, para coordinar distintos detalles del operativo junto a autoridades nacionales.<\/p>\n\n\n\n<p><strong>\u201cSe demor\u00f3 a tres personas, las \u00faltimas que vieron al chico\u201d,<\/strong>&nbsp;dijo Duarte, en declaraciones a la prensa local, y a\u00f1adi\u00f3 que \u201ctodas estuvieron en un almuerzo por el D\u00eda de San Antonio\u201d. Adem\u00e1s, remarc\u00f3 que \u201c<strong>se est\u00e1 haciendo un operativo muy fuerte, ya que creemos que el chico todav\u00eda est\u00e1 en la zona\u201d.<\/strong><\/p>\n\n\n\n<p>El epicentro de los rastrillajes es la&nbsp;<strong>Ruta Nacional 123,<\/strong>&nbsp;en las inmediaciones de 9 de Julio, donde polic\u00edas y bomberos ya inspeccionaron varias viviendas.<\/p>\n","protected":false},"excerpt":{"rendered":"<p>En el marco de la intensa b\u00fasqueda de Loan, el peque\u00f1o de cinco a\u00f1os que desapareci\u00f3 en el paraje El<\/p>\n","protected":false},"author":1,"featured_media":13662,"comment_status":"open","ping_status":"open","sticky":false,"template":"","format":"standard","meta":{"colormag_page_container_layout":"default_layout","colormag_page_sidebar_layout":"default_layout","footnotes":""},"categories":[5,56,8],"tags":[],"class_list":["post-13661","post","type-post","status-publish","format-standard","has-post-thumbnail","hentry","category-nacionales","category-policiales","category-ultimas-noticias"],"_links":{"self":[{"href":"https:\/\/notipampa.com\/index.php?rest_route=\/wp\/v2\/posts\/13661","targetHints":{"allow":["GET"]}}],"collection":[{"href":"https:\/\/notipampa.com\/index.php?rest_route=\/wp\/v2\/posts"}],"about":[{"href":"https:\/\/notipampa.com\/index.php?rest_route=\/wp\/v2\/types\/post"}],"author":[{"embeddable":true,"href":"https:\/\/notipampa.com\/index.php?rest_route=\/wp\/v2\/users\/1"}],"replies":[{"embeddable":true,"href":"https:\/\/notipampa.com\/index.php?rest_route=%2Fwp%2Fv2%2Fcomments&post=13661"}],"version-history":[{"count":1,"href":"https:\/\/notipampa.com\/index.php?rest_route=\/wp\/v2\/posts\/13661\/revisions"}],"predecessor-version":[{"id":13663,"href":"https:\/\/notipampa.com\/index.php?rest_route=\/wp\/v2\/posts\/13661\/revisions\/13663"}],"wp:featuredmedia":[{"embeddable":true,"href":"https:\/\/notipampa.com\/index.php?rest_route=\/wp\/v2\/media\/13662"}],"wp:attachment":[{"href":"https:\/\/notipampa.com\/index.php?rest_route=%2Fwp%2Fv2%2Fmedia&parent=13661"}],"wp:term":[{"taxonomy":"category","embeddable":true,"href":"https:\/\/notipampa.com\/index.php?rest_route=%2Fwp%2Fv2%2Fcategories&post=13661"},{"taxonomy":"post_tag","embeddable":true,"href":"https:\/\/notipampa.com\/index.php?rest_route=%2Fwp%2Fv2%2Ftags&post=13661"}],"curies":[{"name":"wp","href":"https:\/\/api.w.org\/{rel}","templated":true}]}}