{"id":13391,"date":"2024-05-23T08:26:30","date_gmt":"2024-05-23T11:26:30","guid":{"rendered":"https:\/\/notipampa.com\/?p=13391"},"modified":"2024-05-23T08:26:30","modified_gmt":"2024-05-23T11:26:30","slug":"la-pampa-conmemoracion-del-25-de-mayo-y-otras-opciones-en-la-agenda-cultural","status":"publish","type":"post","link":"https:\/\/notipampa.com\/?p=13391","title":{"rendered":"La Pampa: Conmemoraci\u00f3n del 25 de Mayo y otras opciones en la agenda cultural"},"content":{"rendered":"\n<p><strong>Pe\u00f1as folcl\u00f3ricas para celebrar el D\u00eda de la Patria, m\u00fasica de c\u00e1mara con la Banda Sinf\u00f3nica en el Museo de Historia Natural, capacitaci\u00f3n en General Acha, charlas y actividades de extensi\u00f3n en las salas de exposiciones, algunas de las propuestas para disfrutar en estos d\u00edas.<\/strong><\/p>\n\n\n\n<p>La Secretar\u00eda de Cultura del Gobierno de La Pampa junto a municipios pampeanos invitan a sumarse y acompa\u00f1ar las distintas propuestas art\u00edstico culturales.<\/p>\n\n\n\n<p><strong>S\u00e1bado 25&nbsp;|&nbsp;214\u00b0 aniversario de la Revoluci\u00f3n de Mayo<br>Anguil<\/strong><br>Acto Central&nbsp;con presencia de autoridades provinciales, municipales y el Ej\u00e9rcito Argentino.<br>9:50.&nbsp;Recepci\u00f3n de autoridades provinciales en el hall municipal.<br>11 horas. Tedeum y luego comienzo del acto central donde se entonar\u00e1n las estrofas del Himno Nacional Argentino, se saludar\u00e1 a las tropas y se escuchar\u00e1n discursos alusivos a la fecha patria. Tambi\u00e9n se dar\u00e1 lectura y se entregar\u00e1 la Resoluci\u00f3n Municipal respectiva. Desfile c\u00edvico militar.<br>Ser\u00e1 transmitido por la Televisi\u00f3n P\u00fablica Pampeana (TVPP).&nbsp;<strong>Santa Isabel<br>Polideportivo<\/strong>&nbsp;10:00. Recepci\u00f3n del p\u00fablico con chocolate caliente.<br>10:30. Acto protocolar.<br>11:00. Presentaciones art\u00edsticas: Ballet Municipal. Taller de Expresi\u00f3n Corporal. Sentir Pampeano 3er. grado de la Escuela Hogar N.\u00ba 99. La Familia. Cumel\u00e9n.<\/p>\n\n\n\n<p><strong>Alta Italia<\/strong><br>Sal\u00f3n de usos m\u00faltiples Oscar Flores<br>12:00hs.: Acto oficial en Plaza San Mart\u00edn.<br>14:00hs.: &#8220;Gran Pe\u00f1a del 25&#8221; con la actuaci\u00f3n de Thomas Vazquez, Brian y Gabi y Taller de folclore y taller de bastoneras. Comidas t\u00edpicas. Entrada libre y gratuita.<\/p>\n\n\n\n<p><strong>Bernasconi<\/strong><br>21:00 | Sal\u00f3n de usos m\u00faltiples municipal<br>Pe\u00f1a folcl\u00f3rica&nbsp;con la actuaci\u00f3n especial de Nieves Cabral, la participaci\u00f3n de pe\u00f1as Agrupaci\u00f3n Llankirai (Bernasconi), Pe\u00f1a 16 de Marzo (Bernasconi), Agrupaci\u00f3n Lihue (Jacinto Arauz) y la presentaci\u00f3n del taller de canto de Pablo Spada de Bernasconi. Concurso de empanadas, feriantes, coleccionistas, comidas t\u00edpicas.<\/p>\n\n\n\n<p><strong>Capacitaci\u00f3n<br>General Acha<br>Jueves 23 | 10 | Teatro Padre \u00c1ngel Buodo (Conesa 891).<\/strong><br>Capacitaci\u00f3n en&nbsp;T\u00e9cnica de Sonido e Iluminaci\u00f3n&nbsp;a cargo de t\u00e9cnicos de la Secretar\u00eda de Cultura del Gobierno de La Pampa. Abordar\u00e1n herramientas para el manejo y programaci\u00f3n de consolas digitales de sonido e iluminaci\u00f3n, para producciones en vivo. La capacitaci\u00f3n est\u00e1 orientada a t\u00e9cnicos y personas interesadas de la Zona Sur de la Provincia con o sin experiencia, tanto de salas p\u00fablicas como privadas. Es gratuita y no se requiere inscripci\u00f3n previa.<br>Consultas al 2954 37 2309.<\/p>\n\n\n\n<p><strong>Danzas<br>Speluzzi<br>S\u00e1bado 1\u00b0 junio | De 17 a 23 | SUM | Avenida 25 de Mayo e\/ calles 9 y 11.<\/strong><br>Multidanza.&nbsp;Primer Encuentro Regional&nbsp;de Danza&nbsp;(interdisciplinario e integrador).<br>Organizan: Ballet \u201cHuella Pampa\u201d y Academia \u201cLihuen\u201d.<\/p>\n\n\n\n<p><strong>Espacio de Arte&nbsp;\u201cEduardo Di Nardo\u201d &#8211; Santa Rosa<br>La artista Florencia Marrapodi exhibe \u00bfDe cu\u00e1ntos sentires se arma un paisaje?<\/strong><br>El proyecto que presenta Florencia se conforma de una serie de pinturas donde indaga sobre las corporalidades sensibles, construyendo escenarios donde la cotidianeidad y la fantas\u00eda se mezclan. El cuerpo autoperceptivo y expresivo, como territorio sensible para comprender. Privilegia los sentidos, las emociones, la experiencia directa con las cosas como forma de relacionarse con el mundo. Personas, animales y paisajes se conectan y se transforman.<br>Abierto de lunes a viernes de 8 a 12. S\u00e1bado y domingo de 17 a 19. Acceso libre y gratuito. Cierre: 23 de junio de 2024.<\/p>\n\n\n\n<p>&nbsp;<strong>S\u00e1bado 1 de junio<\/strong>&nbsp;<strong>ExpoDanza 2024 en el&nbsp;Centro Cultural MEDASUR de Santa Rosa.&nbsp;Organiza:&nbsp;Asociaci\u00f3n Pampeana de Danza.&nbsp;<\/strong>&nbsp;Tiene como objetivo ampliar la red de industrias culturales, visibilizar a trabajadoras y trabajadores de la cultura y potenciar espec\u00edficamente el sector de la danza a trav\u00e9s de la promoci\u00f3n, difusi\u00f3n y fortalecimiento de todas sus formas comerciales.<br>Esta edici\u00f3n&nbsp;contar\u00e1 con una&nbsp;Feria de la Danza&nbsp;donde se emplazar\u00e1n stands&nbsp;con las propuestas que ofrecen y llevan a cabo grupos,&nbsp;academias&nbsp;o escuelas&nbsp;en distintas&nbsp;comunidades y espacios. A trav\u00e9s de folletos, im\u00e1genes, exposici\u00f3n de trayectoria, videos, vestuarios, en&nbsp;cada stand&nbsp;mostrar\u00e1n&nbsp;cu\u00e1les son sus activos culturales.<br>Escenario abierto&nbsp;con presentaciones breves&nbsp;de&nbsp;producciones de las y los hacedores de la danza de la ciudad y alrededores.<br>Danzario:&nbsp;espacio de intercambio abierto de pr\u00e1cticas o din\u00e1micas de la disciplina, en el cual pueden participar todas las personas que asistan al evento en forma libre y gratuita. Se trata de propuestas de improvisaci\u00f3n, fragmentos de clase o entrenamiento, tanditas milongueras, mini pe\u00f1as folkl\u00f3ricas y otras actividades propuestas por las personas que exponen en la feria.<br>ExpoDanza 2024&nbsp;cuenta con el apoyo de la Secretar\u00eda de Cultura del Gobierno de La Pampa y la Secretar\u00eda de Cultura y Educaci\u00f3n de la Municipalidad de Santa Rosa.<\/p>\n\n\n\n<p><strong>Centro de Artes | Leguizam\u00f3n 1125<\/strong>&nbsp;<strong>Auditorio \u201cAldo Umazano\u201d.<br>Jueves 23,&nbsp;de&nbsp;10 a 12 |&nbsp;Viernes 24,&nbsp;de&nbsp;15 a 17<\/strong><br>Audici\u00f3n&nbsp;para una obra de teatro.&nbsp;Destinatarios: j\u00f3venes entre 11 y 16 a\u00f1os. No es requisito haber estudiado teatro. La b\u00fasqueda est\u00e1 orientada a un chico y una chica para completar un elenco, que ya cuenta con tres j\u00f3venes int\u00e9rpretes.<br>La direcci\u00f3n de la obra est\u00e1 a cargo de la actriz, directora y docente Silvina D\u00b4Atri. Los ensayos son los d\u00edas jueves de 18 a 20, en APE (Asociaci\u00f3n Pampeana de Escritores), Lordi 73, Santa Rosa.<\/p>\n\n\n\n<p><strong>Sala \u201cMarta Arangoa\u201d<\/strong><br>Tian Ortiz presenta \u201cIdentidad Intempestiva\u201d,&nbsp;una producci\u00f3n de esculturas que nace de la necesidad de asumir, aceptar y validar el recorrido de un proceso interno. Las obras est\u00e1n compuestas de distintos materiales, cer\u00e1mica, chapa, hierro, maderas, elegidos meticulosamente. En ese conjunto de l\u00edneas, enredos, materiales y espacios vac\u00edos est\u00e1 su historia.<br>D\u00edas y horarios, con entrada libre y gratuita, esta muestra podr\u00e1 visitarse&nbsp;hasta el 30 de junio,&nbsp;de lunes a viernes de 8 a 13 y de mi\u00e9rcoles a viernes de 15 a 18.<br>Para coordinar recorridos guiados y\/o mediaciones eventuales, comunicarse con Mariela In\u00e9s Gonz\u00e1lez (2954 67 7510).<\/p>\n\n\n\n<p><strong>Exposiciones<br>Museo Provincial de Artes | 9 de Julio y Villegas<\/strong><br>\u00daltimo d\u00edas de&nbsp;&#8220;Ni\u00f1o Bosque, una investigaci\u00f3n en proceso&#8221; de la artista Ana Paula Di Nardo con la curadur\u00eda de Eva Dolard y performance de Florencia Pumilla; y &#8220;De dioses, can\u00edbales, amantes y otros monstruos que demoraron a Ulises&#8221; de la artista Florencia Melo.<br>Ambas muestras&nbsp;pueden visitarse hasta&nbsp;este&nbsp;domingo 26&nbsp;de mayo,&nbsp;de lunes a viernes de 8 a 13 y de 14 a 19. S\u00e1bado y domingo de 17:30 a 19:30. Entrada libre y gratuita. Para coordinar visitas de colegios comunicarse al tel\u00e9fono fijo 02954 42 7332.<\/p>\n\n\n\n<p><strong>Actividades de extensi\u00f3n<br>Domingo 26 | 17:30&nbsp;<\/strong><br>En el marco de la exposici\u00f3n&nbsp;Ni\u00f1o Bosque\u2026<br>\u201cDe&nbsp;Picnic\u201d.&nbsp;Animaci\u00f3n interactiva de Emilce Aimar&nbsp;(Casa Museo Olga Orozco)&nbsp;orientada a infancias.<\/p>\n\n\n\n<p><strong>Museo Provincial de Historia Natural | Quintana 116<br>Muestra permanente &#8220;Naturaleza y Cultura&#8221;.<\/strong><br>La muestra es el resultado de un proceso de trabajo sobre la conformaci\u00f3n de las colecciones, los ejes tem\u00e1ticos y la trama humana. Sostenida en una nueva estrategia museogr\u00e1fica que combina dise\u00f1o y comunicaci\u00f3n visual integral con diferentes objetos y espec\u00edmenes de las colecciones, relata el v\u00ednculo de los grupos humanos con la naturaleza. Se puede visitar de lunes a viernes de 8 a 13 y de 14 a 19. S\u00e1bado y domingo de 17:30 a 19:30. Acceso gratuito.<br>Actividades de extensi\u00f3n: Mi\u00e9rcoles 22 de mayo, de 19 a 21.<br>Ciclo \u201cMuseo en concierto\u201d.&nbsp;M\u00fasica de c\u00e1mara con m\u00fasicos\/as de la Banda Sinf\u00f3nica de La Pampa. Repite el tercer mi\u00e9rcoles de cada mes. Entrada libre y gratuita.<\/p>\n\n\n\n<p><strong>Toay<br>Casa Museo Olga Orozco | Av. Regimiento 13 de Caballer\u00eda 1102<br>Recorrido autoguiado<\/strong><br>Con acceso gratuito la Casa Museo propone un recorrido autoguiado por sus salas. Adem\u00e1s dispone de la Sala Educativa, abierta a todo p\u00fablico para jugar, leer e interactuar con el patrimonio del Museo.<br>Horarios de&nbsp;lunes a viernes de 9 a 17. S\u00e1bados y domingos de 17 a 20.<br>Invitan: Secretar\u00eda de Cultura Gobierno de La Pampa y Municipalidad de Toay.<\/p>\n","protected":false},"excerpt":{"rendered":"<p>Pe\u00f1as folcl\u00f3ricas para celebrar el D\u00eda de la Patria, m\u00fasica de c\u00e1mara con la Banda Sinf\u00f3nica en el Museo de<\/p>\n","protected":false},"author":1,"featured_media":13392,"comment_status":"open","ping_status":"open","sticky":false,"template":"","format":"standard","meta":{"colormag_page_container_layout":"default_layout","colormag_page_sidebar_layout":"default_layout","footnotes":""},"categories":[3,4,8],"tags":[],"class_list":["post-13391","post","type-post","status-publish","format-standard","has-post-thumbnail","hentry","category-entretenimiento","category-provincia","category-ultimas-noticias"],"_links":{"self":[{"href":"https:\/\/notipampa.com\/index.php?rest_route=\/wp\/v2\/posts\/13391","targetHints":{"allow":["GET"]}}],"collection":[{"href":"https:\/\/notipampa.com\/index.php?rest_route=\/wp\/v2\/posts"}],"about":[{"href":"https:\/\/notipampa.com\/index.php?rest_route=\/wp\/v2\/types\/post"}],"author":[{"embeddable":true,"href":"https:\/\/notipampa.com\/index.php?rest_route=\/wp\/v2\/users\/1"}],"replies":[{"embeddable":true,"href":"https:\/\/notipampa.com\/index.php?rest_route=%2Fwp%2Fv2%2Fcomments&post=13391"}],"version-history":[{"count":1,"href":"https:\/\/notipampa.com\/index.php?rest_route=\/wp\/v2\/posts\/13391\/revisions"}],"predecessor-version":[{"id":13393,"href":"https:\/\/notipampa.com\/index.php?rest_route=\/wp\/v2\/posts\/13391\/revisions\/13393"}],"wp:featuredmedia":[{"embeddable":true,"href":"https:\/\/notipampa.com\/index.php?rest_route=\/wp\/v2\/media\/13392"}],"wp:attachment":[{"href":"https:\/\/notipampa.com\/index.php?rest_route=%2Fwp%2Fv2%2Fmedia&parent=13391"}],"wp:term":[{"taxonomy":"category","embeddable":true,"href":"https:\/\/notipampa.com\/index.php?rest_route=%2Fwp%2Fv2%2Fcategories&post=13391"},{"taxonomy":"post_tag","embeddable":true,"href":"https:\/\/notipampa.com\/index.php?rest_route=%2Fwp%2Fv2%2Ftags&post=13391"}],"curies":[{"name":"wp","href":"https:\/\/api.w.org\/{rel}","templated":true}]}}