{"id":13385,"date":"2024-05-22T09:03:02","date_gmt":"2024-05-22T12:03:02","guid":{"rendered":"https:\/\/notipampa.com\/?p=13385"},"modified":"2024-05-22T09:03:03","modified_gmt":"2024-05-22T12:03:03","slug":"deportistas-de-alvear-participaron-de-la-primera-fecha-de-liga-de-futbol-para-personas-con-discapacidad","status":"publish","type":"post","link":"https:\/\/notipampa.com\/?p=13385","title":{"rendered":"Deportistas de Alvear participaron de la primera fecha de Liga de F\u00fatbol para Personas con Discapacidad"},"content":{"rendered":"\n<p><strong>Alrededor de 200 jugadores y jugadoras participaron de la primera fecha de la Liga Provincial de F\u00fatbol PCD, en la cancha de piso sint\u00e9tico del Polideportivo Butal\u00f3 de Santa Rosa<\/strong><\/p>\n\n\n\n<p>El certamen para deportistas con discapacidad intelectual desde los 16 a\u00f1os fue organizado por la Fundaci\u00f3n Rinc\u00f3n de Todos en conjunto con la Subsecretar\u00eda de Deportes de La Pampa, bajo las normas de Olimp\u00edadas Especiales.<br>Los partidos del s\u00e1bado tuvieron como prop\u00f3sito evaluar a los y las jugadoras para definir los equipos seg\u00fan los niveles, que comenzar\u00e1n a sumar puntos en la segunda fecha, a llevarse a cabo el 8 de junio.\u00a0<br>Asistieron a la primera cita del a\u00f1o futbolistas de Intendente Alvear, Realic\u00f3, Colonia Bar\u00f3n, Toay, General Acha, Catril\u00f3 y Santa Rosa. En tanto que en la pr\u00f3xima fecha se sumar\u00e1n Victorica y Guatrach\u00e9.<br>La competencia de f\u00fatbol PCD, cuya primera edici\u00f3n se realiz\u00f3 en 2011 con solamente cuatro localidades y 40 jugadores, tuvo un significativo crecimiento a trav\u00e9s de los a\u00f1os y los organizadores trabajan para que se sumen m\u00e1s chicos y chicas.\u00a0<br>\u201cLa jornada del s\u00e1bado fue un \u00e9xito. Como estaba previsto se jugaron partidos en dos canchas que se armaron sobre piso sint\u00e9tico y la actividad tuvo como fin realizar los testeos\u201d, dijo Sergio Manazzi, coordinador de Deporte Adaptado de la Subsecretar\u00eda de Deportes del Gobierno de La Pampa, a la Agencia Provincial de Noticias.<br>\u201cEste es el evento de deporte adaptado m\u00e1s importante que se realiza en la Provincia. Para la segunda fecha esperamos a m\u00e1s jugadores y jugadoras de Victorica y Guatrach\u00e9\u201d, coment\u00f3.<br>Por \u00faltimo, Manazzi record\u00f3 que como sucedi\u00f3 en 2023, los ganadores de los niveles A y B de la Liga ser\u00e1n sorteados para representar a La Pampa en el torneo nacional, que en la pr\u00f3xima edici\u00f3n se realizan en San Luis y San Rafael, Mendoza.<\/p>\n\n\n\n<figure class=\"wp-block-gallery has-nested-images columns-default is-cropped wp-block-gallery-1 is-layout-flex wp-block-gallery-is-layout-flex\">\n<figure class=\"wp-block-image size-large\"><img fetchpriority=\"high\" decoding=\"async\" width=\"817\" height=\"581\" data-id=\"13388\" src=\"https:\/\/notipampa.com\/wp-content\/uploads\/2024\/05\/442476569_492971159721869_5312957261829246143_n.jpg\" alt=\"\" class=\"wp-image-13388\" srcset=\"https:\/\/notipampa.com\/wp-content\/uploads\/2024\/05\/442476569_492971159721869_5312957261829246143_n.jpg 817w, https:\/\/notipampa.com\/wp-content\/uploads\/2024\/05\/442476569_492971159721869_5312957261829246143_n-300x213.jpg 300w, https:\/\/notipampa.com\/wp-content\/uploads\/2024\/05\/442476569_492971159721869_5312957261829246143_n-768x546.jpg 768w\" sizes=\"(max-width: 817px) 100vw, 817px\" \/><\/figure>\n\n\n\n<figure class=\"wp-block-image size-large\"><img decoding=\"async\" width=\"1024\" height=\"728\" data-id=\"13389\" src=\"https:\/\/notipampa.com\/wp-content\/uploads\/2024\/05\/442427114_492971156388536_7417894898524868982_n-1024x728.jpg\" alt=\"\" class=\"wp-image-13389\" srcset=\"https:\/\/notipampa.com\/wp-content\/uploads\/2024\/05\/442427114_492971156388536_7417894898524868982_n-1024x728.jpg 1024w, https:\/\/notipampa.com\/wp-content\/uploads\/2024\/05\/442427114_492971156388536_7417894898524868982_n-300x213.jpg 300w, https:\/\/notipampa.com\/wp-content\/uploads\/2024\/05\/442427114_492971156388536_7417894898524868982_n-768x546.jpg 768w, https:\/\/notipampa.com\/wp-content\/uploads\/2024\/05\/442427114_492971156388536_7417894898524868982_n.jpg 1080w\" sizes=\"(max-width: 1024px) 100vw, 1024px\" \/><\/figure>\n\n\n\n<figure class=\"wp-block-image size-large\"><img decoding=\"async\" width=\"805\" height=\"624\" data-id=\"13387\" src=\"https:\/\/notipampa.com\/wp-content\/uploads\/2024\/05\/441490414_492971143055204_1556635198998472563_n-1.jpg\" alt=\"\" class=\"wp-image-13387\" srcset=\"https:\/\/notipampa.com\/wp-content\/uploads\/2024\/05\/441490414_492971143055204_1556635198998472563_n-1.jpg 805w, https:\/\/notipampa.com\/wp-content\/uploads\/2024\/05\/441490414_492971143055204_1556635198998472563_n-1-300x233.jpg 300w, https:\/\/notipampa.com\/wp-content\/uploads\/2024\/05\/441490414_492971143055204_1556635198998472563_n-1-768x595.jpg 768w\" sizes=\"(max-width: 805px) 100vw, 805px\" \/><\/figure>\n<\/figure>\n","protected":false},"excerpt":{"rendered":"<p>Alrededor de 200 jugadores y jugadoras participaron de la primera fecha de la Liga Provincial de F\u00fatbol PCD, en la<\/p>\n","protected":false},"author":1,"featured_media":13386,"comment_status":"open","ping_status":"open","sticky":false,"template":"","format":"standard","meta":{"colormag_page_container_layout":"default_layout","colormag_page_sidebar_layout":"default_layout","footnotes":""},"categories":[10,6,8],"tags":[],"class_list":["post-13385","post","type-post","status-publish","format-standard","has-post-thumbnail","hentry","category-sports","category-locales","category-ultimas-noticias"],"_links":{"self":[{"href":"https:\/\/notipampa.com\/index.php?rest_route=\/wp\/v2\/posts\/13385","targetHints":{"allow":["GET"]}}],"collection":[{"href":"https:\/\/notipampa.com\/index.php?rest_route=\/wp\/v2\/posts"}],"about":[{"href":"https:\/\/notipampa.com\/index.php?rest_route=\/wp\/v2\/types\/post"}],"author":[{"embeddable":true,"href":"https:\/\/notipampa.com\/index.php?rest_route=\/wp\/v2\/users\/1"}],"replies":[{"embeddable":true,"href":"https:\/\/notipampa.com\/index.php?rest_route=%2Fwp%2Fv2%2Fcomments&post=13385"}],"version-history":[{"count":1,"href":"https:\/\/notipampa.com\/index.php?rest_route=\/wp\/v2\/posts\/13385\/revisions"}],"predecessor-version":[{"id":13390,"href":"https:\/\/notipampa.com\/index.php?rest_route=\/wp\/v2\/posts\/13385\/revisions\/13390"}],"wp:featuredmedia":[{"embeddable":true,"href":"https:\/\/notipampa.com\/index.php?rest_route=\/wp\/v2\/media\/13386"}],"wp:attachment":[{"href":"https:\/\/notipampa.com\/index.php?rest_route=%2Fwp%2Fv2%2Fmedia&parent=13385"}],"wp:term":[{"taxonomy":"category","embeddable":true,"href":"https:\/\/notipampa.com\/index.php?rest_route=%2Fwp%2Fv2%2Fcategories&post=13385"},{"taxonomy":"post_tag","embeddable":true,"href":"https:\/\/notipampa.com\/index.php?rest_route=%2Fwp%2Fv2%2Ftags&post=13385"}],"curies":[{"name":"wp","href":"https:\/\/api.w.org\/{rel}","templated":true}]}}