{"id":13111,"date":"2024-04-16T11:08:54","date_gmt":"2024-04-16T14:08:54","guid":{"rendered":"https:\/\/notipampa.com\/?p=13111"},"modified":"2024-04-16T11:08:55","modified_gmt":"2024-04-16T14:08:55","slug":"falucho-un-camion-termino-volcado-al-desmoronarse-un-alteo-en-el-que-estaba-detenido","status":"publish","type":"post","link":"https:\/\/notipampa.com\/?p=13111","title":{"rendered":"Falucho: Un cami\u00f3n termin\u00f3 volcado al desmoronarse un alteo en el que estaba detenido"},"content":{"rendered":"\n<p>El incidente fue comunicado esta tarde por el personal policial de la Departamental de Realic\u00f3 por el vuelco de un cami\u00f3n con acoplado en un camino vecinal desde Falucho hacia la Ruta Nacional 35 sobre un alteo entoscado que se desmoron\u00f3.<\/p>\n\n\n\n<p>La ca\u00edda fue suave, ya que el cami\u00f3n se orill\u00f3 mucho y all\u00ed se desprendi\u00f3 parte de la calle. Tambi\u00e9n se encontraba personal de empresa Ribeiro quienes, con las maquinarias pesadas, estaban levantando el cami\u00f3n a su posici\u00f3n original, dej\u00f3 constar que el accidente se produjo a las 17:00 hs. El alteo se encuentra a unos 3 km hacia el sur de Falucho.<\/p>\n\n\n\n<figure class=\"wp-block-image\"><img decoding=\"async\" src=\"https:\/\/www.infopico.com\/wp-content\/uploads\/2024\/04\/Imagen-de-WhatsApp-2024-04-06-a-las-21.25.31_9b5d8bc4.jpg\" alt=\"\" class=\"wp-image-260127\"\/><\/figure>\n\n\n\n<p>El cami\u00f3n llevaba arena fina desde Falucho hacia la tosquera que se encuentra a unos 12 km sobre calle perteneciente a empresa mencionada.<\/p>\n\n\n\n<figure class=\"wp-block-image\"><img decoding=\"async\" src=\"https:\/\/www.infopico.com\/wp-content\/uploads\/2024\/04\/Imagen-de-WhatsApp-2024-04-06-a-las-21.25.32_ffaab9fd.jpg\" alt=\"\" class=\"wp-image-260128\"\/><\/figure>\n\n\n\n<h5 class=\"wp-block-heading\"><strong>Infopico<\/strong><\/h5>\n","protected":false},"excerpt":{"rendered":"<p>El incidente fue comunicado esta tarde por el personal policial de la Departamental de Realic\u00f3 por el vuelco de un<\/p>\n","protected":false},"author":1,"featured_media":13112,"comment_status":"open","ping_status":"open","sticky":false,"template":"","format":"standard","meta":{"colormag_page_container_layout":"default_layout","colormag_page_sidebar_layout":"default_layout","footnotes":""},"categories":[56,4,8],"tags":[],"class_list":["post-13111","post","type-post","status-publish","format-standard","has-post-thumbnail","hentry","category-policiales","category-provincia","category-ultimas-noticias"],"_links":{"self":[{"href":"https:\/\/notipampa.com\/index.php?rest_route=\/wp\/v2\/posts\/13111","targetHints":{"allow":["GET"]}}],"collection":[{"href":"https:\/\/notipampa.com\/index.php?rest_route=\/wp\/v2\/posts"}],"about":[{"href":"https:\/\/notipampa.com\/index.php?rest_route=\/wp\/v2\/types\/post"}],"author":[{"embeddable":true,"href":"https:\/\/notipampa.com\/index.php?rest_route=\/wp\/v2\/users\/1"}],"replies":[{"embeddable":true,"href":"https:\/\/notipampa.com\/index.php?rest_route=%2Fwp%2Fv2%2Fcomments&post=13111"}],"version-history":[{"count":1,"href":"https:\/\/notipampa.com\/index.php?rest_route=\/wp\/v2\/posts\/13111\/revisions"}],"predecessor-version":[{"id":13113,"href":"https:\/\/notipampa.com\/index.php?rest_route=\/wp\/v2\/posts\/13111\/revisions\/13113"}],"wp:featuredmedia":[{"embeddable":true,"href":"https:\/\/notipampa.com\/index.php?rest_route=\/wp\/v2\/media\/13112"}],"wp:attachment":[{"href":"https:\/\/notipampa.com\/index.php?rest_route=%2Fwp%2Fv2%2Fmedia&parent=13111"}],"wp:term":[{"taxonomy":"category","embeddable":true,"href":"https:\/\/notipampa.com\/index.php?rest_route=%2Fwp%2Fv2%2Fcategories&post=13111"},{"taxonomy":"post_tag","embeddable":true,"href":"https:\/\/notipampa.com\/index.php?rest_route=%2Fwp%2Fv2%2Ftags&post=13111"}],"curies":[{"name":"wp","href":"https:\/\/api.w.org\/{rel}","templated":true}]}}