{"id":13096,"date":"2024-04-12T17:51:16","date_gmt":"2024-04-12T20:51:16","guid":{"rendered":"https:\/\/notipampa.com\/?p=13096"},"modified":"2024-04-12T17:51:17","modified_gmt":"2024-04-12T20:51:17","slug":"milei-se-reunio-con-musk-en-texas-y-acordaron-hacer-un-evento-juntos-en-la-argentina-sobre-tecnologia-y-crecimiento-economico","status":"publish","type":"post","link":"https:\/\/notipampa.com\/?p=13096","title":{"rendered":"Milei se reuni\u00f3 con Musk en Texas y acordaron hacer un evento juntos en la Argentina sobre tecnolog\u00eda y crecimiento econ\u00f3mico"},"content":{"rendered":"\n<p><strong>El Presidente y el poderoso empresario mantuvieron un encuentro cordial en Austin, adonde coincidieron acerca de la importancia de la libertad de mercado como motor del bienestar de los pa\u00edses. Milei se puso a disposici\u00f3n frente a la crisis que enfrenta Musk en Brasil con Lula da Silva<\/strong><\/p>\n\n\n\n<p>Javier Milei y Elon Musk se encontraron en la planta de Tesla en Austin (Texas)&nbsp;<strong>para ratificar la sinton\u00eda personal e ideol\u00f3gica<\/strong>&nbsp;que exhibieron en los sucesivos contactos que tuvieron en la red social X (antes Twitter). El c\u00f3nclave mostr\u00f3 las coincidencias del presidente y el poderoso empresario respecto a&nbsp;<strong>la importancia de la libertad de mercados,<\/strong>&nbsp;al progreso de los pa\u00edses,&nbsp;<strong>a la necesidad de terminar con las trabas burocr\u00e1ticas,<\/strong>&nbsp;al desarrollo de la tecnolog\u00eda y a la necesidad de preservas las reglas de juego.<\/p>\n\n\n\n<p><strong>\u201cHubo qu\u00edmica. Fue amor a primera vista\u201d,<\/strong>\u00a0sintetiz\u00f3 a\u00a0<strong>Infobae<\/strong>\u00a0Gerardo Werthein, embajador designado en Estados Unidos,\u00a0<strong>que particip\u00f3 de la reuni\u00f3n entre Milei y Musk.<\/strong><\/p>\n\n\n\n<p><strong>La reuni\u00f3n se extendi\u00f3 por ochenta minutos<\/strong>&nbsp;y junto a Milei y Werthein participaron la secretaria General de la Presidencia,&nbsp;<strong>Karina Milei;<\/strong>&nbsp;el embajador designado en Israel,<strong>&nbsp;Simon Wahnish,<\/strong>&nbsp;y el empresario&nbsp;<strong>Pato Fucks<\/strong>, amigo personal del mandatario.<\/p>\n\n\n\n<p><strong>-Es un gran placer para m\u00ed. Es incre\u00edble. Gracias por todo lo que hac\u00e9s por el mundo\u201d-<\/strong>, dijo Milei a Musk cuando lo conoci\u00f3 en su despacho de Tesla.<\/p>\n\n\n\n<p><strong>-Es un honor conocerte tambi\u00e9n. Bienvenido\u201d,&nbsp;<\/strong>respondi\u00f3 Musk.<\/p>\n\n\n\n<p><strong>Milei lo ten\u00eda a Musk agarrado de la mano<\/strong>&nbsp;cuando le present\u00f3 a Karina Milei, secretaria General de la Presidencia.<\/p>\n\n\n\n<p><strong>\u201cEsta es mi hermana Karina, el jefe\u201d,<\/strong>&nbsp;agreg\u00f3 Milei.<\/p>\n\n\n\n<p>Un minuto despu\u00e9s,&nbsp;<strong>liderados por Musk,<\/strong>&nbsp;toda la comitiva se movi\u00f3 a un sector de la f\u00e1brica para sacarse las fotos que se incluyen en esta nota de Infobae y ya han sido posteadas en todas las redes sociales.<\/p>\n\n\n\n<p><img fetchpriority=\"high\" decoding=\"async\" alt=\"En el centro Javier Milei y Eton Musk; a la izquierda est\u00e1n el empresario Pato Fucks y Gerardo Werthein; y a la derecha, Karina Milei y Simon Wahnish\" height=\"1141\" width=\"1920\" class=\"\" src=\"https:\/\/www.infobae.com\/new-resizer\/6K8QHtCHKFai7hmnDDZf-VhY8DA=\/992x606\/filters:format(webp):quality(85)\/cloudfront-us-east-1.images.arcpublishing.com\/infobae\/XMYIIJZI4ZGPTLYKD6DUUZNLXA.jpg%20992w\" srcset=\"https:\/\/www.infobae.com\/new-resizer\/6K8QHtCHKFai7hmnDDZf-VhY8DA=\/992x606\/filters:format(webp):quality(85)\/cloudfront-us-east-1.images.arcpublishing.com\/infobae\/XMYIIJZI4ZGPTLYKD6DUUZNLXA.jpg 992w\">En el centro Javier Milei y Eton Musk; a la izquierda est\u00e1n el empresario Pato Fucks y Gerardo Werthein; y a la derecha, Karina Milei y Simon Wahnish<\/p>\n\n\n\n<p><strong>Musk ten\u00eda prevista una cita en Los \u00c1ngeles&nbsp;<\/strong>cuando se cerr\u00f3 su encuentro con Milei en Texas. Por eso, el propietario de Tesla no particip\u00f3 de la recorrida que la comitiva oficial realiz\u00f3 por la f\u00e1brica de veh\u00edculos el\u00e9ctricos que se levant\u00f3 en Austin en apenas 14 meses.<\/p>\n\n\n\n<p><strong>Milei qued\u00f3 impresionado<\/strong>&nbsp;por las instalaciones industriales que terminaron en Texas para evitar las trabas burocr\u00e1ticas que impon\u00edan el estado de California.<\/p>\n\n\n\n<p>En los ochenta minutos de c\u00f3nclave,&nbsp;<strong>Milei y Musk coincidieron en la necesidad de sostener la libertad de los mercados y evitar las regulaciones del Estado.<\/strong>&nbsp;El presidente y el due\u00f1o de casa compartieron la idea de&nbsp;<em>progreso versus burocracia estatal<\/em>, y resaltaron la necesidad de apoyar el desarrollo de la tecnolog\u00eda para profundizar el avance la sociedad global.<\/p>\n\n\n\n<p><strong>\u201cLa idea es que haya un evento en la Argentina sobre demograf\u00eda, tecnolog\u00eda y crecimiento econ\u00f3mico, que ser\u00eda protagonizado por Milei y Musk\u201d<\/strong>, coment\u00f3 Werthein a Infobae.<\/p>\n\n\n\n<p>Este conferencia entre el jefe de Estado y el empresario australiano&nbsp;<strong>demuestra la empat\u00eda entre ambos.<\/strong>&nbsp;Todav\u00eda no hay fecha precisa, pero ocurrir\u00eda durante este a\u00f1o. \u201cMusk quiere venir al pa\u00eds, se comprometi\u00f3\u201d, complet\u00f3 Werthein.<\/p>\n\n\n\n<p>Durante la reuni\u00f3n, Musk explic\u00f3 la presi\u00f3n pol\u00edtica que esta ejerciendo Lula da Silva sobre la red social X.&nbsp;<strong>Milei conoc\u00eda la situaci\u00f3n y se puso a disposici\u00f3n.<\/strong>&nbsp;Es decir: si Musk quiere, podr\u00eda mover las instalaciones de X en Brasil hacia la Argentina.<\/p>\n\n\n\n<p><img decoding=\"async\" alt=\"Javier Milei y Elon Musk durante la reuni\u00f3n que compartieron en la planta de Tesla en Austin (Texas)\" height=\"1080\" width=\"1920\" class=\"\" src=\"https:\/\/www.infobae.com\/new-resizer\/S4TaqmX9J7Bt10hNR6zcH4pKaB4=\/420x236\/filters:format(webp):quality(85)\/cloudfront-us-east-1.images.arcpublishing.com\/infobae\/HW4F45VEYFH6XHHYG53QCPFRFI.jpg%20420w\" srcset=\"https:\/\/www.infobae.com\/new-resizer\/S4TaqmX9J7Bt10hNR6zcH4pKaB4=\/420x236\/filters:format(webp):quality(85)\/cloudfront-us-east-1.images.arcpublishing.com\/infobae\/HW4F45VEYFH6XHHYG53QCPFRFI.jpg 420w,https:\/\/www.infobae.com\/new-resizer\/1pHpn4vNekIYC0e5K9Fe1StSPMM=\/768x432\/filters:format(webp):quality(85)\/cloudfront-us-east-1.images.arcpublishing.com\/infobae\/HW4F45VEYFH6XHHYG53QCPFRFI.jpg 768w,https:\/\/www.infobae.com\/new-resizer\/OIEOh8zle1XAjcwwz3Nx8p8N8hc=\/992x558\/filters:format(webp):quality(85)\/cloudfront-us-east-1.images.arcpublishing.com\/infobae\/HW4F45VEYFH6XHHYG53QCPFRFI.jpg 992w,https:\/\/www.infobae.com\/new-resizer\/VMN2nPDxNsbOfuQZxjdHJFIKhlM=\/1200x675\/filters:format(webp):quality(85)\/cloudfront-us-east-1.images.arcpublishing.com\/infobae\/HW4F45VEYFH6XHHYG53QCPFRFI.jpg 1200w,https:\/\/www.infobae.com\/new-resizer\/qCHshqQsriexl16itlQhYVLNexs=\/1440x810\/filters:format(webp):quality(85)\/cloudfront-us-east-1.images.arcpublishing.com\/infobae\/HW4F45VEYFH6XHHYG53QCPFRFI.jpg 1440w\">Javier Milei y Elon Musk durante la reuni\u00f3n que compartieron en la planta de Tesla en Austin (Texas)<\/p>\n\n\n\n<p>Musk tambi\u00e9n es propietario de Tesla, una compa\u00f1\u00eda de veh\u00edculos el\u00e9ctricos que se mueven con bater\u00edas de litio. Argentina tiene una de las principales reservas de litio del mundo, pero a\u00fan no pudo crear valor sobre ese potencial minero. S\u00f3lo exporta -hay compa\u00f1\u00edas chinas y de Estados Unidos-,&nbsp;<strong>y la intenci\u00f3n de Milei es lograr que se fabriquen las bater\u00edas en el pais para contar con un valor agregado.<\/strong><\/p>\n\n\n\n<p><strong>Es un proyecto posible y complejo.<\/strong>&nbsp;La f\u00e1brica de bater\u00edas debe estar cerca de la planta automotriz, y ello implica una fuerte inversi\u00f3n que permita dise\u00f1ar una cadena de suministros que una la extracci\u00f3n del litio, su traslado, la fabricaci\u00f3n de bater\u00edas y, finalmente, el armado del veh\u00edculo el\u00e9ctrico.<\/p>\n\n\n\n<p><strong>Milei plante\u00f3 esta estrategia de desarrollo vinculada al litio y los veh\u00edculos el\u00e9ctricos,&nbsp;<\/strong>y Musk se mostr\u00f3 proclive a la idea presidencial. Ahora tocar\u00e1 el turno al embajador Werthein, que seguir\u00e1 la agenda con los directivos que asigne Musk para avanzar en un plan de inversiones que cambiar\u00eda la l\u00f3gica de negocios en la Argentina.<\/p>\n\n\n\n<p><img decoding=\"async\" alt=\"Javier y Karina Milei en la planta de Tesla en Austin (Texas)\" height=\"900\" width=\"1200\" class=\"\" src=\"https:\/\/www.infobae.com\/new-resizer\/qytP1oKLyviCKxPhQE6lsIYZNo8=\/420x315\/filters:format(webp):quality(85)\/cloudfront-us-east-1.images.arcpublishing.com\/infobae\/JXVNGTAMJVFUVC3EV7N2AI62XA.jpg%20420w\" srcset=\"https:\/\/www.infobae.com\/new-resizer\/qytP1oKLyviCKxPhQE6lsIYZNo8=\/420x315\/filters:format(webp):quality(85)\/cloudfront-us-east-1.images.arcpublishing.com\/infobae\/JXVNGTAMJVFUVC3EV7N2AI62XA.jpg 420w,https:\/\/www.infobae.com\/new-resizer\/FsN03sFhypfh7k1n1feCzvJeJ00=\/768x576\/filters:format(webp):quality(85)\/cloudfront-us-east-1.images.arcpublishing.com\/infobae\/JXVNGTAMJVFUVC3EV7N2AI62XA.jpg 768w,https:\/\/www.infobae.com\/new-resizer\/mohAAMGxXJCaY1NrK85mIgVZ6UY=\/992x744\/filters:format(webp):quality(85)\/cloudfront-us-east-1.images.arcpublishing.com\/infobae\/JXVNGTAMJVFUVC3EV7N2AI62XA.jpg 992w,https:\/\/www.infobae.com\/new-resizer\/QhYcxYfMo5Kve_0sOij4BO_4b8Q=\/1200x900\/filters:format(webp):quality(85)\/cloudfront-us-east-1.images.arcpublishing.com\/infobae\/JXVNGTAMJVFUVC3EV7N2AI62XA.jpg 1200w,https:\/\/www.infobae.com\/new-resizer\/a65fGTjjuFPIFy_B682QRcDyNlo=\/1440x1080\/filters:format(webp):quality(85)\/cloudfront-us-east-1.images.arcpublishing.com\/infobae\/JXVNGTAMJVFUVC3EV7N2AI62XA.jpg 1440w\">Javier y Karina Milei en la planta de Tesla en Austin (Texas)<\/p>\n\n\n\n<p><strong>Milei hizo un viaje rel\u00e1mpago a Austin que coron\u00f3 su gira por Estados Unidos.<\/strong>&nbsp;El presidente profundiz\u00f3 su relaci\u00f3n con Musk, que mostr\u00f3 su voluntad de ayudar a la Argentina con sus negocios vinculados a las redes sociales, las comunicaciones satelitales y la fabricaci\u00f3n de veh\u00edculos el\u00e9ctricos.<\/p>\n\n\n\n<p><strong>\u201cPor un futuro apasionante e inspirador\u201d,<\/strong>&nbsp;poste\u00f3 Elon Musk en X, tras su encuentro con Milei.<\/p>\n","protected":false},"excerpt":{"rendered":"<p>El Presidente y el poderoso empresario mantuvieron un encuentro cordial en Austin, adonde coincidieron acerca de la importancia de la<\/p>\n","protected":false},"author":1,"featured_media":13097,"comment_status":"open","ping_status":"open","sticky":false,"template":"","format":"standard","meta":{"colormag_page_container_layout":"default_layout","colormag_page_sidebar_layout":"default_layout","footnotes":""},"categories":[5,7,8],"tags":[],"class_list":["post-13096","post","type-post","status-publish","format-standard","has-post-thumbnail","hentry","category-nacionales","category-politica","category-ultimas-noticias"],"_links":{"self":[{"href":"https:\/\/notipampa.com\/index.php?rest_route=\/wp\/v2\/posts\/13096","targetHints":{"allow":["GET"]}}],"collection":[{"href":"https:\/\/notipampa.com\/index.php?rest_route=\/wp\/v2\/posts"}],"about":[{"href":"https:\/\/notipampa.com\/index.php?rest_route=\/wp\/v2\/types\/post"}],"author":[{"embeddable":true,"href":"https:\/\/notipampa.com\/index.php?rest_route=\/wp\/v2\/users\/1"}],"replies":[{"embeddable":true,"href":"https:\/\/notipampa.com\/index.php?rest_route=%2Fwp%2Fv2%2Fcomments&post=13096"}],"version-history":[{"count":1,"href":"https:\/\/notipampa.com\/index.php?rest_route=\/wp\/v2\/posts\/13096\/revisions"}],"predecessor-version":[{"id":13098,"href":"https:\/\/notipampa.com\/index.php?rest_route=\/wp\/v2\/posts\/13096\/revisions\/13098"}],"wp:featuredmedia":[{"embeddable":true,"href":"https:\/\/notipampa.com\/index.php?rest_route=\/wp\/v2\/media\/13097"}],"wp:attachment":[{"href":"https:\/\/notipampa.com\/index.php?rest_route=%2Fwp%2Fv2%2Fmedia&parent=13096"}],"wp:term":[{"taxonomy":"category","embeddable":true,"href":"https:\/\/notipampa.com\/index.php?rest_route=%2Fwp%2Fv2%2Fcategories&post=13096"},{"taxonomy":"post_tag","embeddable":true,"href":"https:\/\/notipampa.com\/index.php?rest_route=%2Fwp%2Fv2%2Ftags&post=13096"}],"curies":[{"name":"wp","href":"https:\/\/api.w.org\/{rel}","templated":true}]}}