{"id":13093,"date":"2024-04-12T17:46:37","date_gmt":"2024-04-12T20:46:37","guid":{"rendered":"https:\/\/notipampa.com\/?p=13093"},"modified":"2024-04-12T17:46:39","modified_gmt":"2024-04-12T20:46:39","slug":"la-inflacion-de-marzo-fue-del-11-y-acumulo-2879-en-los-ultimos-12-meses","status":"publish","type":"post","link":"https:\/\/notipampa.com\/?p=13093","title":{"rendered":"La inflaci\u00f3n de marzo fue del 11% y acumul\u00f3 287,9% en los \u00faltimos 12 meses"},"content":{"rendered":"\n<p><strong>La suba de precios del tercer mes del a\u00f1o desaceler\u00f3 en comparaci\u00f3n con los n\u00fameros de diciembre, enero y febrero. En el primer trimestre del 2024 el IPC sum\u00f3 el 51,6%<\/strong><\/p>\n\n\n\n<p>La&nbsp;<strong>inflaci\u00f3n de marzo fue de 11%<\/strong>&nbsp;y registr\u00f3 en los \u00faltimos 12 meses un alza de 287,9%, inform\u00f3 este viernes el Indec. En el&nbsp;<strong>primer trimestre&nbsp;<\/strong>del a\u00f1o, de esta manera, la suba de precios acumul\u00f3 un&nbsp;<strong>51,6 por ciento<\/strong>. La&nbsp;<strong>inflaci\u00f3n n\u00facleo<\/strong>, que es la que mide la variaci\u00f3n de precios sin tomar en consideraci\u00f3n los valores estacionales o regulados, estuvo en el terreno de&nbsp;<strong>un d\u00edgito mensual<\/strong>&nbsp;y fue de&nbsp;<strong>9,4 por ciento<\/strong>.<\/p>\n\n\n\n<p>El IPC del tercer mes del a\u00f1o marc\u00f3, as\u00ed, la tercera desaceleraci\u00f3n en t\u00e9rminos mensuales tras el pico de&nbsp;<strong>25,5%<\/strong>&nbsp;que marc\u00f3 diciembre, el primer mes de mandato del gobierno de&nbsp;<strong>Javier Milei&nbsp;<\/strong>tras la liberaci\u00f3n de precios y del salto cambiario. En enero el \u00edndice oficial hab\u00eda sido de<strong>&nbsp;20,7%&nbsp;<\/strong>y en febrero, de<strong>&nbsp;13,2 por ciento<\/strong>.<\/p>\n\n\n\n<p>El ministro de Econom\u00eda&nbsp;<strong>Luis Caputo<\/strong>&nbsp;hab\u00eda anticipado la semana pasada que el \u00edndice de precios estar\u00eda&nbsp;<strong>m\u00e1s cerca de 10%&nbsp;<\/strong>que del 13,2% de febrero, a\u00fan tomando en consideraci\u00f3n que marzo suele ser un mes con un&nbsp;<strong>componente estacional muy alto<\/strong>&nbsp;por el inicio del ciclo lectivo que suele empujar hacia arriba la tasa de variaci\u00f3n de precios del rubro&nbsp;<strong>Educaci\u00f3n<\/strong>.<\/p>\n\n\n\n<p>En un contexto de marcada recesi\u00f3n y de ca\u00edda del poder adquisitivo de salarios y jubilaciones, la inflaci\u00f3n volvi\u00f3 a ceder y tuvo entonces en marzo un ritmo menor. El mercado espera que desde mayo el IPC comience a mostrar<strong>&nbsp;un d\u00edgito mensual.<\/strong>&nbsp;La expectativa de inflaci\u00f3n para 2024 tuvo un claro rec\u00e1lculo en el \u00faltimo Relevamiento de Expectativas de Mercado (REM) que hace el Banco Central, que pas\u00f3 de<strong>&nbsp;203,8%<\/strong>&nbsp;para todo 2024 hasta poco menos de&nbsp;<strong>190 por ciento<\/strong>.<\/p>\n\n\n\n<p>En abril comenzar\u00e1 a tener preponderancia otro componente esencial de la canasta que mide el Indec, que son los precios de los servicios p\u00fablicos, principalmente la&nbsp;<strong>energ\u00eda el\u00e9ctrica y el gas<\/strong>, que tendr\u00e1n fuertes aumentos en las boletas para usuarios residenciales y comerciales. Ese&nbsp;<strong>reajuste de tarifas<\/strong>&nbsp;amenaza con sumar algunos puntos porcentuales extra al IPC de los pr\u00f3ximos meses.<\/p>\n\n\n\n<p>La velocidad a la que corren los precios fue materia de discusi\u00f3n y hasta de un&nbsp;<em>blooper<\/em>&nbsp;presidencial. El jefe de Estado<strong>&nbsp;Javier Milei&nbsp;<\/strong>-d\u00edas antes tambi\u00e9n el ministro de Econom\u00eda&nbsp;<strong>Luis Caputo<\/strong>&#8211; hab\u00edan hecho referencia a una ca\u00edda en el ritmo de precios y citaron a un bot que, supuestamente, med\u00eda en tiempo real variaciones en la cadena de supermercados Jumbo y que marcaban que en teor\u00eda hab\u00eda bienes que empezaban a mostrar deflaci\u00f3n. Finalmente se supo que esa cuenta de&nbsp;<em>X<\/em>&nbsp;era ap\u00f3crifa y que no realizaba mediciones.<\/p>\n\n\n\n<p>Con todo, algunos indicadores clave empiezan a propiciar una baja de la nominalidad. Ante esa expectativa de una inflaci\u00f3n m\u00e1s lenta, y con indicadores propios que ratificaron esa misma tendencia, el Banco Central se anticip\u00f3 esta semana y en el marco de su estrategia de<strong>&nbsp;tasa de inter\u00e9s<\/strong>&nbsp;negativa, aplic\u00f3 un nuevo recorte para dejarla en&nbsp;<strong>70% nominal anual<\/strong>, lo que equivale a una tasa mensual de&nbsp;<strong>5,8% nominal<\/strong>.<\/p>\n\n\n\n<p>Tambi\u00e9n el \u00edndice de la Ciudad de Buenos, que anot\u00f3 una baja relativamente menor -de&nbsp;<strong>14,1% a 13,2%<\/strong>&#8211; confirma la tendencia. Lo esencial de la estad\u00edstica porte\u00f1a es que el conjunto de bienes aument\u00f3 en promedio&nbsp;<strong>9,7%<\/strong>&nbsp;mientras que fueron los servicios los que aumentaron por encima del nivel del 16,3 por ciento.<\/p>\n\n\n\n<p>Una consultora que hace seguimientos de precios semanales tambi\u00e9n observ\u00f3 una tendencia de desaceleraci\u00f3n. El ritmo de aumento de los alimentos habr\u00eda sufrido, de acuerdo a esta medici\u00f3n, un avance m\u00e1s lento en el<strong>&nbsp;inicio de abril<\/strong>, con incrementos del&nbsp;<strong>0,2%<\/strong>&nbsp;en la segunda semana del mes que se suma al 0,4% de los primeros siete d\u00edas.<\/p>\n\n\n\n<p>De esta forma, la inflaci\u00f3n acumulada en los primeros 10 d\u00edas del mes en productos b\u00e1sicos de alimentaci\u00f3n es del 0,6 por ciento. Los datos corresponden al informe semanal que presenta la consultora LCG. Siempre de acuerdo a la estad\u00edstica de LCG, la variaci\u00f3n del 0,2% es<strong>&nbsp;la menor desde la primera semana de julio de 2023<\/strong>.<\/p>\n\n\n\n<p>Si se toma en cuenta el resultado de las \u00faltimas cuatro semanas, la inflaci\u00f3n en alimentos punta a punta del 2,1 por ciento. Los principales aumentos se dieron en productos l\u00e1cteos y huevos (4,2%), mientras que bebidas e infusiones para consumir en el hogar avanzaron un 0,6% y carnes un 0,4 por ciento. El trabajo de LCG indic\u00f3 adem\u00e1s que \u201cpor quinta semana consecutiva la inflaci\u00f3n mensual promedio y la medida punta a punta cayeron\u201d.<\/p>\n","protected":false},"excerpt":{"rendered":"<p>La suba de precios del tercer mes del a\u00f1o desaceler\u00f3 en comparaci\u00f3n con los n\u00fameros de diciembre, enero y febrero.<\/p>\n","protected":false},"author":1,"featured_media":13094,"comment_status":"open","ping_status":"open","sticky":false,"template":"","format":"standard","meta":{"colormag_page_container_layout":"default_layout","colormag_page_sidebar_layout":"default_layout","footnotes":""},"categories":[5,8],"tags":[],"class_list":["post-13093","post","type-post","status-publish","format-standard","has-post-thumbnail","hentry","category-nacionales","category-ultimas-noticias"],"_links":{"self":[{"href":"https:\/\/notipampa.com\/index.php?rest_route=\/wp\/v2\/posts\/13093","targetHints":{"allow":["GET"]}}],"collection":[{"href":"https:\/\/notipampa.com\/index.php?rest_route=\/wp\/v2\/posts"}],"about":[{"href":"https:\/\/notipampa.com\/index.php?rest_route=\/wp\/v2\/types\/post"}],"author":[{"embeddable":true,"href":"https:\/\/notipampa.com\/index.php?rest_route=\/wp\/v2\/users\/1"}],"replies":[{"embeddable":true,"href":"https:\/\/notipampa.com\/index.php?rest_route=%2Fwp%2Fv2%2Fcomments&post=13093"}],"version-history":[{"count":1,"href":"https:\/\/notipampa.com\/index.php?rest_route=\/wp\/v2\/posts\/13093\/revisions"}],"predecessor-version":[{"id":13095,"href":"https:\/\/notipampa.com\/index.php?rest_route=\/wp\/v2\/posts\/13093\/revisions\/13095"}],"wp:featuredmedia":[{"embeddable":true,"href":"https:\/\/notipampa.com\/index.php?rest_route=\/wp\/v2\/media\/13094"}],"wp:attachment":[{"href":"https:\/\/notipampa.com\/index.php?rest_route=%2Fwp%2Fv2%2Fmedia&parent=13093"}],"wp:term":[{"taxonomy":"category","embeddable":true,"href":"https:\/\/notipampa.com\/index.php?rest_route=%2Fwp%2Fv2%2Fcategories&post=13093"},{"taxonomy":"post_tag","embeddable":true,"href":"https:\/\/notipampa.com\/index.php?rest_route=%2Fwp%2Fv2%2Ftags&post=13093"}],"curies":[{"name":"wp","href":"https:\/\/api.w.org\/{rel}","templated":true}]}}