{"id":12962,"date":"2024-04-03T12:53:13","date_gmt":"2024-04-03T15:53:13","guid":{"rendered":"https:\/\/notipampa.com\/?p=12962"},"modified":"2024-04-03T12:53:14","modified_gmt":"2024-04-03T15:53:14","slug":"salud-actualizo-el-estado-de-situacion-de-dengue-en-la-pampa-5-casos-en-intendente-alvear","status":"publish","type":"post","link":"https:\/\/notipampa.com\/?p=12962","title":{"rendered":"Salud actualiz\u00f3 el estado de situaci\u00f3n de Dengue en La Pampa: 5 casos en Intendente Alvear"},"content":{"rendered":"\n<p><strong>En la provincia de La Pampa, desde comienzo de 2024 hasta el d\u00eda 30 de marzo (semana epidemiol\u00f3gica 13 cerrada), se han confirmado 151 casos de dengue. \u00a0<\/strong><\/p>\n\n\n\n<p>De los 151 casos confirmados, 86 son aut\u00f3ctonos, (es decir que no presentan antecedente de viaje a otras provincias con circulaci\u00f3n viral), a los que se suman 65 casos importados.<\/p>\n\n\n\n<p><strong>Casos aut\u00f3ctonos en aumento<\/strong><br>Los casos aut\u00f3ctonos, los cuales van en aumento en la Provincia, se encuentran distribuidos en las localidades de Santa Rosa, General Pico, General Acha, Castex, Intendente Alvear, Macach\u00edn, Vertiz, Speluzzi, Conhelo, Puelches, Trenel, Realic\u00f3.<br>La din\u00e1mica situaci\u00f3n epidemiol\u00f3gica en la provincia de La Pampa, requiere del compromiso de la poblaci\u00f3n en la eliminaci\u00f3n de criaderos domiciliarios (reales y potenciales) del mosquito ya que es la medida que posibilitar\u00e1 controlar al vector y de esa manera cortar la transmisi\u00f3n de la enfermedad.<\/p>\n\n\n\n<p><strong>Distribuci\u00f3n por localidad de los casos confirmados:<\/strong><\/p>\n\n\n\n<p>Alta Italia 2<br>Anguil 1<br>Catril\u00f3\u00a0 2<br>Conhelo 1 (sin antecedente)<br>Eduardo Castex 3 (1 sin antecedente de viaje a otras provincias)<br>Embajador Martini 2<br>General Acha 5 (1 sin antecedente)<br>General Campos 1<br>General Pico 60 (48 sin antecedente)<br>Ingeniero Luiggi 3<br><strong>Intendente Alvear 5 (3 sin antecedente)<br><\/strong>Lonquimay 1<br>Macach\u00edn 4 (3 sin antecedente)<br>Miguel Riglos 1<br>Parera 1<br>Puelches 1 (sin antecedente)<br>Quem\u00fa Quem\u00fa 1<br>Realic\u00f3 3 (1 sin antecedente)<br>Santa Rosa 41 (24 sin antecedente)<br>Speluzzi 2 (1 sin antecedente)<br>Toay 6<br>Trenel 2 (1 sin antecedente)<br>Vertiz 1 (sin antecedente)<br>Victorica 2<\/p>\n\n\n\n<p><strong>Casos sospechosos<\/strong><br>Desde la Direcci\u00f3n de epidemiolog\u00eda se trabaja en la investigaci\u00f3n de casos notificados en diferentes localidades del territorio provincial los cuales permanecen en estudio aguardando resultados. No obstante, las acciones de bloqueo se realizan frente a la sospecha.<\/p>\n\n\n\n<p><strong>Medidas preventivas<\/strong><br>Desde el Ministerio de Salud de La Pampa se solicit\u00f3 a la comunidad extremar medidas de prevenci\u00f3n y, para evitar que el ciclo de vida del mosquito se complete, se recomend\u00f3:<\/p>\n\n\n\n<p>-Desechar objetos que est\u00e9n al aire libre y en los que se pueda acumular agua (latas, botellas, neum\u00e1ticos, juguetes, etc.).<br>-Mantener boca abajo los recipientes que no est\u00e9n en uso (baldes, frascos, tachos, cacharros y macetas, entre otros.).<br>-Limpiar bebederos y renovar peri\u00f3dicamente el agua para las mascotas<br>-Limpiar canaletas que acumulan hojas y tierra as\u00ed el agua circula y no se acumula.<br>-Cortar el c\u00e9sped o los pastizales, as\u00ed se evita parte del ciclo y refugio de los mosquitos<br>-Tapar tanques, barriles \u00f3 cisternas que acumulen agua, incluso se puede usar tela mosquitera<br>-Colocar mosquiteros o telas met\u00e1licas en puertas y ventanas.<br>-Vaciar los colectores de desag\u00fces de aire acondicionado o lluvia.<br>-Usar repelente en la piel expuesta, renov\u00e1ndolo seg\u00fan lo indique el producto. En los ni\u00f1os debe ser aplicado por un adulto y no debe usarse en menores de 2 meses.<br>-Ponerse ropa (preferiblemente de colores claros) que cubra al m\u00e1ximo el cuerpo.<br>-Elegir lugares con presencia de mosquiteros. Colocar tules en cunas y cochecitos<br>-Utilizar tabletas repelentes en las habitaciones.<br>-En caso de presentarse s\u00edntomas como fiebre alta, malestar general, dolor de cabeza, diarrea, v\u00f3mitos, sarpullido en la piel se debe consultar precozmente en el centro de salud sin automedicarse).<\/p>\n","protected":false},"excerpt":{"rendered":"<p>En la provincia de La Pampa, desde comienzo de 2024 hasta el d\u00eda 30 de marzo (semana epidemiol\u00f3gica 13 cerrada),<\/p>\n","protected":false},"author":1,"featured_media":12963,"comment_status":"open","ping_status":"open","sticky":false,"template":"","format":"standard","meta":{"colormag_page_container_layout":"default_layout","colormag_page_sidebar_layout":"default_layout","footnotes":""},"categories":[4,53,8],"tags":[],"class_list":["post-12962","post","type-post","status-publish","format-standard","has-post-thumbnail","hentry","category-provincia","category-salud","category-ultimas-noticias"],"_links":{"self":[{"href":"https:\/\/notipampa.com\/index.php?rest_route=\/wp\/v2\/posts\/12962","targetHints":{"allow":["GET"]}}],"collection":[{"href":"https:\/\/notipampa.com\/index.php?rest_route=\/wp\/v2\/posts"}],"about":[{"href":"https:\/\/notipampa.com\/index.php?rest_route=\/wp\/v2\/types\/post"}],"author":[{"embeddable":true,"href":"https:\/\/notipampa.com\/index.php?rest_route=\/wp\/v2\/users\/1"}],"replies":[{"embeddable":true,"href":"https:\/\/notipampa.com\/index.php?rest_route=%2Fwp%2Fv2%2Fcomments&post=12962"}],"version-history":[{"count":1,"href":"https:\/\/notipampa.com\/index.php?rest_route=\/wp\/v2\/posts\/12962\/revisions"}],"predecessor-version":[{"id":12964,"href":"https:\/\/notipampa.com\/index.php?rest_route=\/wp\/v2\/posts\/12962\/revisions\/12964"}],"wp:featuredmedia":[{"embeddable":true,"href":"https:\/\/notipampa.com\/index.php?rest_route=\/wp\/v2\/media\/12963"}],"wp:attachment":[{"href":"https:\/\/notipampa.com\/index.php?rest_route=%2Fwp%2Fv2%2Fmedia&parent=12962"}],"wp:term":[{"taxonomy":"category","embeddable":true,"href":"https:\/\/notipampa.com\/index.php?rest_route=%2Fwp%2Fv2%2Fcategories&post=12962"},{"taxonomy":"post_tag","embeddable":true,"href":"https:\/\/notipampa.com\/index.php?rest_route=%2Fwp%2Fv2%2Ftags&post=12962"}],"curies":[{"name":"wp","href":"https:\/\/api.w.org\/{rel}","templated":true}]}}