{"id":12890,"date":"2024-03-22T13:19:20","date_gmt":"2024-03-22T16:19:20","guid":{"rendered":"https:\/\/notipampa.com\/?p=12890"},"modified":"2024-03-22T13:19:21","modified_gmt":"2024-03-22T16:19:21","slug":"luces-led-intendentes-pampeanos-respaldan-masivamente-la-nueva-fase-del-plan-de-alumbrado-publico","status":"publish","type":"post","link":"https:\/\/notipampa.com\/?p=12890","title":{"rendered":"Luces LED: Intendentes pampeanos respaldan masivamente la nueva fase del Plan de Alumbrado P\u00fablico"},"content":{"rendered":"\n<p>Ante un auditorio integrado por 70 intendentes e intendentas de La Pampa, reunidos en Ataliva Roca, el gobernador Sergio Ziliotto present\u00f3 la segunda etapa del Plan de Alumbrado P\u00fablico, que se inici\u00f3 en 2021 y ya permiti\u00f3 que el 65% del alumbrado p\u00fablico de toda la Provincia cuente con l\u00e1mparas LED. M\u00e1s all\u00e1 de su origen pol\u00edtico, los jefes comunales expresaron su satisfacci\u00f3n por la medida y firmaron la respectiva adhesi\u00f3n.<\/p>\n\n\n\n<p>La cita se concret\u00f3 en el gimnasio del Club Sportivo Pampero de Ataliva Roca, donde los intendentes e intendentas de toda la Provincia acudieron masivamente a la presentaci\u00f3n de la segunda etapa del Plan de Alumbrado P\u00fablico. Luego de firmar la adhesi\u00f3n al mismo y en di\u00e1logo con la Agencia Provincial de Noticias, las autoridades de las comunas manifestaron su agradecimiento al gobernador Sergio Ziliotto por continuar con el proyecto en un contexto tan desfavorable por el ajuste implementado desde Naci\u00f3n por el presidente Javier Milei.<br>El primero que expuso su benepl\u00e1cito con la decisi\u00f3n del Gobernador, a\u00fan perteneciendo a las filas de Juntos por el Cambio, fue el anfitri\u00f3n, el intendente Gustavo Barreiro. \u201cEstamos muy contentos de haber recibido al Gobernador para el lanzamiento de este Plan, tan importante para la Provincia. Sentimos orgullo de haber recibido a las autoridades y nos sentimos felices de que hayan venido tantos funcionarios e intendentes para participar del acto\u201d, asegur\u00f3 el jefe comunal de Ataliva Roca.<br>El intendente se preocup\u00f3 en resaltar que \u201ces vital que se trabaje en conjunto, con di\u00e1logo abierto, m\u00e1s all\u00e1 de los colores pol\u00edticos\u201d. En ese sentido, asegur\u00f3: \u201cTengo que agradecerle p\u00fablicamente al Gobernador, como ya lo he hecho en persona, su actitud de apoyo constante y la posibilidad que nos da para plantearle nuestras inquietudes y ofrecer respuestas\u201d.<br>En su distrito ya se complet\u00f3 el recambio del 100% de las luminarias, por lo que Barreiro se siente muy satisfecho. \u201cContar con iluminaci\u00f3n led es fundamental por varias razones y no s\u00f3lo por el ahorro de energ\u00eda que permite hacer. Tambi\u00e9n es importante el aporte que hace en materia de seguridad para todos los vecinos, dado que su potencia es mucho mayor. Adem\u00e1s, embellece los paseos p\u00fablicos\u201d, se\u00f1al\u00f3.<\/p>\n\n\n\n<p><strong>Santa Rosa<\/strong><br>Otro de los intendentes que destac\u00f3 su benepl\u00e1cito fue el de Santa Rosa. \u201cEstamos contentos de habernos encontrado nuevamente con el gobernador Sergio Ziliotto en un evento tan importante para la Provincia\u201d, asegur\u00f3 Luciano di N\u00e1poli. En el caso de la ciudad capital, actualmente existe un 75% de luminarias ya renovadas, por lo que en esta segunda etapa se encarar\u00e1 el recambio de las restantes.<br>\u201cEs posible que a\u00fan nos queden pendientes algunas, pero con este proyecto nos pondremos muy cerca del objetivo final de que la ciudad est\u00e9 completamente iluminada con led gracias al esfuerzo del Estado provincial que nosotros acompa\u00f1amos\u201d, afirm\u00f3.<br>El jefe comunal santarrose\u00f1o aprovech\u00f3 para dejar en claro el contraste existente entre las medidas de ajuste econ\u00f3mico del presidente Javier Milei y las pol\u00edticas p\u00fablicas que lleva adelante el Gobierno provincial. \u201cSon las dos caras de la moneda, y mientras el Ejecutivo Nacional todos los d\u00edas nos da malas noticias para los trabajadores, para el pueblo, el gobernador Ziliotto mantiene la presencia del Estado en beneficio de todos los pampeanos y pampeanas\u201d, dijo.<br>Respecto de este punto, puso como ejemplo lo dicho en el acto por el mandatario provincial: \u201cMientras el costo de la energ\u00eda el\u00e9ctrica aument\u00f3 180% para el Gobierno provincial, a la tarifa residencial se volc\u00f3 el 103%. El Estado de La Pampa sigue subsidiando el consumo para ayudar a los usuarios en un momento tan delicado\u201d.<\/p>\n\n\n\n<p><strong>Uriburu<\/strong><br>A su turno, la intendenta de Uriburu, Ivana Ferrer, dijo que \u201csiempre es un placer escuchar al Gobernador y en estos tiempos dif\u00edciles, lo es m\u00e1s a\u00fan\u201d. Profundizando respecto de esta afirmaci\u00f3n, la jefa comunal indic\u00f3 que \u201cme voy con una sensaci\u00f3n de alivio por el apoyo que nos da el gobernador Sergio Ziliotto en momentos complicados por el ajuste salvaje implementado por el Estado nacional\u201d.<br>\u201cEn Uriburu tenemos el 100% de las luminarias renovadas, y me alegra que el plan contin\u00fae para que todas las localidades alcancen el recambio completo\u201d, se\u00f1al\u00f3. Sin embargo, Ferrer se preocup\u00f3 en hacer un an\u00e1lisis m\u00e1s abarcativo de la situaci\u00f3n actual. \u201cEn su discurso, el Gobernador dej\u00f3 en claro que se duplic\u00f3 el presupuesto para atender la asistencia social, que aument\u00f3 enormemente a ra\u00edz del impacto de las medidas del presidente Milei\u201d, afirm\u00f3.<br>Puso de relieve que en la localidad, as\u00ed como en muchas otras localidades del interior pampeano, hay gente que recurre a la ayuda social por primera vez en su vida. \u201cEs una situaci\u00f3n muy dura, porque estamos viendo a vecinos y vecinas que nunca necesitaron de la asistencia del municipio que hoy se tienen que acercar por la grav\u00edsima situaci\u00f3n en la que se encuentran por las decisiones que tom\u00f3 el gobierno de Milei\u201d.<\/p>\n\n\n\n<p><strong>Intendente Alvear<\/strong><br>Mientras tanto, Agustina Garc\u00eda, viceintendenta de Intendente Alvear, a cargo del ejecutivo por el pedido de licencia de Eduardo Pepa, manifest\u00f3 que \u201ceste plan del Gobierno provincial es muy bueno y necesario\u201d. La dirigenta radical se\u00f1al\u00f3 que en su ciudad a\u00fan no se complet\u00f3 el recambio, de manera tal que se encuentran alcanzados por esta segunda etapa del proyecto. \u201cTenemos pendientes la renovaci\u00f3n de unas 1.400 luminarias, sabemos que hay que ir de a poco, pero nos alegra que sigamos avanzando en un camino que permite ahorrar energ\u00eda el\u00e9ctrica y brindar mayor seguridad\u201d, indic\u00f3.<\/p>\n\n\n\n<p><strong>Anguil<\/strong><br>La intendente de Anguil, Mar\u00eda Daniela Fern\u00e1ndez, remarc\u00f3 la presentaci\u00f3n del Plan ya que \u201crefleja en n\u00fameros lo que significa y da un panorama de la verdadera dimensi\u00f3n que tiene.<br>&#8220;Para los pueblos es important\u00edsimo este programa lanzado por el Gobierno provincial. Me pareci\u00f3 para rescatar, esta situaci\u00f3n de la continuidad m\u00e1s all\u00e1 de que las coyunturas cambian, el camino que tiene el Gobernador, la Provincia, y todo su gabinete, es claro y podr\u00e1 ser m\u00e1s lento, pero no se desv\u00eda de cu\u00e1l es su prop\u00f3sito. As\u00ed que me pareci\u00f3 interesante para las localidades chicas. Es indispensable contar con este apoyo del Gobierno provincial y ya estamos en marcha para implementar la segunda etapa\u201d, agreg\u00f3.<br>Tambi\u00e9n especific\u00f3 que la primera etapa ya fue ejecutada. \u201cSomos de las localidades que estamos encuadrados en los que necesitamos ampliaci\u00f3n, el pueblo ha crecido y necesitamos hacer la iluminaci\u00f3n de todo ese crecimiento\u201d, cont\u00f3.<br>Por \u00faltimo, se refiri\u00f3 a la continuidad de la obra p\u00fablica en este contexto nacional. \u201cEs sumamente importante la continuidad de la obra p\u00fablica en este contexto nacional que hace que se tenga que estar previendo todo el tiempo lo peor, el pron\u00f3stico empeora. Pero el Gobernador tiene el camino claro, dise\u00f1a la protecci\u00f3n de los pampeanos, del cuidado de los recursos, de la estabilidad econ\u00f3mica que tiene La Pampa, de no ponerla en riesgo y es en ese camino en el que estamos como intendencia. Y es importante este tipo de encuentro para ver en n\u00fameros y en cuestiones concretas como va la gesti\u00f3n provincial de la que somos parte\u201d, concluy\u00f3.<br><br><strong>Realic\u00f3<\/strong><br>El intendente Javier Facundo Sola calific\u00f3 como \u201causpiciosa\u201d la presentaci\u00f3n del Plan Energ\u00e9tico. \u201cEsto deja a las claras que hay una planificaci\u00f3n seria y concreta, que no es solamente lo que estamos viendo hoy de un Plan de Iluminaci\u00f3n Eficiente, sino que hay pol\u00edticas p\u00fablicas muy s\u00f3lidas en distintos frentes, muy presentes. Lo que estamos viendo hoy, no es solamente mejorar lo que tiene que ver con el ambiente, con esta pol\u00edtica de iluminaci\u00f3n, sino reducir fundamentalmente los costos de consumo a trav\u00e9s de una mejor iluminaci\u00f3n\u201d, apunt\u00f3.<br>Y resalt\u00f3 &#8220;esto de trabajar codo a codo, el Gobierno provincial y los municipios, sin distinci\u00f3n de banderas partidarias, todos viendo la mejor forma para prestar servicios a los pampeanos y creo que eso es una fuerza muy propia de La Pampa\u201d, agreg\u00f3.<br>El jefe comunal tambi\u00e9n se refiri\u00f3 a que \u201cel Gobierno nacional nos cerr\u00f3 totalmente la transferencia de plata desde el 10 de diciembre, pasando en limpio, no nos apoya en absolutamente nada, y quedaron obras que ten\u00edan que ser financiada por ese Gobierno nacional, como viviendas, rutas, y que al no mandar ese dinero, se paralizan. Y ser\u00e1 el Gobierno pampeano el que va a poner la plata para que tengamos las viviendas terminadas y no se pierda el empleo, justamente cuando hoy el tema de empleo es tormentoso. Pero eso, tiene que ver en un Gobierno nacional totalmente inhumano, y un Gobierno de La Pampa hist\u00f3ricamente ha sido prolijo, con cuentas claras, transparentes. Hoy con este acuerdo pol\u00edtico entre lo provincial y lo municipal, podemos hacerle frente al Gobierno nacional, y una decisi\u00f3n de nuestro Gobernador que est\u00e1 manifestando a nivel nacional el federalismo. Siento orgullo de nuestro Gobernador con esa bandera, junto con sus pares patag\u00f3nicos, y como intendente la responsabilidad de estar todos los d\u00edas con la gente de mi pueblo para sacarlo adelante\u201d, cerr\u00f3.<br><br><strong>General Acha<\/strong><br>El intendente Abel Osvaldo Sabarots remarc\u00f3 que el Plan es \u201cla continuidad de una pol\u00edtica que ya ven\u00eda de la gesti\u00f3n anterior de Ziliotto y esto es seguir avanzando en una etapa que a nosotros claramente nos beneficia, porque en las ciudades m\u00e1s grandes hay otro volumen de cambios de luces LED, estamos en el 55% y esta fase nos permite acercarnos a la totalidad de la localidad\u201d.<br>\u201cTodo lo que sea pol\u00edtica p\u00fablica contin\u00faa en el tiempo y no es espasm\u00f3dica, y sobre todo que el Estado exista, y que no sea reducida en su m\u00ednima expresi\u00f3n, nos va a tener en el mismo lugar. Lo he dicho hasta el cansancio en todo los \u00e1mbitos que he podido, de que coincidimos con un Estado presente, que no se puede replegar, porque en materia de salud, educaci\u00f3n, seguridad, en estas pol\u00edticas, viviendas, obra p\u00fablica en general, desde ese lugar vamos a estar seguramente, yo perteneciendo a otro partido pol\u00edtico, en el mismo lugar que el Gobernador y el Gobierno provincial\u201d, afirm\u00f3.<br><br><strong>Santa Isabel<\/strong><br>El intendente Carlos Guillermo Farana destac\u00f3 que el anuncio del gobernador Sergio Ziliotto \u201cmarca claramente la posici\u00f3n que tiene \u00e9l y la posici\u00f3n que tenemos que tener todos los pampeanos\u201d.<br>\u201cConsidero muy valioso reconocer que las provincias son fundamentales en la Naci\u00f3n, es un discurso de \u00edndole nacional el de hoy, y toda la inversi\u00f3n que est\u00e1 haciendo la Provincia con fondos propios, y que nos da una cierta tranquilidad, de que contamos con un Gobierno que sigue pensando que el Estado tiene que estar\u201d, agreg\u00f3.<br>El jefe comunal se mostr\u00f3 satisfecho, \u201cpor el Plan de iluminaci\u00f3n, por el plan de viviendas que va a seguir en marcha, seguir apoyando a las viviendas me da un poco de tranquilidad que voy a tener trabajo en mi pueblo. Estamos pr\u00f3ximo a entregar unas casas y vamos a seguir teniendo m\u00e1s actividad en el pueblo, no solo en la cuesti\u00f3n social sino en el trabajo, que en los pueblos chicos, es todo trabajo propio de la gente que vive ah\u00ed\u201d.<br>Por \u00faltimo, remarc\u00f3 tambi\u00e9n la continuidad de las viviendas para la generaci\u00f3n de empleo local. \u201cCuando dijo que seguimos con las casa me pone muy feliz, porque nosotros tendiendo casas trabaja todo el pueblo, desde el hospital que avanza de forma vertiginosa y las casas que seguramente se otorgar\u00e1n, trabaja todo el pueblo y el trabajo dignifica. La soluci\u00f3n a los problemas es el trabajo, es producir, no es el asistencialismo. Lo que dijo el Gobernador me renueva las esperanzas\u201d, concluy\u00f3.<br><br><strong>Anchorena<\/strong><br>El intendente Gustavo P\u00e9rez cont\u00f3 que la localidad de Anchorena es una de las que pudo completar el 100% del alumbrado p\u00fablico. \u201cEs un Plan muy importante para los municipios, en la primera etapa pudimos llegar al 100% con el alumbrado p\u00fablico y justamente ahora esperamos el presupuesto que vamos a tener para ver qu\u00e9 proyecto podemos presentar para nuestra localidad, ya que tenemos la posibilidad. Uno de los que ten\u00edamos pensado es para ahorrar consumo de energ\u00eda, es que las bombas sumergibles que tenemos en la localidad, hacerlas con pantallas solares, creo que ser\u00eda un ahorro muy importante para nosotros\u201d, explic\u00f3.<br>\u201cEl ahorro de energ\u00eda es muy importante y adem\u00e1s como embellece a las localidades. Este Plan es importante porque es dif\u00edcil llevar a cabo la obra con fondos del municipio, por eso est\u00e1 bueno que el Gobierno las pueda llevar adelante\u201d, cerr\u00f3.<\/p>\n","protected":false},"excerpt":{"rendered":"<p>Ante un auditorio integrado por 70 intendentes e intendentas de La Pampa, reunidos en Ataliva Roca, el gobernador Sergio Ziliotto<\/p>\n","protected":false},"author":1,"featured_media":12891,"comment_status":"open","ping_status":"open","sticky":false,"template":"","format":"standard","meta":{"colormag_page_container_layout":"default_layout","colormag_page_sidebar_layout":"default_layout","footnotes":""},"categories":[7,4,8],"tags":[],"class_list":["post-12890","post","type-post","status-publish","format-standard","has-post-thumbnail","hentry","category-politica","category-provincia","category-ultimas-noticias"],"_links":{"self":[{"href":"https:\/\/notipampa.com\/index.php?rest_route=\/wp\/v2\/posts\/12890","targetHints":{"allow":["GET"]}}],"collection":[{"href":"https:\/\/notipampa.com\/index.php?rest_route=\/wp\/v2\/posts"}],"about":[{"href":"https:\/\/notipampa.com\/index.php?rest_route=\/wp\/v2\/types\/post"}],"author":[{"embeddable":true,"href":"https:\/\/notipampa.com\/index.php?rest_route=\/wp\/v2\/users\/1"}],"replies":[{"embeddable":true,"href":"https:\/\/notipampa.com\/index.php?rest_route=%2Fwp%2Fv2%2Fcomments&post=12890"}],"version-history":[{"count":1,"href":"https:\/\/notipampa.com\/index.php?rest_route=\/wp\/v2\/posts\/12890\/revisions"}],"predecessor-version":[{"id":12892,"href":"https:\/\/notipampa.com\/index.php?rest_route=\/wp\/v2\/posts\/12890\/revisions\/12892"}],"wp:featuredmedia":[{"embeddable":true,"href":"https:\/\/notipampa.com\/index.php?rest_route=\/wp\/v2\/media\/12891"}],"wp:attachment":[{"href":"https:\/\/notipampa.com\/index.php?rest_route=%2Fwp%2Fv2%2Fmedia&parent=12890"}],"wp:term":[{"taxonomy":"category","embeddable":true,"href":"https:\/\/notipampa.com\/index.php?rest_route=%2Fwp%2Fv2%2Fcategories&post=12890"},{"taxonomy":"post_tag","embeddable":true,"href":"https:\/\/notipampa.com\/index.php?rest_route=%2Fwp%2Fv2%2Ftags&post=12890"}],"curies":[{"name":"wp","href":"https:\/\/api.w.org\/{rel}","templated":true}]}}