{"id":12887,"date":"2024-03-22T13:16:47","date_gmt":"2024-03-22T16:16:47","guid":{"rendered":"https:\/\/notipampa.com\/?p=12887"},"modified":"2024-03-22T13:16:48","modified_gmt":"2024-03-22T16:16:48","slug":"accidente-de-transito-en-intendente-alvear-deja-dos-personas-heridas","status":"publish","type":"post","link":"https:\/\/notipampa.com\/?p=12887","title":{"rendered":"Accidente de tr\u00e1nsito en Intendente Alvear deja dos personas heridas"},"content":{"rendered":"\n<p>El pasado martes, la Comisar\u00eda de Intendente Alvear inici\u00f3 actuaciones judiciales por un incidente de &#8220;Lesiones en Accidente de Tr\u00e1nsito&#8221;, luego de recibir un reporte a las 22:40 horas sobre una colisi\u00f3n en la intersecci\u00f3n de las calles Teniente Bolzan y Avenida Per\u00f3n.<\/p>\n\n\n\n<p>Seg\u00fan informaci\u00f3n preliminar, el accidente involucr\u00f3 a dos motocicletas: una marca Motomel B110cc, que se desplazaba de norte a sur por Avenida Per\u00f3n, y una Honda Tornado 250 cc, que circulaba de oeste a este por la calle Teniente Bolzan. Ambos veh\u00edculos eran conducidos por hombres mayores de edad.<\/p>\n\n\n\n<p>Como resultado del choque, ambos conductores sufrieron lesiones y fueron atendidos por personal m\u00e9dico local. El primero presentaba quemaduras por fricci\u00f3n en la mu\u00f1eca izquierda y excoriaciones superficiales en ambos pies, mientras que el segundo ten\u00eda m\u00faltiples escoriaciones por fricci\u00f3n y dolor con obstrucci\u00f3n funcional en la rodilla derecha, lo que fue compatible con una fractura. Este \u00faltimo fue trasladado al Hospital Gobernador Centeno en General Pico, donde se confirm\u00f3 una fractura multifragmentaria en el tercio proximal de la tibia derecha.<\/p>\n\n\n\n<p>Los veh\u00edculos involucrados en el accidente fueron secuestrados para su an\u00e1lisis pericial, mientras las autoridades contin\u00faan investigando las circunstancias que llevaron a este lamentable suceso.<\/p>\n","protected":false},"excerpt":{"rendered":"<p>El pasado martes, la Comisar\u00eda de Intendente Alvear inici\u00f3 actuaciones judiciales por un incidente de &#8220;Lesiones en Accidente de Tr\u00e1nsito&#8221;,<\/p>\n","protected":false},"author":1,"featured_media":12888,"comment_status":"open","ping_status":"open","sticky":false,"template":"","format":"standard","meta":{"colormag_page_container_layout":"default_layout","colormag_page_sidebar_layout":"default_layout","footnotes":""},"categories":[6,56,8],"tags":[],"class_list":["post-12887","post","type-post","status-publish","format-standard","has-post-thumbnail","hentry","category-locales","category-policiales","category-ultimas-noticias"],"_links":{"self":[{"href":"https:\/\/notipampa.com\/index.php?rest_route=\/wp\/v2\/posts\/12887","targetHints":{"allow":["GET"]}}],"collection":[{"href":"https:\/\/notipampa.com\/index.php?rest_route=\/wp\/v2\/posts"}],"about":[{"href":"https:\/\/notipampa.com\/index.php?rest_route=\/wp\/v2\/types\/post"}],"author":[{"embeddable":true,"href":"https:\/\/notipampa.com\/index.php?rest_route=\/wp\/v2\/users\/1"}],"replies":[{"embeddable":true,"href":"https:\/\/notipampa.com\/index.php?rest_route=%2Fwp%2Fv2%2Fcomments&post=12887"}],"version-history":[{"count":1,"href":"https:\/\/notipampa.com\/index.php?rest_route=\/wp\/v2\/posts\/12887\/revisions"}],"predecessor-version":[{"id":12889,"href":"https:\/\/notipampa.com\/index.php?rest_route=\/wp\/v2\/posts\/12887\/revisions\/12889"}],"wp:featuredmedia":[{"embeddable":true,"href":"https:\/\/notipampa.com\/index.php?rest_route=\/wp\/v2\/media\/12888"}],"wp:attachment":[{"href":"https:\/\/notipampa.com\/index.php?rest_route=%2Fwp%2Fv2%2Fmedia&parent=12887"}],"wp:term":[{"taxonomy":"category","embeddable":true,"href":"https:\/\/notipampa.com\/index.php?rest_route=%2Fwp%2Fv2%2Fcategories&post=12887"},{"taxonomy":"post_tag","embeddable":true,"href":"https:\/\/notipampa.com\/index.php?rest_route=%2Fwp%2Fv2%2Ftags&post=12887"}],"curies":[{"name":"wp","href":"https:\/\/api.w.org\/{rel}","templated":true}]}}