{"id":12867,"date":"2024-03-21T08:53:54","date_gmt":"2024-03-21T11:53:54","guid":{"rendered":"https:\/\/notipampa.com\/?p=12867"},"modified":"2024-03-21T08:53:55","modified_gmt":"2024-03-21T11:53:55","slug":"video-mataron-de-un-tiro-en-la-cabeza-a-un-empleado-de-una-peluqueria-de-recoleta-tras-una-discusion","status":"publish","type":"post","link":"https:\/\/notipampa.com\/?p=12867","title":{"rendered":"(Video) Mataron de un tiro en la cabeza a un empleado de una peluquer\u00eda de Recoleta tras una discusi\u00f3n"},"content":{"rendered":"\n<p>A la v\u00edctima la asesin\u00f3 un compa\u00f1ero de trabajo, quien se encuentra pr\u00f3fugo. IM\u00c1GENES SENSIBLES<\/p>\n\n\n\n<p>Una reconocida peluquer\u00eda del barrio porte\u00f1o de Recoleta fue escenario del horror. De una situaci\u00f3n impensada que se dio entre compa\u00f1eros de trabajo que estaban discutiendo. A\u00fan se desconoce el motivo de la pelea, pero termin\u00f3 de la peor manera: uno de ellos ejecut\u00f3 al otro de un disparo en la cabeza y se dio a la fuga.<\/p>\n\n\n\n<p>El impactante hecho ocurri\u00f3 este mi\u00e9rcoles al anochecer en \u201cVerdini\u201d, una peluquer\u00eda ubicada en Beruti al 3017, a la que suelen ir personas reconocidas del espect\u00e1culo. El comercio ya hab\u00eda cerrado sus persianas cuando comenz\u00f3 a gestarse la situaci\u00f3n cuyo desenlace fue fatal.<\/p>\n\n\n\n<figure class=\"wp-block-video\"><video height=\"360\" style=\"aspect-ratio: 640 \/ 360;\" width=\"640\" controls src=\"https:\/\/notipampa.com\/wp-content\/uploads\/2024\/03\/SdtHhtdL-34105381.mp4\"><\/video><\/figure>\n\n\n\n<p>Todo qued\u00f3 registrado por una c\u00e1mara de seguridad del local. Dos minutos y medio dura el video en el que se ve a tres hombres y una mujer sentados en ronda, mientras el que termin\u00f3 jalando del gatillo se encuentra parado. En las im\u00e1genes se ve como este individuo, identificado como Abel Guzm\u00e1n, saca un arma y comienza a increpar a sus compa\u00f1eros Por lo que se puede deducir le ordena a la joven y a dos de los hombres que se levanten de sus respectivas sillas y se hagan a un lado.<\/p>\n\n\n\n<p>Guzm\u00e1n termina quedando cara a cara con Germ\u00e1n Gabriel Medina, quien por su comportamiento, pese a que su compa\u00f1ero mostraba el arma, no parece presumir c\u00f3mo culminar\u00eda la situaci\u00f3n. Se nota la tensi\u00f3n en el ambiente, sin embargo a pesar de estar siendo apuntado Medina no atina a moverse ni levantarse de la silla. Con total frialdad Guzm\u00e1n le dispara en la cabeza y termina huyendo de la escena al igual que el resto de sus compa\u00f1eros, aterrados por lo que presenciaron. Al minuto se ve como uno de los testigos reaparece, abre una venta y permite que el asesino huya de la peluquer\u00eda.<\/p>\n\n\n\n<p>Alertados por lo sucedido, acude al lugar Polic\u00eda de la Ciudad. Herido de bala en el cr\u00e1neo, Medina es trasladado con signos vitales por personal del SAME al Hospital Fern\u00e1ndez. A los pocos minutos, el joven de 33 a\u00f1os, oriundo de Mor\u00f3n, falleci\u00f3.<\/p>\n\n\n\n<p>\u201cRecibimos una llamada sobre que hab\u00eda un herido por arma de fuego. La ambulancia fue a los pocos minutos y se encontr\u00f3 con el hombre con un disparo en el cr\u00e1neo. R\u00e1pidamente, se inici\u00f3 el traslado. Estaba con un paro card\u00edaco y lo llevamos al Hospital Fern\u00e1ndez\u201d, dijo el titular del SAME, Alberto Crescenti en di\u00e1logo con Todo Noticias (TN).<\/p>\n\n\n\n<p>\u201cEl paciente estaba en grave estado y lo hab\u00edamos trasladado con un paro cardiorrespiratorio, se sigui\u00f3 con la maniobras en el shock room del Fern\u00e1ndez tratando de revertir la situaci\u00f3n, pero lamentablemente este hombre falleci\u00f3\u201d, lament\u00f3 el m\u00e9dico.<\/p>\n\n\n\n<p>El personal policial de la Comisar\u00eda Vecinal 2A de CABA se entrevist\u00f3 con Facundo Ram\u00f3n Berdini, el due\u00f1o del comercio, quien afirm\u00f3 que al cerrar el local se quedaron tomando bebidas y posteriormente se produjo una incidencia laboral entre dos empleados. Seg\u00fan fuentes policiales todo sucedi\u00f3 \u201cde un momento a otro\u201d: Guzm\u00e1n sac\u00f3 el arma de fuego y efectu\u00f3 el disparo en la cabeza de su compa\u00f1ero.<\/p>\n\n\n\n<p>Por estas horas, Guzm\u00e1n es intensamente buscado por la polic\u00eda.<\/p>\n\n\n\n<p>Caratulada \u201cdisparo de arma de fuego y lesiones graves\u201d, la causa qued\u00f3 a cargo del doctor Javier S\u00e1nchez Sarmiento del Juzgado Nacional en lo Criminal y Correccional N\u00famero 48, quien dispuso que se labren actuaciones por homicidio y que intervenga la Divisi\u00f3n de Homicidios.<\/p>\n","protected":false},"excerpt":{"rendered":"<p>A la v\u00edctima la asesin\u00f3 un compa\u00f1ero de trabajo, quien se encuentra pr\u00f3fugo. IM\u00c1GENES SENSIBLES Una reconocida peluquer\u00eda del barrio<\/p>\n","protected":false},"author":1,"featured_media":12869,"comment_status":"open","ping_status":"open","sticky":false,"template":"","format":"standard","meta":{"colormag_page_container_layout":"default_layout","colormag_page_sidebar_layout":"default_layout","footnotes":""},"categories":[5,56,8],"tags":[],"class_list":["post-12867","post","type-post","status-publish","format-standard","has-post-thumbnail","hentry","category-nacionales","category-policiales","category-ultimas-noticias"],"_links":{"self":[{"href":"https:\/\/notipampa.com\/index.php?rest_route=\/wp\/v2\/posts\/12867","targetHints":{"allow":["GET"]}}],"collection":[{"href":"https:\/\/notipampa.com\/index.php?rest_route=\/wp\/v2\/posts"}],"about":[{"href":"https:\/\/notipampa.com\/index.php?rest_route=\/wp\/v2\/types\/post"}],"author":[{"embeddable":true,"href":"https:\/\/notipampa.com\/index.php?rest_route=\/wp\/v2\/users\/1"}],"replies":[{"embeddable":true,"href":"https:\/\/notipampa.com\/index.php?rest_route=%2Fwp%2Fv2%2Fcomments&post=12867"}],"version-history":[{"count":1,"href":"https:\/\/notipampa.com\/index.php?rest_route=\/wp\/v2\/posts\/12867\/revisions"}],"predecessor-version":[{"id":12870,"href":"https:\/\/notipampa.com\/index.php?rest_route=\/wp\/v2\/posts\/12867\/revisions\/12870"}],"wp:featuredmedia":[{"embeddable":true,"href":"https:\/\/notipampa.com\/index.php?rest_route=\/wp\/v2\/media\/12869"}],"wp:attachment":[{"href":"https:\/\/notipampa.com\/index.php?rest_route=%2Fwp%2Fv2%2Fmedia&parent=12867"}],"wp:term":[{"taxonomy":"category","embeddable":true,"href":"https:\/\/notipampa.com\/index.php?rest_route=%2Fwp%2Fv2%2Fcategories&post=12867"},{"taxonomy":"post_tag","embeddable":true,"href":"https:\/\/notipampa.com\/index.php?rest_route=%2Fwp%2Fv2%2Ftags&post=12867"}],"curies":[{"name":"wp","href":"https:\/\/api.w.org\/{rel}","templated":true}]}}