{"id":12772,"date":"2024-03-14T08:53:38","date_gmt":"2024-03-14T11:53:38","guid":{"rendered":"https:\/\/notipampa.com\/?p=12772"},"modified":"2024-03-14T08:53:39","modified_gmt":"2024-03-14T11:53:39","slug":"la-pampa-preocupacion-en-cooperativas-por-los-aumentos-de-energia","status":"publish","type":"post","link":"https:\/\/notipampa.com\/?p=12772","title":{"rendered":"La Pampa: Preocupaci\u00f3n en cooperativas por los aumentos de Energ\u00eda"},"content":{"rendered":"\n<p>En las cooperativas distribuidoras de energ\u00eda el\u00e9ctrica, la preocupaci\u00f3n es creciente de cara a los d\u00edas complicados que se avecinan. Los consumos de febrero, que por estos d\u00edas est\u00e1n siendo facturados y enviados a los usuarios, llegar\u00e1n con cifras finales con una suba estrepitosa, producto del feroz incremento de tarifas, la quita de subsidios y el agravante de que se trata de uno de los per\u00edodos de mayor consumo.<\/p>\n\n\n\n<p>El mi\u00e9rcoles por la ma\u00f1ana, dirigentes de la mayor\u00eda de las entidades, poblaron la sede de la Fepamco (Federaci\u00f3n Pampeana de Cooperativas), luego de que el martes a mediod\u00eda el consejo de administraci\u00f3n se reuniera con el secretario de Energ\u00eda, Mat\u00edas Toso, para analizar el conflictivo frente que se avecina.<\/p>\n\n\n\n<p>Las cooperativas no s\u00f3lo no son responsables de las subas y las quitas, sino que sus propios n\u00fameros se ver\u00e1n afectados. No s\u00f3lo por esos dos factores, sino porque ya en los \u00faltimos meses vienen sufriendo la situaci\u00f3n y saben que, con seguridad, ser\u00e1n la cara visible y el blanco de la protesta popular.<\/p>\n\n\n\n<p>La federaci\u00f3n que conduce Jorge P\u00e1ez convoc\u00f3 al plenario para informar los alcances de la reuni\u00f3n, los pasos a dar y, entre todos, idear de qu\u00e9 manera afrontar\u00e1n los embates de los castigados usuarios. En verdad, ya est\u00e1n trabajando en el tema, con diversas estrategias de comunicaci\u00f3n que van desde el uso de redes sociales a reuniones con diversos sectores para avisar y encontrar herramientas que ayuden a los que menos pueden, pasando por el cara a cara cotidiano con los socios que pasan por la atenci\u00f3n al p\u00fablico.<\/p>\n\n\n\n<p>Cada vez peor.<\/p>\n\n\n\n<p>El panorama es complicado y tiende a empeorar. Las distribuidoras tienen fijados el precio que pagan por la energ\u00eda y el tope tarifario que pueden trasladar a los consumidores. En medio est\u00e1 el Valor Agregado por Distribuci\u00f3n, la parte que les toca para cubrir salarios y gastos operativos y que debe alcanzar para hacer las inversiones que garanticen la prestaci\u00f3n. Hoy, ut\u00f3pico. No parece haber remedio en el futuro inmediato para esta situaci\u00f3n. La idea es acomodarse lo mejor posible para recibir el impacto, que ya se siente.<\/p>\n\n\n\n<p>Cooperativas que a lo largo de d\u00e9cadas han sido impecables cumplidoras con todas sus obligaciones en tiempo y forma y que jam\u00e1s se atrasaron en sus pagos a la Administraci\u00f3n Provincial de Energ\u00eda (APE), debieron ya en los \u00faltimos tres meses optar por cumplir en uno u otro sentido. &#8220;No llegamos&#8221;, le dijo a LA ARENA escuetamente un dirigente del norte, al frente de una de esa, hasta ahora, impolutas entidades.<\/p>\n\n\n\n<p>Frente a esta disyuntiva, las prioridades son los salarios, el pago de insumos y a proveedores y &#8220;colgar&#8221; a APE, con pagos parciales y con retrasos hasta cubrir el monto total de la factura.<\/p>\n\n\n\n<p>Abogan por corregir esta situaci\u00f3n y que La Pampa siga siendo de las escasas que a nivel nacional le pagan a Cammesa y no tiene deudas. Pero, como expres\u00f3 el norte\u00f1o, no llegan.<\/p>\n\n\n\n<p>El rico intercambio en la sede de la calle Oliver recorri\u00f3 varios puntos. Expresaron que &#8220;la gente y los comerciantes e industriales entienden, pero ya preguntan c\u00f3mo podr\u00e1n hacer para pagar sus facturas&#8221;. Algunos recordaron: &#8220;Nosotros no tenemos en nuestros ingresos un porcentaje de ganancias, pero s\u00ed lo tienen y se lo aseguran las empresas privadas&#8221; y otros fueron m\u00e1s all\u00e1 para recordar que &#8220;tanto el sector comercial y las industrias se quejan por las tarifas, pero ellos tienen la chance de trasladarlo a sus precios, cosa que hacen. Por eso nuestra preocupaci\u00f3n deben ser los usuarios residenciales, nuestros socios comunes, que son siempre los m\u00e1s perjudicados, como lo somos nosotros&#8221;.<\/p>\n\n\n\n<p>Oscuro panorama.<\/p>\n\n\n\n<p>En el an\u00e1lisis no pas\u00f3 desapercibido el hecho de que, en este negro panorama, desaparecen las chances ya no s\u00f3lo de invertir en ampliaciones del servicio, sino tambi\u00e9n la b\u00e1sica necesidad de hacer el mantenimiento adecuado para que no se degrade la calidad del servicio.<\/p>\n\n\n\n<p>Uno de los presentes relat\u00f3 que, en su derrotero de hablar con los sectores para advertir lo que viene, su \u00fanico gran usuario no se quej\u00f3 por la tarifa que deber\u00e1 pagar. &#8220;Pero pidi\u00f3 que le garanticemos el servicio. Y no sabemos si podremos hacerlo al quedarnos sin posibilidad de invertir&#8221;, lament\u00f3.<\/p>\n\n\n\n<p>Estudio de costos.<\/p>\n\n\n\n<p>El tema hab\u00eda pasado al olvido, pero ahora revivi\u00f3. Tiempo atr\u00e1s, en otro contrapunto entre cooperativas y Gobierno provincial por el tema tarifario se pidi\u00f3 a la Universidad Nacional de La Pampa un estudio de costos que permitiera establecer tarifas justas.<\/p>\n\n\n\n<p>En la reuni\u00f3n del martes con el secretario de Energ\u00eda surgi\u00f3 la novedad de que la consultora universitaria tiene algo concreto. Pero que tiene pasos previos, que demandar\u00e1n m\u00e1s tiempo, antes de obtener conclusiones definitivas. As\u00ed lo inform\u00f3 en el plenario el presidente Jorge P\u00e1ez, que anunci\u00f3 m\u00e1s reuniones con la SE que incluyen el Fondo Compensador de Tarifas y su liquidaci\u00f3n a las cooperativas y m\u00e1s sobre el tarifazo brutal que se avecina y que se llevar\u00e1 el dinero de los pampeanos y acarrear\u00e1 problemas a cooperativas y el propio Estado provincial.<\/p>\n\n\n\n<p>Del plenario de ayer participaron representantes de 23 de las 29 cooperativas distribuidoras nucleadas en Fepamco. Estuvieron dirigentes de Doblas, Miguel Riglos, Alpachiri, Rol\u00f3n, Guatrach\u00e9, General San Mart\u00edn, Bernasconi, General Acha, La Adela, Santa Rosa, Winifreda, Colonia Bar\u00f3n, Villa Mirasol, Eduardo Castex, General Pico, Trenel, Arata, Caleuf\u00fa, Ingeniero Luiggi, Realic\u00f3, Intendente Alvear, Bernardo Larroud\u00e9 y General Pico.<\/p>\n\n\n\n<p>La Arena<\/p>\n","protected":false},"excerpt":{"rendered":"<p>En las cooperativas distribuidoras de energ\u00eda el\u00e9ctrica, la preocupaci\u00f3n es creciente de cara a los d\u00edas complicados que se avecinan.<\/p>\n","protected":false},"author":1,"featured_media":12773,"comment_status":"open","ping_status":"open","sticky":false,"template":"","format":"standard","meta":{"colormag_page_container_layout":"default_layout","colormag_page_sidebar_layout":"default_layout","footnotes":""},"categories":[4,8],"tags":[],"class_list":["post-12772","post","type-post","status-publish","format-standard","has-post-thumbnail","hentry","category-provincia","category-ultimas-noticias"],"_links":{"self":[{"href":"https:\/\/notipampa.com\/index.php?rest_route=\/wp\/v2\/posts\/12772","targetHints":{"allow":["GET"]}}],"collection":[{"href":"https:\/\/notipampa.com\/index.php?rest_route=\/wp\/v2\/posts"}],"about":[{"href":"https:\/\/notipampa.com\/index.php?rest_route=\/wp\/v2\/types\/post"}],"author":[{"embeddable":true,"href":"https:\/\/notipampa.com\/index.php?rest_route=\/wp\/v2\/users\/1"}],"replies":[{"embeddable":true,"href":"https:\/\/notipampa.com\/index.php?rest_route=%2Fwp%2Fv2%2Fcomments&post=12772"}],"version-history":[{"count":1,"href":"https:\/\/notipampa.com\/index.php?rest_route=\/wp\/v2\/posts\/12772\/revisions"}],"predecessor-version":[{"id":12774,"href":"https:\/\/notipampa.com\/index.php?rest_route=\/wp\/v2\/posts\/12772\/revisions\/12774"}],"wp:featuredmedia":[{"embeddable":true,"href":"https:\/\/notipampa.com\/index.php?rest_route=\/wp\/v2\/media\/12773"}],"wp:attachment":[{"href":"https:\/\/notipampa.com\/index.php?rest_route=%2Fwp%2Fv2%2Fmedia&parent=12772"}],"wp:term":[{"taxonomy":"category","embeddable":true,"href":"https:\/\/notipampa.com\/index.php?rest_route=%2Fwp%2Fv2%2Fcategories&post=12772"},{"taxonomy":"post_tag","embeddable":true,"href":"https:\/\/notipampa.com\/index.php?rest_route=%2Fwp%2Fv2%2Ftags&post=12772"}],"curies":[{"name":"wp","href":"https:\/\/api.w.org\/{rel}","templated":true}]}}