{"id":12759,"date":"2024-03-13T08:34:00","date_gmt":"2024-03-13T11:34:00","guid":{"rendered":"https:\/\/notipampa.com\/?p=12759"},"modified":"2024-03-13T08:34:01","modified_gmt":"2024-03-13T11:34:01","slug":"camionero-pampeano-involucrado-en-choque-fatal-cerca-de-bragado","status":"publish","type":"post","link":"https:\/\/notipampa.com\/?p=12759","title":{"rendered":"Camionero pampeano involucrado en choque fatal cerca de Bragado"},"content":{"rendered":"\n<p>Un camionero oriundo de Mendoza falleci\u00f3 esta tarde en un fuerte choque frontal entre dos camiones ocurrido en la Ruta Nacional 5. El otro camionero, un joven de Santa Rosa, result\u00f3 ileso.<\/p>\n\n\n\n<p>Seg\u00fan inform\u00f3 el medio digital Bragado Informa, la colisi\u00f3n sucedi\u00f3 en una curva a la altura del kil\u00f3metro 205 de la RN5, entre las localidades de Bragado y Mechita, alrededor de las 17 horas.<\/p>\n\n\n\n<p>El santarrose\u00f1o fue identificado por la polic\u00eda como Jos\u00e9 Oscar Formaggio, de 23 a\u00f1os. Circulaba en un cami\u00f3n Mercedes Benz con semi, que transportaba tubos de gasoducto, y circulaba desde Buenos Aires en direcci\u00f3n a Bragado.<\/p>\n\n\n\n<p>El otro transporte era un Ford modelo 1720 con semivac\u00edo, y circulaba en el sentido contrario. El conductor falleci\u00f3 en el lugar del siniestro. Las fuentes policiales lo identificaron como Alejandro Mauricio Godoy, de 25 a\u00f1os, con domicilio en Guaymall\u00e9n, provincia de Mendoza. Formaggio, en tanto, no presentaba lesiones.<\/p>\n\n\n\n<p>La ruta est\u00e1 cortada en ambas manos por trabajos de peritaje, y trabaja una dotaci\u00f3n de Bomberos en el lugar. Adem\u00e1s, intervino la UFI N\u00ba3 y Juzgado de Garant\u00eda N\u00ba1 del Departamento Judicial de Mercedes.<\/p>\n\n\n\n<p>(Foto: Bragado Informa)<\/p>\n\n\n\n<figure class=\"wp-block-image\"><img decoding=\"async\" src=\"https:\/\/www.infopico.com\/wp-content\/uploads\/2024\/03\/12_img_20240312_172819809_mfnr.jpg\" alt=\"\" class=\"wp-image-257885\"\/><\/figure>\n","protected":false},"excerpt":{"rendered":"<p>Un camionero oriundo de Mendoza falleci\u00f3 esta tarde en un fuerte choque frontal entre dos camiones ocurrido en la Ruta<\/p>\n","protected":false},"author":1,"featured_media":12760,"comment_status":"open","ping_status":"open","sticky":false,"template":"","format":"standard","meta":{"colormag_page_container_layout":"default_layout","colormag_page_sidebar_layout":"default_layout","footnotes":""},"categories":[5,56,8],"tags":[],"class_list":["post-12759","post","type-post","status-publish","format-standard","has-post-thumbnail","hentry","category-nacionales","category-policiales","category-ultimas-noticias"],"_links":{"self":[{"href":"https:\/\/notipampa.com\/index.php?rest_route=\/wp\/v2\/posts\/12759","targetHints":{"allow":["GET"]}}],"collection":[{"href":"https:\/\/notipampa.com\/index.php?rest_route=\/wp\/v2\/posts"}],"about":[{"href":"https:\/\/notipampa.com\/index.php?rest_route=\/wp\/v2\/types\/post"}],"author":[{"embeddable":true,"href":"https:\/\/notipampa.com\/index.php?rest_route=\/wp\/v2\/users\/1"}],"replies":[{"embeddable":true,"href":"https:\/\/notipampa.com\/index.php?rest_route=%2Fwp%2Fv2%2Fcomments&post=12759"}],"version-history":[{"count":1,"href":"https:\/\/notipampa.com\/index.php?rest_route=\/wp\/v2\/posts\/12759\/revisions"}],"predecessor-version":[{"id":12761,"href":"https:\/\/notipampa.com\/index.php?rest_route=\/wp\/v2\/posts\/12759\/revisions\/12761"}],"wp:featuredmedia":[{"embeddable":true,"href":"https:\/\/notipampa.com\/index.php?rest_route=\/wp\/v2\/media\/12760"}],"wp:attachment":[{"href":"https:\/\/notipampa.com\/index.php?rest_route=%2Fwp%2Fv2%2Fmedia&parent=12759"}],"wp:term":[{"taxonomy":"category","embeddable":true,"href":"https:\/\/notipampa.com\/index.php?rest_route=%2Fwp%2Fv2%2Fcategories&post=12759"},{"taxonomy":"post_tag","embeddable":true,"href":"https:\/\/notipampa.com\/index.php?rest_route=%2Fwp%2Fv2%2Ftags&post=12759"}],"curies":[{"name":"wp","href":"https:\/\/api.w.org\/{rel}","templated":true}]}}