{"id":12744,"date":"2024-03-12T18:03:46","date_gmt":"2024-03-12T21:03:46","guid":{"rendered":"https:\/\/notipampa.com\/?p=12744"},"modified":"2024-03-12T18:03:48","modified_gmt":"2024-03-12T21:03:48","slug":"la-inflacion-en-febrero-fue-del-132-y-acumulo-2762-en-los-ultimos-12-meses","status":"publish","type":"post","link":"https:\/\/notipampa.com\/?p=12744","title":{"rendered":"La inflaci\u00f3n en febrero fue del 13,2% y acumul\u00f3 276,2% en los \u00faltimos 12 meses"},"content":{"rendered":"\n<p><strong>En lo que va del 2024, los precios subieron 36,3 por ciento. El consenso de las consultoras privadas esperaba un 15,8% para el mes pasado<\/strong><\/p>\n\n\n\n<p>La&nbsp;<strong>inflaci\u00f3n de febrero<\/strong>&nbsp;fue de 13,2% y acumul\u00f3 276,2% durante el \u00faltimo a\u00f1o, seg\u00fan inform\u00f3 esta tarde el Instituto Nacional de Estad\u00edstica y Censos (Indec). El dato mensual implic\u00f3 una desaceleraci\u00f3n respecto al 20,6% que hab\u00eda marcado enero y el 25,5% de diciembre, el que fuera el n\u00famero m\u00e1s alto desde febrero de 1991. El acumulado del 2024 se ubic\u00f3 en 36,6 por ciento.<\/p>\n\n\n\n<figure class=\"wp-block-image\"><img decoding=\"async\" src=\"https:\/\/cloudfront-us-east-1.images.arcpublishing.com\/infobae\/KK5ZMAGK4FGMVP5XKH3GKQADVY.jpg\" alt=\"infografia\"\/><\/figure>\n\n\n\n<p>\u201cLa divisi\u00f3n de mayor aumento en el mes fue&nbsp;<strong>Comunicaci\u00f3n (24,7%)<\/strong>, producto de subas en servicios de telefon\u00eda e Internet. Le siguieron&nbsp;<strong>Transporte (21,6%)&nbsp;<\/strong>\u2013por los incrementos en el transporte p\u00fablico\u2013 y&nbsp;<strong>Vivienda, agua, electricidad, gas y otros combustibles (20,2%)&nbsp;<\/strong>\u2013por alzas en el servicio de electricidad\u2013\u201d, se\u00f1al\u00f3 el Indec.<\/p>\n\n\n\n<p>El rubro&nbsp;<strong>Alimentos y bebidas no alcoh\u00f3licas subi\u00f3 un 11,9%,&nbsp;<\/strong>por debajo del promedio. Seg\u00fan el Indec, las principales alzas fueron en Carnes y derivados, Pan y cereales, y Leche, productos l\u00e1cteos y huevos. Las dos divisiones que registraron las menores variaciones en febrero fueron&nbsp;<strong>Recreaci\u00f3n y cultura (8,6%)&nbsp;<\/strong>y&nbsp;<strong>Prendas de vestir y calzado (7,2%)<\/strong>.<\/p>\n\n\n\n<p>A nivel de las categor\u00edas,&nbsp;<strong>Regulados (21,1%)&nbsp;<\/strong>lider\u00f3 el aumento, como producto de las fuertes alzas en los servicios p\u00fablicos, seguida por el&nbsp;<strong>IPC N\u00facleo (12,3%)<\/strong>, mientras que&nbsp;<strong>Estacionales&nbsp;<\/strong>registr\u00f3 un incremento de&nbsp;<strong>8,7%<\/strong>.<\/p>\n\n\n\n<figure class=\"wp-block-image\"><img decoding=\"async\" src=\"https:\/\/www.infobae.com\/new-resizer\/7DxEDiNmCaRCNuFt2BsV8nEJWhI=\/420x236\/filters:format(webp):quality(85)\/cloudfront-us-east-1.images.arcpublishing.com\/infobae\/D4KQGRI7ARAP5OI5MML5MDWD3U.jpg%20420w\" alt=\"infobae\"\/><\/figure>\n\n\n\n<p>El dato difundido por el Indec difiere del consenso de expectativas de los analistas se ubicaba en el 15,8% mensual, seg\u00fan el \u00faltimo dato del Relevamiento de Expectativas de Mercado (REM) que elabora cada mes el Banco Central.<\/p>\n\n\n\n<p>Antes de conocerse la cifra oficial el presidente\u00a0<strong>Javier Milei<\/strong>\u00a0hab\u00eda dicho que iba estar por debajo de lo esperado.\u00a0\u201cEs un numerazo\u201d, anticip\u00f3 en declaraciones televisivas. Antes, el ministro de Econom\u00eda\u00a0<strong>Luis Caputo<\/strong>\u00a0se hab\u00eda animado a adelantar en una entrevista que el IPC publicado este martes se ubicar\u00eda \u201cm\u00e1s cerca del 10% que del 20%\u201d.<\/p>\n\n\n\n<p>Tras difundirse el dato, la Presidencia de la Naci\u00f3n se\u00f1al\u00f3 en un comunicado que la \u201ccontundente desaceleraci\u00f3n de precios\u201d con respecto a los dos meses anteriores obedeci\u00f3 al \u201ctrabajo del Gobierno Nacional para imponer&nbsp;<strong>una fuerte disciplina fiscal<\/strong>\u201d.<\/p>\n\n\n\n<p>\u201cLa suba inflacionaria que enfrentamos es productos de&nbsp;<strong>la emisi\u00f3n descontrolada de los \u00faltimos a\u00f1os<\/strong>, y el despilfarro generados por el programa econ\u00f3mico del ex ministro Sergio Tom\u00e1s Massa\u201d agreg\u00f3.<\/p>\n\n\n\n<p>\u201cEl 10 de diciembre de 2023, en su discurso de asunci\u00f3n, el Presidente Javier Milei inform\u00f3 al pueblo argentino que recib\u00eda una inflaci\u00f3n camino al 15.000% anual contra la que luchar\u00eda \u2018con u\u00f1as y dientes\u2019. Ese es el compromiso asumido y&nbsp;<strong>el objetivo innegociable<\/strong>\u201d finaliz\u00f3 el comunicado.<\/p>\n\n\n\n<p>La expectativa oficial de una ca\u00edda mayor de la inflaci\u00f3n se reforz\u00f3 a\u00fan m\u00e1s con la decisi\u00f3n del Banco Central, conocida anoche, de\u00a0<strong>bajar la tasa de inter\u00e9s de pol\u00edtica monetaria desde el 110% al 80% (TNA)<\/strong>.<\/p>\n\n\n\n<p>M\u00e1s all\u00e1 de la cifra puntual, el Gobierno se muestra preocupado por los precios de la canasta b\u00e1sica. As\u00ed surgi\u00f3 de una reuni\u00f3n que sostuvo Caputo con supermercadistas ayer y en la que fuentes de Hacienda filtraron reclamos del funcionario a los empresarios por las remarcaciones de precios.<\/p>\n\n\n\n<p>\u201cEl ministro (&#8230;) hizo particular hincapi\u00e9 en el hecho de que los precios de los productos de consumo masivo&nbsp;<strong>no reflejan hoy la nueva realidad econ\u00f3mica<\/strong>. En este sentido, se debatieron alternativas para&nbsp;<strong>combatir la suba desmedida de precios&nbsp;<\/strong>y proteger de este modo a los consumidores\u201d, indicaron desde Econom\u00eda.<\/p>\n\n\n\n<p>En esa l\u00ednea, el vocero presidencial&nbsp;<strong>Manuel Adorni&nbsp;<\/strong>adelant\u00f3 esta ma\u00f1ana que liberar\u00e1n importaciones de productos de la canasta b\u00e1sica y medicamentos con el objetivo de que ayuden a contrarrestar los aumentos de los precios en el mercado local.<\/p>\n\n\n\n<p>Entre otros puntos, se detall\u00f3 que el BCRA reducir\u00e1 el plazo de pago de importaciones de alimentos, bebidas y productos de limpieza, cuidado e higiene personal. Pasar\u00e1n de un esquema de pago en 4 cuotas a los 30, 60, 90 y 120 d\u00edas a un plazo de pago en una sola cuota a los 30 d\u00edas, bajando el costo financiero de ingresar esos productos desde el exterior.<\/p>\n\n\n\n<p>Tambi\u00e9n se determin\u00f3 suspender, por el plazo de 120 d\u00edas, el cobro de la percepci\u00f3n de IVA adicional e impuesto a las ganancias a las importaciones de estos productos y de los medicamentos.<\/p>\n\n\n\n<p>Entre los principales productos que ingresar\u00e1n al r\u00e9gimen se incluyen banana, papas, carne de cerdo, caf\u00e9, at\u00fan, productos de cacao, insecticidas, shampoos y pa\u00f1ales, seg\u00fan una enumeraci\u00f3n para nada exhaustiva que distribuyeron fuentes oficiales. La lista ser\u00e1 bastante m\u00e1s amplia que eso.<\/p>\n\n\n\n<p>\u201cEsta medida alentar\u00e1 la importaci\u00f3n de productos de la canasta b\u00e1sica cuyo precio en el mercado local sea superior al precio internacional, lo que contribuir\u00e1 a una mayor competencia y, en consecuencia, a una ca\u00edda en la inflaci\u00f3n y en el nivel de precio de estos productos\u201d, explicaron desde el Ministerio de Econom\u00eda.<\/p>\n","protected":false},"excerpt":{"rendered":"<p>En lo que va del 2024, los precios subieron 36,3 por ciento. El consenso de las consultoras privadas esperaba un<\/p>\n","protected":false},"author":1,"featured_media":12745,"comment_status":"open","ping_status":"open","sticky":false,"template":"","format":"standard","meta":{"colormag_page_container_layout":"default_layout","colormag_page_sidebar_layout":"default_layout","footnotes":""},"categories":[5,8],"tags":[],"class_list":["post-12744","post","type-post","status-publish","format-standard","has-post-thumbnail","hentry","category-nacionales","category-ultimas-noticias"],"_links":{"self":[{"href":"https:\/\/notipampa.com\/index.php?rest_route=\/wp\/v2\/posts\/12744","targetHints":{"allow":["GET"]}}],"collection":[{"href":"https:\/\/notipampa.com\/index.php?rest_route=\/wp\/v2\/posts"}],"about":[{"href":"https:\/\/notipampa.com\/index.php?rest_route=\/wp\/v2\/types\/post"}],"author":[{"embeddable":true,"href":"https:\/\/notipampa.com\/index.php?rest_route=\/wp\/v2\/users\/1"}],"replies":[{"embeddable":true,"href":"https:\/\/notipampa.com\/index.php?rest_route=%2Fwp%2Fv2%2Fcomments&post=12744"}],"version-history":[{"count":1,"href":"https:\/\/notipampa.com\/index.php?rest_route=\/wp\/v2\/posts\/12744\/revisions"}],"predecessor-version":[{"id":12746,"href":"https:\/\/notipampa.com\/index.php?rest_route=\/wp\/v2\/posts\/12744\/revisions\/12746"}],"wp:featuredmedia":[{"embeddable":true,"href":"https:\/\/notipampa.com\/index.php?rest_route=\/wp\/v2\/media\/12745"}],"wp:attachment":[{"href":"https:\/\/notipampa.com\/index.php?rest_route=%2Fwp%2Fv2%2Fmedia&parent=12744"}],"wp:term":[{"taxonomy":"category","embeddable":true,"href":"https:\/\/notipampa.com\/index.php?rest_route=%2Fwp%2Fv2%2Fcategories&post=12744"},{"taxonomy":"post_tag","embeddable":true,"href":"https:\/\/notipampa.com\/index.php?rest_route=%2Fwp%2Fv2%2Ftags&post=12744"}],"curies":[{"name":"wp","href":"https:\/\/api.w.org\/{rel}","templated":true}]}}