{"id":12737,"date":"2024-03-12T08:25:11","date_gmt":"2024-03-12T11:25:11","guid":{"rendered":"https:\/\/notipampa.com\/?p=12737"},"modified":"2024-03-12T08:25:12","modified_gmt":"2024-03-12T11:25:12","slug":"la-pampa-decomisaron-mas-de-siete-kilos-de-cocaina-en-el-puesto-caminero-catrilo","status":"publish","type":"post","link":"https:\/\/notipampa.com\/?p=12737","title":{"rendered":"La Pampa: Decomisaron m\u00e1s de siete kilos de coca\u00edna en el Puesto Caminero Catril\u00f3"},"content":{"rendered":"\n<p><strong>En un procedimiento realizado por personal dependiente del \u00c1rea de Coordinaci\u00f3n Operativa de Lucha contra el Narcotr\u00e1fico (ACOLN) en el Puesto Caminero Catril\u00f3, se logr\u00f3 incautar m\u00e1s de siete kilogramos de coca\u00edna. El operativo tuvo lugar a principios del mes de febrero pasado durante un control de rutina en el marco de la \u201cCampa\u00f1a de Prevenci\u00f3n del Tr\u00e1fico Il\u00edcito de Drogas\u201d, y se mantuvo en reserva para no entorpecer la pesquisa posterior.<\/strong><\/p>\n\n\n\n<p>Durante la inspecci\u00f3n del equipaje de un \u00f3mnibus, proveniente de la terminal de \u00f3mnibus Retiro con destino a San Mart\u00edn de Los Andes (Neuqu\u00e9n), se descubri\u00f3 que un pasajero intentaba ocultar dos panes de coca\u00edna, con un peso total de 2,124 kilogramos. El implicado, un hombre de 60 a\u00f1os y domiciliado en Jos\u00e9 Le\u00f3n Su\u00e1rez, provincia de Buenos Aires, fue detenido en el acto. Posteriormente, se detect\u00f3 un bolso verde en la parte superior del porta equipaje del \u00f3mnibus, que al ser escaneado revel\u00f3 la presencia de cinco panes de coca\u00edna adicionales. Los pesos individuales de estas sustancias fueron 1,045 kg, 1,047 kg, 1,064 kg, 1,038 kg y 1,062 kg. El total de la sustancia incautada super\u00f3 los siete kilogramos, adem\u00e1s se procedi\u00f3 al secuestro de dinero en efectivo y otros elementos de inter\u00e9s. El individuo detenido fue procesado con prisi\u00f3n preventiva. Cabe destacar que la informaci\u00f3n se comunica en este momento para evitar entorpecer la investigaci\u00f3n, ya que de este procedimiento se deriv\u00f3 una causa judicial. &nbsp;<\/p>\n","protected":false},"excerpt":{"rendered":"<p>En un procedimiento realizado por personal dependiente del \u00c1rea de Coordinaci\u00f3n Operativa de Lucha contra el Narcotr\u00e1fico (ACOLN) en el<\/p>\n","protected":false},"author":1,"featured_media":12738,"comment_status":"open","ping_status":"open","sticky":false,"template":"","format":"standard","meta":{"colormag_page_container_layout":"default_layout","colormag_page_sidebar_layout":"default_layout","footnotes":""},"categories":[56,4,8],"tags":[],"class_list":["post-12737","post","type-post","status-publish","format-standard","has-post-thumbnail","hentry","category-policiales","category-provincia","category-ultimas-noticias"],"_links":{"self":[{"href":"https:\/\/notipampa.com\/index.php?rest_route=\/wp\/v2\/posts\/12737","targetHints":{"allow":["GET"]}}],"collection":[{"href":"https:\/\/notipampa.com\/index.php?rest_route=\/wp\/v2\/posts"}],"about":[{"href":"https:\/\/notipampa.com\/index.php?rest_route=\/wp\/v2\/types\/post"}],"author":[{"embeddable":true,"href":"https:\/\/notipampa.com\/index.php?rest_route=\/wp\/v2\/users\/1"}],"replies":[{"embeddable":true,"href":"https:\/\/notipampa.com\/index.php?rest_route=%2Fwp%2Fv2%2Fcomments&post=12737"}],"version-history":[{"count":1,"href":"https:\/\/notipampa.com\/index.php?rest_route=\/wp\/v2\/posts\/12737\/revisions"}],"predecessor-version":[{"id":12739,"href":"https:\/\/notipampa.com\/index.php?rest_route=\/wp\/v2\/posts\/12737\/revisions\/12739"}],"wp:featuredmedia":[{"embeddable":true,"href":"https:\/\/notipampa.com\/index.php?rest_route=\/wp\/v2\/media\/12738"}],"wp:attachment":[{"href":"https:\/\/notipampa.com\/index.php?rest_route=%2Fwp%2Fv2%2Fmedia&parent=12737"}],"wp:term":[{"taxonomy":"category","embeddable":true,"href":"https:\/\/notipampa.com\/index.php?rest_route=%2Fwp%2Fv2%2Fcategories&post=12737"},{"taxonomy":"post_tag","embeddable":true,"href":"https:\/\/notipampa.com\/index.php?rest_route=%2Fwp%2Fv2%2Ftags&post=12737"}],"curies":[{"name":"wp","href":"https:\/\/api.w.org\/{rel}","templated":true}]}}