{"id":12585,"date":"2024-02-23T09:05:07","date_gmt":"2024-02-23T12:05:07","guid":{"rendered":"https:\/\/notipampa.com\/?p=12585"},"modified":"2024-02-23T09:05:08","modified_gmt":"2024-02-23T12:05:08","slug":"volco-un-camion-de-quemu-con-70-novillos-en-rio-cuarto-400-vecinos-los-faenaron","status":"publish","type":"post","link":"https:\/\/notipampa.com\/?p=12585","title":{"rendered":"Volc\u00f3 un cami\u00f3n de Quem\u00fa con 70 novillos en R\u00edo Cuarto: 400 vecinos los faenaron"},"content":{"rendered":"\n<p><strong>El conductor del veh\u00edculo tuvo que realizar una maniobra abrupta para evitar un choque y perdi\u00f3 el control.<\/strong><\/p>\n\n\n\n<p><strong>El acoplado de un cami\u00f3n de Quem\u00fa Quem\u00fa cargado con unos unos 70 novillos volc\u00f3 ayer en la ruta A005 y Arturo M. Bas, en la ciudad de R\u00edo Cuarto (C\u00f3rdoba). El chofer, Daniel R\u00edos, dijo que debi\u00f3 realizar una brusca maniobra para evitar colisionar con un autom\u00f3vil, entre un tramo muy desparejo de la banquina.<\/strong><\/p>\n\n\n\n<figure class=\"wp-block-image\"><img decoding=\"async\" src=\"https:\/\/diariotextual.com\/inicio\/wp-content\/uploads\/2024\/02\/novillosfaenadosquemuriocuartopuntal2024-1-1024x576.jpg\" alt=\"\" class=\"wp-image-254867\"\/><\/figure>\n\n\n\n<p>El siniestro fue alrededor de las 15.30 de ayer, en medio de una torrencial lluvia que ca\u00eda en la ciudad, inform\u00f3 Puntal.<\/p>\n\n\n\n<p>Al lugar concurri\u00f3 personal policial y de bomberos, ya que el acoplado hab\u00eda quedado recostado sobre el lateral izquierdo, sobre la ruta. Como consecuencia del accidente, parte de la carga se sali\u00f3 del acoplado de doble piso, otros murieron y otros quedaron golpeados en su interior.<\/p>\n\n\n\n<p>Un simple accidente, sin personas heridas y la necesidad de reacomodar el acoplado sobre sus ruedas. Pero r\u00e1pidamente y por mensajes en varios grupos de WhatsApp, vecinos de distintos puntos de la ciudad se llegaron hasta el lugar, con el fin de saquear la carga de 73 novillos que transportaba el cami\u00f3n que hab\u00eda partido de La Pampa y ten\u00eda como destino la ciudad de Oliva.<\/p>\n\n\n\n<p>Ante esta situaci\u00f3n que se fue desbordando, la Polic\u00eda reforz\u00f3 la vigilancia con una guardia del Grupo de Infanter\u00eda, que con el paso de los minutos y la marea humana que se lleg\u00f3 al lugar fueron desbordados. Tambi\u00e9n se sum\u00f3 efectivos de canes, Caminera y Gendarmer\u00eda. Al lugar llegaron camionetas con carros, autom\u00f3viles y carros a tracci\u00f3n a sangre. Otros arribaron en motos y bicicletas con bolsas de distintos tama\u00f1os para llevarse alguna parte de los animales que comenzaban a ser faenados dentro del acoplado, sobre la ruta o en la banquina.<\/p>\n\n\n\n<figure class=\"wp-block-image\"><img decoding=\"async\" src=\"https:\/\/diariotextual.com\/inicio\/wp-content\/uploads\/2024\/02\/novillosfaenadosquemuriocuartopuntal2024-4-1024x576.jpg\" alt=\"\" class=\"wp-image-254866\"\/><\/figure>\n\n\n\n<p>Los vecinos se apoderaron del acoplado y comenzaron a faenar los animales muertos, pero otros lograron llevarse algunos que todav\u00eda estaban vivos, mientras que los bomberos realizaban los trabajos para poder desenganchar el acoplado del tractor del cami\u00f3n Scania, que era conducido por Daniel R\u00edos, con domicilio en Quem\u00fa Quem\u00fa.<\/p>\n\n\n\n<p><a href=\"https:\/\/www.facebook.com\/sharer\/sharer.php?u=https:\/\/infotecrealico.com.ar\/contenido\/65150\/volco-un-camion-con-vacas-en-rio-cuarto-y-los-vecinos-faenaron-a-los-animales\" target=\"_blank\" rel=\"noreferrer noopener\"><\/a><\/p>\n","protected":false},"excerpt":{"rendered":"<p>El conductor del veh\u00edculo tuvo que realizar una maniobra abrupta para evitar un choque y perdi\u00f3 el control. El acoplado<\/p>\n","protected":false},"author":1,"featured_media":12586,"comment_status":"open","ping_status":"open","sticky":false,"template":"","format":"standard","meta":{"colormag_page_container_layout":"default_layout","colormag_page_sidebar_layout":"default_layout","footnotes":""},"categories":[5,8],"tags":[],"class_list":["post-12585","post","type-post","status-publish","format-standard","has-post-thumbnail","hentry","category-nacionales","category-ultimas-noticias"],"_links":{"self":[{"href":"https:\/\/notipampa.com\/index.php?rest_route=\/wp\/v2\/posts\/12585","targetHints":{"allow":["GET"]}}],"collection":[{"href":"https:\/\/notipampa.com\/index.php?rest_route=\/wp\/v2\/posts"}],"about":[{"href":"https:\/\/notipampa.com\/index.php?rest_route=\/wp\/v2\/types\/post"}],"author":[{"embeddable":true,"href":"https:\/\/notipampa.com\/index.php?rest_route=\/wp\/v2\/users\/1"}],"replies":[{"embeddable":true,"href":"https:\/\/notipampa.com\/index.php?rest_route=%2Fwp%2Fv2%2Fcomments&post=12585"}],"version-history":[{"count":1,"href":"https:\/\/notipampa.com\/index.php?rest_route=\/wp\/v2\/posts\/12585\/revisions"}],"predecessor-version":[{"id":12587,"href":"https:\/\/notipampa.com\/index.php?rest_route=\/wp\/v2\/posts\/12585\/revisions\/12587"}],"wp:featuredmedia":[{"embeddable":true,"href":"https:\/\/notipampa.com\/index.php?rest_route=\/wp\/v2\/media\/12586"}],"wp:attachment":[{"href":"https:\/\/notipampa.com\/index.php?rest_route=%2Fwp%2Fv2%2Fmedia&parent=12585"}],"wp:term":[{"taxonomy":"category","embeddable":true,"href":"https:\/\/notipampa.com\/index.php?rest_route=%2Fwp%2Fv2%2Fcategories&post=12585"},{"taxonomy":"post_tag","embeddable":true,"href":"https:\/\/notipampa.com\/index.php?rest_route=%2Fwp%2Fv2%2Ftags&post=12585"}],"curies":[{"name":"wp","href":"https:\/\/api.w.org\/{rel}","templated":true}]}}