{"id":12544,"date":"2024-02-19T13:56:33","date_gmt":"2024-02-19T16:56:33","guid":{"rendered":"https:\/\/notipampa.com\/?p=12544"},"modified":"2024-02-19T13:56:34","modified_gmt":"2024-02-19T16:56:34","slug":"video-persecucion-de-pelicula-en-alvear-huian-de-la-policia-por-posesion-de-estupefacientes","status":"publish","type":"post","link":"https:\/\/notipampa.com\/?p=12544","title":{"rendered":"(Video) Persecuci\u00f3n de pel\u00edcula en Alvear: hu\u00edan de la polic\u00eda por posesi\u00f3n de estupefacientes"},"content":{"rendered":"\n<p><strong>Operativo policial culmina con la detenci\u00f3n de dos individuos por posesi\u00f3n de estupefacientes en Intendente Alvear<\/strong><\/p>\n\n\n\n<figure class=\"wp-block-video\"><video height=\"478\" style=\"aspect-ratio: 848 \/ 478;\" width=\"848\" controls src=\"https:\/\/notipampa.com\/wp-content\/uploads\/2024\/02\/WhatsApp-Video-2024-02-19-at-13.46.26.mp4\"><\/video><\/figure>\n\n\n\n<p>El pasado domingo por la madrugada, el grupo de control de ruta de la Divisi\u00f3n Toxicoman\u00eda UR-II, perteneciente al \u00c1rea de Coordinaci\u00f3n de Lucha contra el Narcotr\u00e1fico, llev\u00f3 a cabo controles aleatorios en distintos puntos de Intendente Alvear. Durante uno de estos operativos, un veh\u00edculo intent\u00f3 evadir el control, desencadenando en una peligrosa persecuci\u00f3n de pel\u00edcula que concluy\u00f3 en un barrio del sector Norte de la localidad.<\/p>\n\n\n\n<p>Como resultado de esta acci\u00f3n, dos j\u00f3venes mayores de edad, oriundos de Alvear, fueron detenidos, mientras que otros dos individuos, tambi\u00e9n de nuestra localidad, lograron escapar a pie, abandonando el autom\u00f3vil en el que se desplazaban. Posteriormente, tras realizarse un control de rutina, se encontraron estupefacientes en posesi\u00f3n de los sujetos detenidos.<\/p>\n\n\n\n<p>Las autoridades han iniciado causas judiciales por &#8220;Atentado y Resistencia a la Autoridad&#8221;, que se est\u00e1n tramitando en la justicia ordinaria, y por &#8220;Infracci\u00f3n a la Ley 23.737&#8221;, con intervenci\u00f3n del Juzgado Federal de Primera Instancia con sede en Santa Rosa.<\/p>\n","protected":false},"excerpt":{"rendered":"<p>Operativo policial culmina con la detenci\u00f3n de dos individuos por posesi\u00f3n de estupefacientes en Intendente Alvear El pasado domingo por<\/p>\n","protected":false},"author":1,"featured_media":12546,"comment_status":"open","ping_status":"open","sticky":false,"template":"","format":"standard","meta":{"colormag_page_container_layout":"default_layout","colormag_page_sidebar_layout":"default_layout","footnotes":""},"categories":[6,56,8],"tags":[],"class_list":["post-12544","post","type-post","status-publish","format-standard","has-post-thumbnail","hentry","category-locales","category-policiales","category-ultimas-noticias"],"_links":{"self":[{"href":"https:\/\/notipampa.com\/index.php?rest_route=\/wp\/v2\/posts\/12544","targetHints":{"allow":["GET"]}}],"collection":[{"href":"https:\/\/notipampa.com\/index.php?rest_route=\/wp\/v2\/posts"}],"about":[{"href":"https:\/\/notipampa.com\/index.php?rest_route=\/wp\/v2\/types\/post"}],"author":[{"embeddable":true,"href":"https:\/\/notipampa.com\/index.php?rest_route=\/wp\/v2\/users\/1"}],"replies":[{"embeddable":true,"href":"https:\/\/notipampa.com\/index.php?rest_route=%2Fwp%2Fv2%2Fcomments&post=12544"}],"version-history":[{"count":1,"href":"https:\/\/notipampa.com\/index.php?rest_route=\/wp\/v2\/posts\/12544\/revisions"}],"predecessor-version":[{"id":12547,"href":"https:\/\/notipampa.com\/index.php?rest_route=\/wp\/v2\/posts\/12544\/revisions\/12547"}],"wp:featuredmedia":[{"embeddable":true,"href":"https:\/\/notipampa.com\/index.php?rest_route=\/wp\/v2\/media\/12546"}],"wp:attachment":[{"href":"https:\/\/notipampa.com\/index.php?rest_route=%2Fwp%2Fv2%2Fmedia&parent=12544"}],"wp:term":[{"taxonomy":"category","embeddable":true,"href":"https:\/\/notipampa.com\/index.php?rest_route=%2Fwp%2Fv2%2Fcategories&post=12544"},{"taxonomy":"post_tag","embeddable":true,"href":"https:\/\/notipampa.com\/index.php?rest_route=%2Fwp%2Fv2%2Ftags&post=12544"}],"curies":[{"name":"wp","href":"https:\/\/api.w.org\/{rel}","templated":true}]}}