{"id":12500,"date":"2024-02-15T09:15:42","date_gmt":"2024-02-15T12:15:42","guid":{"rendered":"https:\/\/notipampa.com\/?p=12500"},"modified":"2024-02-15T09:15:43","modified_gmt":"2024-02-15T12:15:43","slug":"la-pampa-record-de-ingresantes-en-la-facultad-de-agronomia","status":"publish","type":"post","link":"https:\/\/notipampa.com\/?p=12500","title":{"rendered":"La Pampa: R\u00e9cord de ingresantes en la Facultad de Agronom\u00eda"},"content":{"rendered":"\n<p>Con 170 ingresantes comenz\u00f3 hoy la ambientaci\u00f3n a la vida universitaria de los y las estudiantes de las carreras Ingenier\u00eda Agron\u00f3mica y la Licenciatura en Administraci\u00f3n de Negocios Agropecuarios. El grupo fue recibido por la decana de la Facultad, Dra. Mar\u00eda L\u00eda Molas, el vicedecano, Esp. Gast\u00f3n Bonacci y la secretaria acad\u00e9mica, Dra. Valeria Caramuti. Las autoridades invitaron a que las y los nuevos estudiantes se apropien de las 900 hect\u00e1reas que conforman la Facultad, que aprovechen los espacios al aire libre para estudiar y conocer a sus pares y sus docentes.<\/p>\n\n\n\n<figure class=\"wp-block-image\"><img decoding=\"async\" src=\"https:\/\/www.infopico.com\/wp-content\/uploads\/2024\/02\/WhatsApp-Image-2024-02-14-at-12.14.35-3.jpeg\" alt=\"\" class=\"wp-image-255445\"\/><\/figure>\n\n\n\n<p>Luego de la bienvenida formal y antes de recorrer, divididos en grupo, las distintas \u00e1reas de la Facultad, realizaron una actividad de socializaci\u00f3n y presentaci\u00f3n donde conocieron a sus compa\u00f1eros\/as, sus variados lugares de pertenencia y los y las docentes que acompa\u00f1ar\u00e1n su trayecto formativo por la Facultad.<\/p>\n\n\n\n<p>Contin\u00faan abiertas las inscripciones hasta el 22\/03 de la Tecnicatura en Gesti\u00f3n y Tecnolog\u00eda de Alimentos. M\u00e1s informaci\u00f3n en&nbsp;<a href=\"http:\/\/www.agro.unlpam.edu.ar\/\" target=\"_blank\" rel=\"noreferrer noopener\">www.agro.unlpam.edu.ar<\/a><\/p>\n\n\n\n<figure class=\"wp-block-image\"><img decoding=\"async\" src=\"https:\/\/www.infopico.com\/wp-content\/uploads\/2024\/02\/WhatsApp-Image-2024-02-14-at-12.14.35.jpeg\" alt=\"\" class=\"wp-image-255446\"\/><\/figure>\n","protected":false},"excerpt":{"rendered":"<p>Con 170 ingresantes comenz\u00f3 hoy la ambientaci\u00f3n a la vida universitaria de los y las estudiantes de las carreras Ingenier\u00eda<\/p>\n","protected":false},"author":1,"featured_media":12501,"comment_status":"open","ping_status":"open","sticky":false,"template":"","format":"standard","meta":{"colormag_page_container_layout":"default_layout","colormag_page_sidebar_layout":"default_layout","footnotes":""},"categories":[54,4,8],"tags":[],"class_list":["post-12500","post","type-post","status-publish","format-standard","has-post-thumbnail","hentry","category-educacion","category-provincia","category-ultimas-noticias"],"_links":{"self":[{"href":"https:\/\/notipampa.com\/index.php?rest_route=\/wp\/v2\/posts\/12500","targetHints":{"allow":["GET"]}}],"collection":[{"href":"https:\/\/notipampa.com\/index.php?rest_route=\/wp\/v2\/posts"}],"about":[{"href":"https:\/\/notipampa.com\/index.php?rest_route=\/wp\/v2\/types\/post"}],"author":[{"embeddable":true,"href":"https:\/\/notipampa.com\/index.php?rest_route=\/wp\/v2\/users\/1"}],"replies":[{"embeddable":true,"href":"https:\/\/notipampa.com\/index.php?rest_route=%2Fwp%2Fv2%2Fcomments&post=12500"}],"version-history":[{"count":1,"href":"https:\/\/notipampa.com\/index.php?rest_route=\/wp\/v2\/posts\/12500\/revisions"}],"predecessor-version":[{"id":12502,"href":"https:\/\/notipampa.com\/index.php?rest_route=\/wp\/v2\/posts\/12500\/revisions\/12502"}],"wp:featuredmedia":[{"embeddable":true,"href":"https:\/\/notipampa.com\/index.php?rest_route=\/wp\/v2\/media\/12501"}],"wp:attachment":[{"href":"https:\/\/notipampa.com\/index.php?rest_route=%2Fwp%2Fv2%2Fmedia&parent=12500"}],"wp:term":[{"taxonomy":"category","embeddable":true,"href":"https:\/\/notipampa.com\/index.php?rest_route=%2Fwp%2Fv2%2Fcategories&post=12500"},{"taxonomy":"post_tag","embeddable":true,"href":"https:\/\/notipampa.com\/index.php?rest_route=%2Fwp%2Fv2%2Ftags&post=12500"}],"curies":[{"name":"wp","href":"https:\/\/api.w.org\/{rel}","templated":true}]}}