{"id":12494,"date":"2024-02-14T13:04:56","date_gmt":"2024-02-14T16:04:56","guid":{"rendered":"https:\/\/notipampa.com\/?p=12494"},"modified":"2024-02-14T13:04:56","modified_gmt":"2024-02-14T16:04:56","slug":"una-aeronave-aeroaplicadora-de-alvear-aterrizo-en-emergencia-luego-de-tocar-un-cableado","status":"publish","type":"post","link":"https:\/\/notipampa.com\/?p=12494","title":{"rendered":"Una aeronave aeroaplicadora de Alvear aterriz\u00f3 en emergencia luego de &#8220;tocar&#8221; un cableado"},"content":{"rendered":"\n<p>El accidente tuvo lugar entre Onagoity y Buchardo ayer por la tarde, en un predio cercano al sector de curvas de la ruta 26, apenas unos metros dentro del campo. El piloto de la aeronave de considerable porte se vio obligado a hacer un aterrizaje de emergencia en un lote de soja tras el inconveniente. Seg\u00fan relat\u00f3 un trabajador de la zona de Ital\u00f3&nbsp;<strong>&#8220;lo est\u00e1bamos viendo con los larga vistas como trabajaba&#8221;&nbsp;<\/strong>al tiempo que se\u00f1al\u00f3 a Radio R\u00edo Cuarto que fue luego un compa\u00f1ero de trabajo quien le inform\u00f3 que el avi\u00f3n estaba dentro del lote.<\/p>\n\n\n\n<p>La m\u00e1quina en una de sus &#8220;pasadas&#8221; se habr\u00eda enganchado y cortado un cableado el\u00e9ctrico lo que le provoc\u00f3 una brusca p\u00e9rdida de velocidad, oblig\u00e1ndolo al piloto a aterrizar en emergencia dentro del sembrado. La maniobra fue resuelta adecuadamente, logrando un aterrizaje correcto, el piloto result\u00f3 ileso, mientras que la m\u00e1quina solo presenta da\u00f1os que se podr\u00edan considerar como &#8220;de menor cuant\u00eda&#8221; por efecto del enganche con el cable.<\/p>\n\n\n\n<p>El incidente provoc\u00f3 una interrupci\u00f3n en el servicio de energ\u00eda el\u00e9ctrica que demor\u00f3 una hora y media hasta su restituci\u00f3n. La aeronave, un Thrush turbo-h\u00e9lice pertenece a una reconocida empresa de aeroaplicaciones de la localidad pampeana de Intendente Alvear. La presencia de la aeronave dentro de la soja a metros de la ruta no pas\u00f3 desapercibida para los automovilistas que se deten\u00edan a tomar fotos o grabar videos de la situaci\u00f3n.<\/p>\n\n\n\n<p>Gentileza: Infotec 4.0<\/p>\n","protected":false},"excerpt":{"rendered":"<p>El accidente tuvo lugar entre Onagoity y Buchardo ayer por la tarde, en un predio cercano al sector de curvas<\/p>\n","protected":false},"author":1,"featured_media":12495,"comment_status":"open","ping_status":"open","sticky":false,"template":"","format":"standard","meta":{"colormag_page_container_layout":"default_layout","colormag_page_sidebar_layout":"default_layout","footnotes":""},"categories":[6,8],"tags":[],"class_list":["post-12494","post","type-post","status-publish","format-standard","has-post-thumbnail","hentry","category-locales","category-ultimas-noticias"],"_links":{"self":[{"href":"https:\/\/notipampa.com\/index.php?rest_route=\/wp\/v2\/posts\/12494","targetHints":{"allow":["GET"]}}],"collection":[{"href":"https:\/\/notipampa.com\/index.php?rest_route=\/wp\/v2\/posts"}],"about":[{"href":"https:\/\/notipampa.com\/index.php?rest_route=\/wp\/v2\/types\/post"}],"author":[{"embeddable":true,"href":"https:\/\/notipampa.com\/index.php?rest_route=\/wp\/v2\/users\/1"}],"replies":[{"embeddable":true,"href":"https:\/\/notipampa.com\/index.php?rest_route=%2Fwp%2Fv2%2Fcomments&post=12494"}],"version-history":[{"count":1,"href":"https:\/\/notipampa.com\/index.php?rest_route=\/wp\/v2\/posts\/12494\/revisions"}],"predecessor-version":[{"id":12496,"href":"https:\/\/notipampa.com\/index.php?rest_route=\/wp\/v2\/posts\/12494\/revisions\/12496"}],"wp:featuredmedia":[{"embeddable":true,"href":"https:\/\/notipampa.com\/index.php?rest_route=\/wp\/v2\/media\/12495"}],"wp:attachment":[{"href":"https:\/\/notipampa.com\/index.php?rest_route=%2Fwp%2Fv2%2Fmedia&parent=12494"}],"wp:term":[{"taxonomy":"category","embeddable":true,"href":"https:\/\/notipampa.com\/index.php?rest_route=%2Fwp%2Fv2%2Fcategories&post=12494"},{"taxonomy":"post_tag","embeddable":true,"href":"https:\/\/notipampa.com\/index.php?rest_route=%2Fwp%2Fv2%2Ftags&post=12494"}],"curies":[{"name":"wp","href":"https:\/\/api.w.org\/{rel}","templated":true}]}}