{"id":12394,"date":"2024-01-19T09:15:12","date_gmt":"2024-01-19T12:15:12","guid":{"rendered":"https:\/\/notipampa.com\/?p=12394"},"modified":"2024-01-19T09:15:13","modified_gmt":"2024-01-19T12:15:13","slug":"tras-su-participacion-en-el-foro-de-davos-milei-regreso-a-la-argentina-con-la-premisa-de-sancionar-la-ley-omnibus","status":"publish","type":"post","link":"https:\/\/notipampa.com\/?p=12394","title":{"rendered":"Tras su participaci\u00f3n en el Foro de Davos, Milei regres\u00f3 a la Argentina con la premisa de sancionar la ley \u00f3mnibus"},"content":{"rendered":"\n<p><strong>El presidente monitore\u00f3 las negociaciones con la oposici\u00f3n durante su viaje a Suiza y se prepara para una semana complicada por el paro de la CGT, la inestabilidad de los mercados y la batalla judicial del DNU en la Corte Suprema<\/strong><\/p>\n\n\n\n<p>Javier Milei aterriz\u00f3 en Ezeiza a las 8.14 de la ma\u00f1ana, tras un viaje apenas accidentado por una demora de 45 minutos en la escala de Zurich que mereci\u00f3\u00a0<strong>un operativo especial de la polic\u00eda alemana para evitar que el Presidente y su comitiva perdieran el avi\u00f3n<\/strong>\u00a0que finalmente los trajo desde Frankfurt a Buenos Aires.<\/p>\n\n\n\n<p>El m\u00ednimo incidente en la traves\u00eda del jefe de Estado&nbsp;<strong>exhibi\u00f3 el car\u00e1cter de Karina Milei,<\/strong>&nbsp;la secretar\u00eda General de la Presidencia. El avi\u00f3n de Lufthansa aterriz\u00f3 anoche en Frankfurt cuando el jefe de Estado y la delegaci\u00f3n oficial ya ten\u00edan que estar en otra nave para decolar rumbo a Ezeiza.<\/p>\n\n\n\n<p><strong>Frente al inesperado problema,<\/strong>&nbsp;Lufthansa, la embajada argentina en Alemania y la polic\u00eda local lograron estacionar una&nbsp;<em>minivan<\/em>&nbsp;frente a la puerta del avi\u00f3n para trasladar sin demora al presidente y su comitiva.<\/p>\n\n\n\n<p><strong>Eran las 22.05, y a esa hora el vuelo LH 510 ten\u00eda que carretear con destino al Aeropuerto Pistarini.<\/strong><\/p>\n\n\n\n<p>Milei, el jefe de Gabinete, Nicol\u00e1s Posse, la canciller Diana Mondino, el ministro de Econom\u00eda, Luis Caputo, y Karina Milei subieron al micro estacionado en la pista de aterrizaje y&nbsp;<strong>chequearon que faltaban funcionarios&nbsp;<\/strong>que hab\u00edan acompa\u00f1ado a la delegaci\u00f3n oficial en su viaje a Davos.<\/p>\n\n\n\n<p><strong>\u201cNo los dejamos\u201d,<\/strong>\u00a0le dijo la secretaria General al Presidente.<\/p>\n\n\n\n<p><strong>-De acuerdo, si no suben al micro, pierden el avi\u00f3n<\/strong>-, le contest\u00f3 Javier Milei a su hermana Karina.<\/p>\n\n\n\n<p>Un segundo m\u00e1s tarde, la secretaria General Milei estaba en la pista de aterrizaje \u2013con cinco grados bajo cero-&nbsp;<strong>exigiendo a la tripulaci\u00f3n de Lufthansa&nbsp;<\/strong>que la minivan deb\u00eda esperar al m\u00e9dico presidencial, al traductor oficial, y a tres integrantes de la Casa Militar.<\/p>\n\n\n\n<p><strong>Ya eran 22.20,<\/strong>&nbsp;y el avi\u00f3n hacia Buenos Aires esperaba al jefe de Estado y su comitiva. A Karina Milei no le import\u00f3, y hasta que el resto de la delegaci\u00f3n no subi\u00f3 al micro, el chofer alem\u00e1n mantuvo el motor apagado.<\/p>\n\n\n\n<p>Cinco minutos mas tarde, con la delegaci\u00f3n completa, la minivan se encamin\u00f3 hacia al avi\u00f3n de Lufthansa que ya estaba atrasado.&nbsp;<strong>\u201cAhora, s\u00ed. Nos vamos\u201d,<\/strong>&nbsp;dijo Karina Milei para cerrar el incidente.<\/p>\n\n\n\n<p><img fetchpriority=\"high\" decoding=\"async\" alt=\"Javier Milei flanqueado por la Reina de los Pa\u00edses Bajos y Karina Milei\" height=\"1080\" width=\"1920\" src=\"https:\/\/www.infobae.com\/new-resizer\/xGTOTVgJorbybX8CpninXsTHBuM=\/420x236\/filters:format(webp):quality(85)\/cloudfront-us-east-1.images.arcpublishing.com\/infobae\/2XW6HAAKZZBG5FC7SYP4UOJQBU.jpg%20420w\" srcset=\"https:\/\/www.infobae.com\/new-resizer\/xGTOTVgJorbybX8CpninXsTHBuM=\/420x236\/filters:format(webp):quality(85)\/cloudfront-us-east-1.images.arcpublishing.com\/infobae\/2XW6HAAKZZBG5FC7SYP4UOJQBU.jpg 420w,https:\/\/www.infobae.com\/new-resizer\/p9YDr8cxEj8YHwBAD5vshXzuezU=\/768x432\/filters:format(webp):quality(85)\/cloudfront-us-east-1.images.arcpublishing.com\/infobae\/2XW6HAAKZZBG5FC7SYP4UOJQBU.jpg 768w,https:\/\/www.infobae.com\/new-resizer\/7PvaBunEWjFIMOd1hTyoqOeGNyM=\/992x558\/filters:format(webp):quality(85)\/cloudfront-us-east-1.images.arcpublishing.com\/infobae\/2XW6HAAKZZBG5FC7SYP4UOJQBU.jpg 992w,https:\/\/www.infobae.com\/new-resizer\/lf9P9C5slpNpEdd9p3jq-iySRVQ=\/1200x675\/filters:format(webp):quality(85)\/cloudfront-us-east-1.images.arcpublishing.com\/infobae\/2XW6HAAKZZBG5FC7SYP4UOJQBU.jpg 1200w,https:\/\/www.infobae.com\/new-resizer\/7HzbMtd4CyWCyjqCxRe4rx6GbIw=\/1440x810\/filters:format(webp):quality(85)\/cloudfront-us-east-1.images.arcpublishing.com\/infobae\/2XW6HAAKZZBG5FC7SYP4UOJQBU.jpg 1440w\">Javier Milei flanqueado por la Reina de los Pa\u00edses Bajos y Karina Milei<\/p>\n\n\n\n<p><strong>El vuelo comercial atraves\u00f3 la noche sin sobresaltos.<\/strong>&nbsp;La cena fue liviana \u2013bacalao a la plancha y ensalada verde- y el presidente durmi\u00f3 largo rato, ley\u00f3 de econom\u00eda y revis\u00f3 las redes sociales en su celular personal.<\/p>\n\n\n\n<p>Milei asume que ser\u00e1 una semana compleja ante el paro de la CGT, la oscilaci\u00f3n en los tipo de cambio y la discusi\u00f3n en laberinto que tiene encerrada a la Ley \u00f3mnibus.<strong>&nbsp;Son tres frentes abiertos&nbsp;<\/strong>con distintas soluciones que el presidente analiza junto a Posse y Caputo.<\/p>\n\n\n\n<p>La Casa Rosada no har\u00e1 nada para que la central obrera levante el paro,&nbsp;<strong>y en la comitiva restaron importancia a una proclama pol\u00edtica<\/strong>&nbsp;en contra de la Ley \u00f3mnibus y el DNU que firmaron Axel Kicillof y M\u00e1ximo Kirchner, entre otros dirigentes de la oposici\u00f3n.<\/p>\n\n\n\n<p>Milei est\u00e1 en las ant\u00edpodas ideol\u00f3gicas de&nbsp;<strong>Ernesto Laclau&nbsp;<\/strong>y&nbsp;<strong>Chantal Mouffe<\/strong>, pero con la CGT y el peronismo&nbsp;<strong>aplica el concepto b\u00e1sico que sedujo a N\u00e9stor Kirchner y Cristina:<\/strong>&nbsp;designar al enemigo pol\u00edtico y polarizar a la sociedad.<\/p>\n\n\n\n<p>El presidente castiga a la c\u00fapula del movimiento obrero y apunta a los dirigentes de Uni\u00f3n por la Patria que intentan sobrevivir despu\u00e9s de la derrota de Sergio Massa. Estos protagonistas de la coyuntura&nbsp;<strong>son los adversarios de Milei&nbsp;<\/strong>y durante toda la semana polarizar\u00e1 con ellos.<\/p>\n\n\n\n<p><img decoding=\"async\" alt=\"Javier Milei se saca una selfie con Kristalina Georgieva antes de la reuni\u00f3n oficial que mantuvieron en Davos\" height=\"1080\" width=\"1920\" src=\"https:\/\/www.infobae.com\/new-resizer\/nkTM1UnjnjhGkbk1unohfGPI5LA=\/420x236\/filters:format(webp):quality(85)\/cloudfront-us-east-1.images.arcpublishing.com\/infobae\/UGA4ZTRXPFD65HPQERN3YA4VN4.jpg%20420w\" srcset=\"https:\/\/www.infobae.com\/new-resizer\/nkTM1UnjnjhGkbk1unohfGPI5LA=\/420x236\/filters:format(webp):quality(85)\/cloudfront-us-east-1.images.arcpublishing.com\/infobae\/UGA4ZTRXPFD65HPQERN3YA4VN4.jpg 420w,https:\/\/www.infobae.com\/new-resizer\/yxZmOL9vMWtUB-NTPEZYH28XMVw=\/768x432\/filters:format(webp):quality(85)\/cloudfront-us-east-1.images.arcpublishing.com\/infobae\/UGA4ZTRXPFD65HPQERN3YA4VN4.jpg 768w,https:\/\/www.infobae.com\/new-resizer\/W5f0zDJMGa1cIp6tKwylv9MhNiw=\/992x558\/filters:format(webp):quality(85)\/cloudfront-us-east-1.images.arcpublishing.com\/infobae\/UGA4ZTRXPFD65HPQERN3YA4VN4.jpg 992w,https:\/\/www.infobae.com\/new-resizer\/RmhgJPwZqYNN9m3pXfDIGdEss5M=\/1200x675\/filters:format(webp):quality(85)\/cloudfront-us-east-1.images.arcpublishing.com\/infobae\/UGA4ZTRXPFD65HPQERN3YA4VN4.jpg 1200w,https:\/\/www.infobae.com\/new-resizer\/XswGCq4pO5BJ9tVdPNLs0I2hGJU=\/1440x810\/filters:format(webp):quality(85)\/cloudfront-us-east-1.images.arcpublishing.com\/infobae\/UGA4ZTRXPFD65HPQERN3YA4VN4.jpg 1440w\">Javier Milei se saca una selfie con Kristalina Georgieva antes de la reuni\u00f3n oficial que mantuvieron en Davos<\/p>\n\n\n\n<p>Se trata de una batalla pol\u00edtica con final incierto. Si Milei aplaca la inestabilidad de los mercados, aprueba la ley \u00f3mnibus y la Corte no voltea el DNU, la presi\u00f3n de los dirigentes gremiales, la C\u00e1mpora y el peronismo remanente&nbsp;<strong>ser\u00e1 s\u00f3lo un acto reflejo.<\/strong><\/p>\n\n\n\n<p>En cambio, si la ley \u00f3mnibus se transforma en una&nbsp;<em>iniciativa Frankenstein&nbsp;<\/em>por las reformas negociadas y&nbsp;<strong>la Corte dicta la inconstitucionalidad del Decreto de Necesidad y Urgencia,<\/strong>&nbsp;los mercados responder\u00e1n a la derrota del Gobierno y el peronismo volver\u00e1 al centro del tablero.<\/p>\n\n\n\n<p><strong>Y poco importar\u00e1 el apoyo del Fondo Monetario Internacional (FMI),<\/strong>&nbsp;la Casa Blanca y los inversores y banqueros que aplaudieron a Milei en el Foro Econ\u00f3mico de Davos. Para la oposici\u00f3n ya termin\u00f3&nbsp;<em>La Luna de Miel de los Cien Dias&nbsp;<\/em>y la disputa pol\u00edtica ser\u00e1 en las calles, el Congreso y el Cuarto Piso de Tribunales.<\/p>\n","protected":false},"excerpt":{"rendered":"<p>El presidente monitore\u00f3 las negociaciones con la oposici\u00f3n durante su viaje a Suiza y se prepara para una semana complicada<\/p>\n","protected":false},"author":1,"featured_media":12395,"comment_status":"open","ping_status":"open","sticky":false,"template":"","format":"standard","meta":{"colormag_page_container_layout":"default_layout","colormag_page_sidebar_layout":"default_layout","footnotes":""},"categories":[5,7,8],"tags":[],"class_list":["post-12394","post","type-post","status-publish","format-standard","has-post-thumbnail","hentry","category-nacionales","category-politica","category-ultimas-noticias"],"_links":{"self":[{"href":"https:\/\/notipampa.com\/index.php?rest_route=\/wp\/v2\/posts\/12394","targetHints":{"allow":["GET"]}}],"collection":[{"href":"https:\/\/notipampa.com\/index.php?rest_route=\/wp\/v2\/posts"}],"about":[{"href":"https:\/\/notipampa.com\/index.php?rest_route=\/wp\/v2\/types\/post"}],"author":[{"embeddable":true,"href":"https:\/\/notipampa.com\/index.php?rest_route=\/wp\/v2\/users\/1"}],"replies":[{"embeddable":true,"href":"https:\/\/notipampa.com\/index.php?rest_route=%2Fwp%2Fv2%2Fcomments&post=12394"}],"version-history":[{"count":1,"href":"https:\/\/notipampa.com\/index.php?rest_route=\/wp\/v2\/posts\/12394\/revisions"}],"predecessor-version":[{"id":12396,"href":"https:\/\/notipampa.com\/index.php?rest_route=\/wp\/v2\/posts\/12394\/revisions\/12396"}],"wp:featuredmedia":[{"embeddable":true,"href":"https:\/\/notipampa.com\/index.php?rest_route=\/wp\/v2\/media\/12395"}],"wp:attachment":[{"href":"https:\/\/notipampa.com\/index.php?rest_route=%2Fwp%2Fv2%2Fmedia&parent=12394"}],"wp:term":[{"taxonomy":"category","embeddable":true,"href":"https:\/\/notipampa.com\/index.php?rest_route=%2Fwp%2Fv2%2Fcategories&post=12394"},{"taxonomy":"post_tag","embeddable":true,"href":"https:\/\/notipampa.com\/index.php?rest_route=%2Fwp%2Fv2%2Ftags&post=12394"}],"curies":[{"name":"wp","href":"https:\/\/api.w.org\/{rel}","templated":true}]}}