{"id":12290,"date":"2024-01-10T09:08:33","date_gmt":"2024-01-10T12:08:33","guid":{"rendered":"https:\/\/notipampa.com\/?p=12290"},"modified":"2024-01-10T09:08:35","modified_gmt":"2024-01-10T12:08:35","slug":"anunciaron-un-alerta-amarilla-por-tormentas-fuertes-para-el-norte-de-la-pampa","status":"publish","type":"post","link":"https:\/\/notipampa.com\/?p=12290","title":{"rendered":"Anunciaron un alerta amarilla por tormentas fuertes para el norte de La Pampa"},"content":{"rendered":"\n<p>As\u00ed lo hizo el Servicio Meteorol\u00f3gico nacional en un comunicado emitido para la jornada de este mi\u00e9rcoles. El anuncio abarca el norte de La Pampa, como tambi\u00e9n el oeste de Buenos Aires, C\u00f3rdoba, San Luis y centro este de Mendoza.&nbsp;<\/p>\n\n\n\n<p>El organismo oficial indic\u00f3 que el \u00e1rea ser\u00e1 afectada por tormentas, algunas localmente fuertes. Las mismas estar\u00e1n acompa\u00f1adas por r\u00e1fagas intensas, fuerte actividad el\u00e9ctrica, ocasional ca\u00edda de granizo y abundante ca\u00edda de agua en cortos per\u00edodos. Se estiman valores de precipitaci\u00f3n acumulada entre 30 y 60 mm, pudiendo ser superados en forma puntual.<\/p>\n","protected":false},"excerpt":{"rendered":"<p>As\u00ed lo hizo el Servicio Meteorol\u00f3gico nacional en un comunicado emitido para la jornada de este mi\u00e9rcoles. El anuncio abarca<\/p>\n","protected":false},"author":1,"featured_media":12291,"comment_status":"open","ping_status":"open","sticky":false,"template":"","format":"standard","meta":{"colormag_page_container_layout":"default_layout","colormag_page_sidebar_layout":"default_layout","footnotes":""},"categories":[6,8],"tags":[],"class_list":["post-12290","post","type-post","status-publish","format-standard","has-post-thumbnail","hentry","category-locales","category-ultimas-noticias"],"_links":{"self":[{"href":"https:\/\/notipampa.com\/index.php?rest_route=\/wp\/v2\/posts\/12290","targetHints":{"allow":["GET"]}}],"collection":[{"href":"https:\/\/notipampa.com\/index.php?rest_route=\/wp\/v2\/posts"}],"about":[{"href":"https:\/\/notipampa.com\/index.php?rest_route=\/wp\/v2\/types\/post"}],"author":[{"embeddable":true,"href":"https:\/\/notipampa.com\/index.php?rest_route=\/wp\/v2\/users\/1"}],"replies":[{"embeddable":true,"href":"https:\/\/notipampa.com\/index.php?rest_route=%2Fwp%2Fv2%2Fcomments&post=12290"}],"version-history":[{"count":1,"href":"https:\/\/notipampa.com\/index.php?rest_route=\/wp\/v2\/posts\/12290\/revisions"}],"predecessor-version":[{"id":12292,"href":"https:\/\/notipampa.com\/index.php?rest_route=\/wp\/v2\/posts\/12290\/revisions\/12292"}],"wp:featuredmedia":[{"embeddable":true,"href":"https:\/\/notipampa.com\/index.php?rest_route=\/wp\/v2\/media\/12291"}],"wp:attachment":[{"href":"https:\/\/notipampa.com\/index.php?rest_route=%2Fwp%2Fv2%2Fmedia&parent=12290"}],"wp:term":[{"taxonomy":"category","embeddable":true,"href":"https:\/\/notipampa.com\/index.php?rest_route=%2Fwp%2Fv2%2Fcategories&post=12290"},{"taxonomy":"post_tag","embeddable":true,"href":"https:\/\/notipampa.com\/index.php?rest_route=%2Fwp%2Fv2%2Ftags&post=12290"}],"curies":[{"name":"wp","href":"https:\/\/api.w.org\/{rel}","templated":true}]}}