{"id":12283,"date":"2024-01-10T08:45:03","date_gmt":"2024-01-10T11:45:03","guid":{"rendered":"https:\/\/notipampa.com\/?p=12283"},"modified":"2024-01-10T08:45:04","modified_gmt":"2024-01-10T11:45:04","slug":"temporal-en-miramar-trabajos-a-contrarreloj-para-poner-de-pie-la-ciudad-tras-los-destrozos-en-medio-de-la-temporada","status":"publish","type":"post","link":"https:\/\/notipampa.com\/?p=12283","title":{"rendered":"Temporal en Miramar: trabajos a contrarreloj para poner de pie la ciudad tras los destrozos en medio de la temporada"},"content":{"rendered":"\n<p><strong>Mientras continuaban los trabajos para reparar los estragos de la tormenta y sin agua, quedaban pocos rastros de la gran cantidad de \u00e1rboles ca\u00eddos y techos que se llev\u00f3 el viento. Adem\u00e1s, el 60% de la red de distribuci\u00f3n el\u00e9ctrica en media tensi\u00f3n ya se hab\u00eda normalizado<\/strong><\/p>\n\n\n\n<p>Pasaron apenas unas horas de la \u201c<a href=\"https:\/\/www.infobae.com\/sociedad\/2024\/01\/09\/viento-lluvia-granizo-y-destruccion-en-miramar-volaron-techos-y-arboles-por-un-furioso-temporal\/\" target=\"_blank\" rel=\"noreferrer noopener\">tormenta severa<\/a>\u201d que golpe\u00f3 a\u00a0<strong>Miramar<\/strong>\u00a0y que se\u00a0<a href=\"https:\/\/www.infobae.com\/sociedad\/2024\/01\/10\/murio-un-joven-de-17-anos-tras-el-fuerte-temporal-en-miramar\/\" target=\"_blank\" rel=\"noreferrer noopener\">cobr\u00f3 la vida de un adolescente de 17 a\u00f1os<\/a>.\u00a0<strong>Todav\u00eda es martes y el reloj marca las 22.30<\/strong>. Tras una recorrida por la localidad cabecera del partido de General Alvarado,\u00a0<strong>Infobae\u00a0<\/strong>comprob\u00f3 que, para el final del d\u00eda,\u00a0<strong>quedaban pocos rastros de la gran cantidad de \u00e1rboles ca\u00eddos y techos que se volaron por la acci\u00f3n del viento<\/strong>. Incluso la terminal de \u00f3mnibus, cuya estructura cedi\u00f3, encontr\u00f3 la forma de volver a funcionar haciendo \u201cbase\u201d sobre la avenida 40.\u00a0<strong>En tiempo r\u00e9cord, la ciudad costera comenz\u00f3 a ponerse de pie para seguir funcionando durante la temporada 2024<\/strong>.<\/p>\n\n\n\n<p>Para las 23.20, la Empresa Distribuidora de Energ\u00eda Atl\u00e1ntica inform\u00f3 que&nbsp;<strong>el 60% de la red de distribuci\u00f3n el\u00e9ctrica en media tensi\u00f3n ya se hab\u00eda normalizado<\/strong>. \u201cA esta hora la zona c\u00e9ntrica, la terminal de \u00f3mnibus y parte de los barrios del oeste y sur de Miramar ya cuentan con energ\u00eda el\u00e9ctrica; en tanto, se sigue trabajando para normalizar otros sectores afectados como Copacabana, Parque Bristol, Golf, Arenas de Oro, Parquemar y Las Flores\u201d, detall\u00f3 EDEA en un comunicado.<\/p>\n\n\n\n<p>Al final de la jornada, un relevamiento provisorio, llevado adelante por la&nbsp;<strong>Secretar\u00eda de Desarrollo Humano del Municipio de General Alvarado<\/strong>, estableci\u00f3 que las casas sin techo eran veinte en total. La cifra no incluye comercios ni balnearios. \u201cTrabajamos con cuadrillas y desplaz\u00e1ndonos casa por casa. Por el momento, los evacuados permanecen en casas de familiares o vecinos, ya que no quisieron alejarse de sus viviendas.&nbsp;<strong>Hay una sola familia que est\u00e1 en el Polideportivo<\/strong>\u201d, explic\u00f3 a este medio,&nbsp;<strong>Mar\u00eda Laura Ban\u00fas<\/strong>.<\/p>\n\n\n\n<p><img fetchpriority=\"high\" decoding=\"async\" alt=\"As\u00ed qued\u00f3 la terminal de \u00f3mnibus (Fotos\/Christian Heit)\" height=\"1400\" width=\"2100\" src=\"https:\/\/www.infobae.com\/new-resizer\/_W010Vp932igw5-uuysnTSOJqR0=\/420x280\/filters:format(webp):quality(85)\/cloudfront-us-east-1.images.arcpublishing.com\/infobae\/JN5HOYWEARDMHPIJJMXBFY7BCA.jpg%20420w\" srcset=\"https:\/\/www.infobae.com\/new-resizer\/_W010Vp932igw5-uuysnTSOJqR0=\/420x280\/filters:format(webp):quality(85)\/cloudfront-us-east-1.images.arcpublishing.com\/infobae\/JN5HOYWEARDMHPIJJMXBFY7BCA.jpg 420w,https:\/\/www.infobae.com\/new-resizer\/RDdeGIV1EDrM9gVL79sOKNo_G8E=\/768x512\/filters:format(webp):quality(85)\/cloudfront-us-east-1.images.arcpublishing.com\/infobae\/JN5HOYWEARDMHPIJJMXBFY7BCA.jpg 768w,https:\/\/www.infobae.com\/new-resizer\/5R5doZ8TSYutFKhj4RhPVJVumhk=\/992x661\/filters:format(webp):quality(85)\/cloudfront-us-east-1.images.arcpublishing.com\/infobae\/JN5HOYWEARDMHPIJJMXBFY7BCA.jpg 992w,https:\/\/www.infobae.com\/new-resizer\/PfFQX5ryl2UajBPafTUqTUT1yyM=\/1200x800\/filters:format(webp):quality(85)\/cloudfront-us-east-1.images.arcpublishing.com\/infobae\/JN5HOYWEARDMHPIJJMXBFY7BCA.jpg 1200w,https:\/\/www.infobae.com\/new-resizer\/BXXMs8wPYRHyBqB21RiSnZl55zY=\/1440x960\/filters:format(webp):quality(85)\/cloudfront-us-east-1.images.arcpublishing.com\/infobae\/JN5HOYWEARDMHPIJJMXBFY7BCA.jpg 1440w\">As\u00ed qued\u00f3 la terminal de \u00f3mnibus (Fotos\/Christian Heit)<\/p>\n\n\n\n<p>De acuerdo con la funcionaria, los barrios m\u00e1s damnificados fueron Las Flores, Los Pinos (donde viv\u00eda la v\u00edctima fatal) y Parquemar. \u201cProbablemente, este mi\u00e9rcoles se sumen m\u00e1s afectados que, por falta de suministros, todav\u00eda no pudieron contactarse. Ah\u00ed va a arrancar el trabajo m\u00e1s fuerte.\u00a0<strong>Tenemos como para una semana o diez d\u00edas<\/strong>. Incluso, falta remover cables y ramas de la calle y distribuir agua y alimentos\u201d, agreg\u00f3 minutos antes de ingresar al Cuartel de Bomberos de Miramar donde, durante la madrugada, un comit\u00e9 de emergencia se dispon\u00eda a realizar un diagn\u00f3stico de da\u00f1os.<\/p>\n\n\n\n<p>\u201c<strong>Vamos a trabajar toda la noche<\/strong>. Todav\u00eda no tenemos una evaluaci\u00f3n total, pero&nbsp;<strong>hubo una cantidad importante de voladuras de techos de viviendas; postes ca\u00eddos, tanto el\u00e9ctricos como telef\u00f3nicos; y de \u00e1rboles<\/strong>. En este momento, el problema m\u00e1s grande es que&nbsp;<strong>estamos sin agua<\/strong>. No est\u00e1n funcionando las bombas, as\u00ed que est\u00e1 cortado el suministro\u201d, dijo a&nbsp;<strong>Infobae&nbsp;<\/strong>el director de Defensa Civil del Municipio de General Alvarado,&nbsp;<strong>Sergio Angelozi<\/strong>.<\/p>\n\n\n\n<p><img decoding=\"async\" alt=\"Despu\u00e9s de cuatro horas sin servicio, los micros armaron base sobre la Avenida 40 y, a \u00faltima hora del martes, ya funcionaban con normalidad (Fotos\/Christian Heit)\" height=\"1400\" width=\"2100\" src=\"https:\/\/www.infobae.com\/new-resizer\/S9SaGyk4MFjynCerV5zvHOsjOPs=\/420x280\/filters:format(webp):quality(85)\/cloudfront-us-east-1.images.arcpublishing.com\/infobae\/WQ6AR5TKWVAELFWT5AXJKPQLAA.jpg%20420w\" srcset=\"https:\/\/www.infobae.com\/new-resizer\/S9SaGyk4MFjynCerV5zvHOsjOPs=\/420x280\/filters:format(webp):quality(85)\/cloudfront-us-east-1.images.arcpublishing.com\/infobae\/WQ6AR5TKWVAELFWT5AXJKPQLAA.jpg 420w,https:\/\/www.infobae.com\/new-resizer\/pdh7paB9t1CHP0ax8LiMTAfkgjY=\/768x512\/filters:format(webp):quality(85)\/cloudfront-us-east-1.images.arcpublishing.com\/infobae\/WQ6AR5TKWVAELFWT5AXJKPQLAA.jpg 768w,https:\/\/www.infobae.com\/new-resizer\/Q-DJAuTsPC7D83Z4HDaeJqLdgao=\/992x661\/filters:format(webp):quality(85)\/cloudfront-us-east-1.images.arcpublishing.com\/infobae\/WQ6AR5TKWVAELFWT5AXJKPQLAA.jpg 992w,https:\/\/www.infobae.com\/new-resizer\/TioVGFxChqTtIQu77tZZrmTMthQ=\/1200x800\/filters:format(webp):quality(85)\/cloudfront-us-east-1.images.arcpublishing.com\/infobae\/WQ6AR5TKWVAELFWT5AXJKPQLAA.jpg 1200w,https:\/\/www.infobae.com\/new-resizer\/z0qnB6XluzTh5Fl4BOLPF_fbaXE=\/1440x960\/filters:format(webp):quality(85)\/cloudfront-us-east-1.images.arcpublishing.com\/infobae\/WQ6AR5TKWVAELFWT5AXJKPQLAA.jpg 1440w\">Despu\u00e9s de cuatro horas sin servicio, los micros armaron base sobre la Avenida 40 y, a \u00faltima hora del martes, ya funcionaban con normalidad (Fotos\/Christian Heit)<\/p>\n\n\n\n<h2 class=\"wp-block-heading\">7 minutos fatales<\/h2>\n\n\n\n<p>Seg\u00fan pudo reconstruir este medio,&nbsp;<strong>la \u201ctormenta severa\u201d<\/strong>&nbsp;de Miramar comenz\u00f3 a las 18 horas y&nbsp;<strong>dur\u00f3 7 minutos<\/strong>. En ese lapso de tiempo,&nbsp;<strong>Benjam\u00edn Carmona (17)<\/strong>&nbsp;pedaleaba en bicicleta hacia su casa junto a su padre. Pero nunca pudo llegar.<\/p>\n\n\n\n<p>Cuando estaban a pocas cuadras del domicilio, el adolescente fue embestido por un \u00e1rbol que cedi\u00f3 debido a los fuertes vientos y lo golpe\u00f3 con violencia. De inmediato, fue derivado al\u00a0<strong>Hospital Interzonal General de Agudos<\/strong>\u00a0(Higa) de Mar del Plata, donde lleg\u00f3 con un trauma severo de cr\u00e1neo y t\u00f3rax.\u00a0<strong>Falleci\u00f3 en el quir\u00f3fano<\/strong>.<\/p>\n\n\n\n<p>Durante la noche del martes,&nbsp;<strong>Infobae se acerc\u00f3 a la vivienda de la familia Carmona<\/strong>. All\u00ed estaban los t\u00edos y primos del joven que prefirieron no hacer declaraciones. Todav\u00eda estaban en estado de shock.<\/p>\n\n\n\n<p><img decoding=\"async\" alt=\"Benjam\u00edn Carmona ten\u00eda 17 a\u00f1os\" height=\"1080\" width=\"1980\" src=\"https:\/\/www.infobae.com\/new-resizer\/aYEptqm-OHK9qSx2b8yWM7PPhz4=\/420x236\/filters:format(webp):quality(85)\/cloudfront-us-east-1.images.arcpublishing.com\/infobae\/TQD3DCN26JGCLCJZ2Z7ENMQZGE.jpg%20420w\" srcset=\"https:\/\/www.infobae.com\/new-resizer\/aYEptqm-OHK9qSx2b8yWM7PPhz4=\/420x236\/filters:format(webp):quality(85)\/cloudfront-us-east-1.images.arcpublishing.com\/infobae\/TQD3DCN26JGCLCJZ2Z7ENMQZGE.jpg 420w,https:\/\/www.infobae.com\/new-resizer\/j_E3K-MWbAwORJd-9O-Yv59Mb7w=\/768x432\/filters:format(webp):quality(85)\/cloudfront-us-east-1.images.arcpublishing.com\/infobae\/TQD3DCN26JGCLCJZ2Z7ENMQZGE.jpg 768w,https:\/\/www.infobae.com\/new-resizer\/4obIOMU0laSntyGOpfDy9g0J5gs=\/992x558\/filters:format(webp):quality(85)\/cloudfront-us-east-1.images.arcpublishing.com\/infobae\/TQD3DCN26JGCLCJZ2Z7ENMQZGE.jpg 992w,https:\/\/www.infobae.com\/new-resizer\/Ya1Rql7sGoVXQtxmxTzHRDx34mA=\/1200x675\/filters:format(webp):quality(85)\/cloudfront-us-east-1.images.arcpublishing.com\/infobae\/TQD3DCN26JGCLCJZ2Z7ENMQZGE.jpg 1200w,https:\/\/www.infobae.com\/new-resizer\/GsrbF3PfdXKUNhjK8mueOkwdswU=\/1440x810\/filters:format(webp):quality(85)\/cloudfront-us-east-1.images.arcpublishing.com\/infobae\/TQD3DCN26JGCLCJZ2Z7ENMQZGE.jpg 1440w\">Benjam\u00edn Carmona ten\u00eda 17 a\u00f1os<\/p>\n\n\n\n<h2 class=\"wp-block-heading\">La carpa de microemprendedores y el balneario Ocean<\/h2>\n\n\n\n<p>A metros de la&nbsp;<strong>Plaza Miramar<\/strong>&nbsp;se ven dos realidades opuestas: mientras que unos lamentan la destrucci\u00f3n total de la&nbsp;<strong>Carpa de Microemprendedores<\/strong>&nbsp;de General Alvarado; otros pasean por el centro, recorren la feria de artesanos, compran pochoclos o pizza para cenar en sus casas.<\/p>\n\n\n\n<p>Hasta este martes, la carpa ubicada en la intersecci\u00f3n de las avenidas 23 y 26 funcionaba como un&nbsp;<strong>paseo de compras<\/strong>&nbsp;que reun\u00eda productos de peque\u00f1os emprendedores locales. Como consecuencia la tormenta,&nbsp;<strong>la inmensa lona que la cubr\u00eda qued\u00f3 posada en la copa de los \u00e1rboles<\/strong>. All\u00ed permanec\u00eda, cuando&nbsp;<strong>Infobae<\/strong>&nbsp;fue a recorrer el lugar, la noche del martes.<\/p>\n\n\n\n<p>Seg\u00fan pudo reconstruir este medio,&nbsp;<strong>cuando se desat\u00f3 el temporal, el \u00fanico que estaba adentro de la carpa era el sereno<\/strong>, ya que el horario de los puesteros arrancaba a partir de las 19.<\/p>\n\n\n\n<p>\u201c<strong>Fue algo totalmente inesperado, no nos dio tiempo a nada<\/strong>. La carpa era de una asociaci\u00f3n sin fines de lucro que funcionaba desde hace muchos a\u00f1os en Miramar. Cobijaba a m\u00e1s de 40 familias, todos emprendedores y microemprendedores. Todo lo que se vend\u00eda all\u00ed era producci\u00f3n local y familiar\u201d, explic\u00f3 a este medio, Norma Ca\u00f1ueto, due\u00f1a del puesto \u201cBetania\u201d de mandalas y atrapasue\u00f1os.<\/p>\n\n\n\n<p><img loading=\"lazy\" decoding=\"async\" alt=\"As\u00ed qued\u00f3 la carpa de microemprendedores de Miramar\" height=\"1400\" width=\"2100\" src=\"https:\/\/www.infobae.com\/new-resizer\/MUs8Ie8vgPKdstJK3IIxEArgpTs=\/420x280\/filters:format(webp):quality(85)\/cloudfront-us-east-1.images.arcpublishing.com\/infobae\/XY43E3IPV5E3FFRIQL7ZLMYSIM.jpg%20420w\" srcset=\"https:\/\/www.infobae.com\/new-resizer\/MUs8Ie8vgPKdstJK3IIxEArgpTs=\/420x280\/filters:format(webp):quality(85)\/cloudfront-us-east-1.images.arcpublishing.com\/infobae\/XY43E3IPV5E3FFRIQL7ZLMYSIM.jpg 420w,https:\/\/www.infobae.com\/new-resizer\/5P3AZeu1fXosl_zx26mPQnJqqUU=\/768x512\/filters:format(webp):quality(85)\/cloudfront-us-east-1.images.arcpublishing.com\/infobae\/XY43E3IPV5E3FFRIQL7ZLMYSIM.jpg 768w,https:\/\/www.infobae.com\/new-resizer\/Nn0n_wcrImG3RPefVOw-6R-tl0k=\/992x661\/filters:format(webp):quality(85)\/cloudfront-us-east-1.images.arcpublishing.com\/infobae\/XY43E3IPV5E3FFRIQL7ZLMYSIM.jpg 992w,https:\/\/www.infobae.com\/new-resizer\/IqmyvjyDg4aZOnCwkUlMVsygIT4=\/1200x800\/filters:format(webp):quality(85)\/cloudfront-us-east-1.images.arcpublishing.com\/infobae\/XY43E3IPV5E3FFRIQL7ZLMYSIM.jpg 1200w,https:\/\/www.infobae.com\/new-resizer\/7UJu4Rk0eFCXeLkBBfgB-JG731c=\/1440x960\/filters:format(webp):quality(85)\/cloudfront-us-east-1.images.arcpublishing.com\/infobae\/XY43E3IPV5E3FFRIQL7ZLMYSIM.jpg 1440w\">As\u00ed qued\u00f3 la carpa de microemprendedores de Miramar<\/p>\n\n\n\n<p>Con la angustia a flor de piel, la mujer destac\u00f3 la importancia de las temporadas de verano. \u201cPara nosotros son la posibilidad de venta de lo que hacemos a lo largo de todo el a\u00f1o.&nbsp;<strong>Y esta carpa, la estructura, era nuestro gran capital porque era de la Asociaci\u00f3n<\/strong>. Se logr\u00f3 comprar con much\u00edsimo esfuerzo, se cuidaba y se manten\u00eda de la mejor forma posible. Verla en el estado que est\u00e1 es de un enorme dolor para nosotros.&nbsp;<strong>Este mi\u00e9rcoles necesitamos resolver, de alguna manera, c\u00f3mo vamos a llevar adelante esta temporada que ya se muestra complicad\u00edsima<\/strong>\u201d, agreg\u00f3.<\/p>\n\n\n\n<p>El balneario&nbsp;<strong>Ocean<\/strong>&nbsp;de Miramar, ubicado en avenida Costanera y 11, tambi\u00e9n&nbsp;<strong>qued\u00f3 destrozado por la tormenta<\/strong>. En el video, que encabeza esta nota, se ve c\u00f3mo el viento despeg\u00f3 las carpas de la arena y las hizo volar. Para \u00faltima hora del martes,&nbsp;<strong>el staff del lugar trabajaba en la oscuridad y con linternas<\/strong>&nbsp;para recomponer las instalaciones lo antes posible.<\/p>\n\n\n\n<p><img loading=\"lazy\" decoding=\"async\" alt=\"La carpa desde otro \u00e1ngulo\" height=\"1400\" width=\"2100\" src=\"https:\/\/www.infobae.com\/new-resizer\/KaZFygBNKYyHF2hVAxHWX1UAXyg=\/420x280\/filters:format(webp):quality(85)\/cloudfront-us-east-1.images.arcpublishing.com\/infobae\/OVL5UZD6XFC3NOXMEFUQSQ4FUY.jpg%20420w\" srcset=\"https:\/\/www.infobae.com\/new-resizer\/KaZFygBNKYyHF2hVAxHWX1UAXyg=\/420x280\/filters:format(webp):quality(85)\/cloudfront-us-east-1.images.arcpublishing.com\/infobae\/OVL5UZD6XFC3NOXMEFUQSQ4FUY.jpg 420w,https:\/\/www.infobae.com\/new-resizer\/GbXW0kVzv8Aj4kXyw1x85aYi3GU=\/768x512\/filters:format(webp):quality(85)\/cloudfront-us-east-1.images.arcpublishing.com\/infobae\/OVL5UZD6XFC3NOXMEFUQSQ4FUY.jpg 768w,https:\/\/www.infobae.com\/new-resizer\/rhPO1tPXAA6NcVlUNheN-vs3Rog=\/992x661\/filters:format(webp):quality(85)\/cloudfront-us-east-1.images.arcpublishing.com\/infobae\/OVL5UZD6XFC3NOXMEFUQSQ4FUY.jpg 992w,https:\/\/www.infobae.com\/new-resizer\/wwOv2pVg_N6G3SKfyd9RI2jO5aQ=\/1200x800\/filters:format(webp):quality(85)\/cloudfront-us-east-1.images.arcpublishing.com\/infobae\/OVL5UZD6XFC3NOXMEFUQSQ4FUY.jpg 1200w,https:\/\/www.infobae.com\/new-resizer\/b1pYr9OUeMvA1txtlE5oP28sUE4=\/1440x960\/filters:format(webp):quality(85)\/cloudfront-us-east-1.images.arcpublishing.com\/infobae\/OVL5UZD6XFC3NOXMEFUQSQ4FUY.jpg 1440w\">La carpa desde otro \u00e1ngulo<\/p>\n\n\n\n<h2 class=\"wp-block-heading\">\u00bfHubo un tornado?<\/h2>\n\n\n\n<p>Consultado por Infobae, el meteor\u00f3logo del Servicio Meteorol\u00f3gico Nacional,&nbsp;<strong>Lucas Berengua<\/strong>, explic\u00f3 que lo que pas\u00f3 en Miramar fue una \u201ctormenta severa\u201d. \u201cUna tormenta severa puede contener diversos fen\u00f3menos meteorol\u00f3gicos, entre ellos, abundante actividad el\u00e9ctrica, granizo de diversos tama\u00f1os y velocidades de viento destructivas. Estas velocidades de viento destructivas pueden estar provocadas por frentes de r\u00e1fagas, tambi\u00e9n conocidos como reventones de aire fr\u00edo, que aparecen inmediatamente delante de la tormenta e inclusive pueden desplazarse aut\u00f3nomamente varios kil\u00f3metros por delante y de manera mucho m\u00e1s aislada\u201d, dijo.<\/p>\n\n\n\n<p>Y sigui\u00f3: \u201cEn el caso de la tormenta de Miramar, del d\u00eda 9 de enero a la tarde, no fue visto un tornado. En los videos que circulan en redes, as\u00ed como en los diversos medios de comunicaci\u00f3n, se ve&nbsp;<strong>una poderosa acci\u00f3n de r\u00e1fagas de viento destructivas<\/strong>, en principio soplando todas desde una misma direcci\u00f3n, que entonces pueden estar asociadas a un frente de r\u00e1fagas o a un revent\u00f3n de aire fr\u00edo. Para poder determinar si, de manera aislada, en algunos lugares afect\u00f3 un tornado, hay que hacer otro trabajo de peritaje porque de la misma manera que sucedi\u00f3 en Bah\u00eda Blanca y en Capital Federal hace unas semanas, los da\u00f1os son muy similares en los \u00e1rboles, en las estructuras grandes, en los techos de chapa, y en ninguno de los tres casos (ni en el de Bah\u00eda Blanca, ni en el de Buenos Aires, ni en el de Miramar) podemos confirmar que fue un tornado. Tampoco podemos descartarlo, pero no lo podemos confirmar, tiene que haber trabajos posteriores\u201d.<\/p>\n","protected":false},"excerpt":{"rendered":"<p>Mientras continuaban los trabajos para reparar los estragos de la tormenta y sin agua, quedaban pocos rastros de la gran<\/p>\n","protected":false},"author":1,"featured_media":12284,"comment_status":"open","ping_status":"open","sticky":false,"template":"","format":"standard","meta":{"colormag_page_container_layout":"default_layout","colormag_page_sidebar_layout":"default_layout","footnotes":""},"categories":[5,8],"tags":[],"class_list":["post-12283","post","type-post","status-publish","format-standard","has-post-thumbnail","hentry","category-nacionales","category-ultimas-noticias"],"_links":{"self":[{"href":"https:\/\/notipampa.com\/index.php?rest_route=\/wp\/v2\/posts\/12283","targetHints":{"allow":["GET"]}}],"collection":[{"href":"https:\/\/notipampa.com\/index.php?rest_route=\/wp\/v2\/posts"}],"about":[{"href":"https:\/\/notipampa.com\/index.php?rest_route=\/wp\/v2\/types\/post"}],"author":[{"embeddable":true,"href":"https:\/\/notipampa.com\/index.php?rest_route=\/wp\/v2\/users\/1"}],"replies":[{"embeddable":true,"href":"https:\/\/notipampa.com\/index.php?rest_route=%2Fwp%2Fv2%2Fcomments&post=12283"}],"version-history":[{"count":1,"href":"https:\/\/notipampa.com\/index.php?rest_route=\/wp\/v2\/posts\/12283\/revisions"}],"predecessor-version":[{"id":12285,"href":"https:\/\/notipampa.com\/index.php?rest_route=\/wp\/v2\/posts\/12283\/revisions\/12285"}],"wp:featuredmedia":[{"embeddable":true,"href":"https:\/\/notipampa.com\/index.php?rest_route=\/wp\/v2\/media\/12284"}],"wp:attachment":[{"href":"https:\/\/notipampa.com\/index.php?rest_route=%2Fwp%2Fv2%2Fmedia&parent=12283"}],"wp:term":[{"taxonomy":"category","embeddable":true,"href":"https:\/\/notipampa.com\/index.php?rest_route=%2Fwp%2Fv2%2Fcategories&post=12283"},{"taxonomy":"post_tag","embeddable":true,"href":"https:\/\/notipampa.com\/index.php?rest_route=%2Fwp%2Fv2%2Ftags&post=12283"}],"curies":[{"name":"wp","href":"https:\/\/api.w.org\/{rel}","templated":true}]}}