{"id":12276,"date":"2024-01-08T13:02:10","date_gmt":"2024-01-08T16:02:10","guid":{"rendered":"https:\/\/notipampa.com\/?p=12276"},"modified":"2024-01-08T13:03:21","modified_gmt":"2024-01-08T16:03:21","slug":"alvear-fbc-derroto-a-costa-en-la-ida-de-los-cuartos-de-final-pese-a-un-lamentable-arbitraje","status":"publish","type":"post","link":"https:\/\/notipampa.com\/?p=12276","title":{"rendered":"Alvear FBC derrot\u00f3 a Costa en la ida de los cuartos de final pese a un lamentable arbitraje"},"content":{"rendered":"\n<p>En un emocionante enfrentamiento disputado en el Estadio de la Avenida, Alvear FBC emergi\u00f3 victorioso con un marcador de 2-1 en el partido de ida de los cuartos de final de la Regi\u00f3n Pampeana Sur del Torneo Regional, a pesar de un arbitraje lamentable a cargo de Diego Novelli de Tandil, que sin lugar a duda busco perjudicar al local.<\/p>\n\n\n\n<p>Desde el inicio, Alvear FBC demostr\u00f3 su superioridad con una apertura de marcador a los 18 minutos a trav\u00e9s de un impresionante gol de Bruno Vasallo, quien aprovech\u00f3 un lateral para adelantar al equipo local. Antes del descanso, a los 42 minutos, Morette rob\u00f3 una pelota y habilit\u00f3 a Alex Sosa, quien con un potente disparo venci\u00f3 al arquero Arguello, ampliando la ventaja.<\/p>\n\n\n\n<p>Sin embargo, el \u00e1rbitro Novelli gener\u00f3 controversia al cobrar un penal discutible a favor de Costa Brava al inicio del segundo tiempo, permitiendo que Pablo Ag\u00fcero descontara para la visita. El descontento local creci\u00f3, llevando a la interrupci\u00f3n del juego cuando una botella pl\u00e1stica impact\u00f3 sobre el cuarto \u00e1rbitro. La intervenci\u00f3n policial fue necesaria antes de que el partido pudiera reanudarse.<\/p>\n\n\n\n<p>A pesar de las decisiones arbitrales controvertidas y de las adversidades, Alvear FBC mantuvo la compostura y logr\u00f3 sobreponerse incluso con la expulsi\u00f3n de Ricardo Ram\u00edrez, qued\u00e1ndose con diez jugadores. La actitud resiliente del equipo se destac\u00f3, y su valioso triunfo lo posiciona favorablemente para la revancha.<\/p>\n\n\n\n<p>La vuelta est\u00e1 programada para el mi\u00e9rcoles a las 21 horas en el Nuevo Pacaemb\u00fa de General Pico. El equipo que avance tendr\u00e1 la oportunidad de definir como local en la serie semifinal, con la mirada puesta en el anhelado ascenso al Federal A.<\/p>\n","protected":false},"excerpt":{"rendered":"<p>En un emocionante enfrentamiento disputado en el Estadio de la Avenida, Alvear FBC emergi\u00f3 victorioso con un marcador de 2-1<\/p>\n","protected":false},"author":1,"featured_media":12277,"comment_status":"open","ping_status":"open","sticky":false,"template":"","format":"standard","meta":{"colormag_page_container_layout":"default_layout","colormag_page_sidebar_layout":"default_layout","footnotes":""},"categories":[10,6,8],"tags":[],"class_list":["post-12276","post","type-post","status-publish","format-standard","has-post-thumbnail","hentry","category-sports","category-locales","category-ultimas-noticias"],"_links":{"self":[{"href":"https:\/\/notipampa.com\/index.php?rest_route=\/wp\/v2\/posts\/12276","targetHints":{"allow":["GET"]}}],"collection":[{"href":"https:\/\/notipampa.com\/index.php?rest_route=\/wp\/v2\/posts"}],"about":[{"href":"https:\/\/notipampa.com\/index.php?rest_route=\/wp\/v2\/types\/post"}],"author":[{"embeddable":true,"href":"https:\/\/notipampa.com\/index.php?rest_route=\/wp\/v2\/users\/1"}],"replies":[{"embeddable":true,"href":"https:\/\/notipampa.com\/index.php?rest_route=%2Fwp%2Fv2%2Fcomments&post=12276"}],"version-history":[{"count":2,"href":"https:\/\/notipampa.com\/index.php?rest_route=\/wp\/v2\/posts\/12276\/revisions"}],"predecessor-version":[{"id":12279,"href":"https:\/\/notipampa.com\/index.php?rest_route=\/wp\/v2\/posts\/12276\/revisions\/12279"}],"wp:featuredmedia":[{"embeddable":true,"href":"https:\/\/notipampa.com\/index.php?rest_route=\/wp\/v2\/media\/12277"}],"wp:attachment":[{"href":"https:\/\/notipampa.com\/index.php?rest_route=%2Fwp%2Fv2%2Fmedia&parent=12276"}],"wp:term":[{"taxonomy":"category","embeddable":true,"href":"https:\/\/notipampa.com\/index.php?rest_route=%2Fwp%2Fv2%2Fcategories&post=12276"},{"taxonomy":"post_tag","embeddable":true,"href":"https:\/\/notipampa.com\/index.php?rest_route=%2Fwp%2Fv2%2Ftags&post=12276"}],"curies":[{"name":"wp","href":"https:\/\/api.w.org\/{rel}","templated":true}]}}