{"id":12148,"date":"2023-12-21T08:57:05","date_gmt":"2023-12-21T11:57:05","guid":{"rendered":"https:\/\/notipampa.com\/?p=12148"},"modified":"2023-12-21T08:57:05","modified_gmt":"2023-12-21T11:57:05","slug":"la-familia-de-lucio-dupuy-antes-del-veredicto-nos-hicieron-sentir-como-si-hubiesemos-sido-culpables","status":"publish","type":"post","link":"https:\/\/notipampa.com\/?p=12148","title":{"rendered":"La familia de Lucio Dupuy, antes del veredicto: \u201cNos hicieron sentir como si hubi\u00e9semos sido culpables\u201d"},"content":{"rendered":"\n<p><strong>Ram\u00f3n Dupuy y su hija Cinthia expresaron su disgusto con el desempe\u00f1o de las defensas de las acusadas durante el debate. Sienten que \u201ctrataron de correr el eje de discusi\u00f3n\u201d con el fin de cuestionarlos<\/strong><\/p>\n\n\n\n<p>La familia paterna de\u00a0<strong>Lucio Dupuy<\/strong>\u00a0atraviesa las horas previas al veredicto del <em>jury<\/em>\u00a0contra la jueza\u00a0<strong>Ana Clara P\u00e9rez Ballester<\/strong>\u00a0y la asesora de menores\u00a0<strong>Elisa Cat\u00e1n<\/strong>\u00a0con sentimientos cruzados. Por un lado, con la expectativa de que este viernes la Justicia declare culpables a las funcionarias, acusadas de mal desempe\u00f1o. Y por el otro, con indignaci\u00f3n por lo ocurrido durante el juicio.<\/p>\n\n\n\n<p>\u201cLos abogados de las defensas&nbsp;<strong>nos hicieron sentir como si nosotros hubi\u00e9semos sido culpables, como si no nos hubi\u00e9semos preocupado nunca por Lucio<\/strong>. Y no es as\u00ed. Nos hicieron sentir tan mal, pero tan mal, que parece que no fueran humanos, sino caranchos que no tienen ni alma ni coraz\u00f3n\u201d, critic\u00f3 con dureza el abuelo de Lucio,&nbsp;<strong>Ram\u00f3n Dupuy<\/strong>.<\/p>\n\n\n\n<p>En di\u00e1logo con&nbsp;<strong>Infobae<\/strong>, Ram\u00f3n consider\u00f3 que aquello fue parte de una estrategia de los representantes legales de P\u00e9rez Ballester y Cat\u00e1n. \u201c<strong>Trataron de correr el eje de discusi\u00f3n<\/strong>. Se cuestion\u00f3 a Christian; que no colaboraba, que no ayudaba con los alimentos, que por qu\u00e9 no pidi\u00f3 la tenencia. Y a la progenitora no se la cuestion\u00f3 en ning\u00fan momento\u201d, reproch\u00f3.<\/p>\n\n\n\n<p>Lo mismo opin\u00f3 su hija&nbsp;<strong>Cinthia<\/strong>, t\u00eda de Lucio. Ella cont\u00f3 que la participaci\u00f3n en el juicio le dej\u00f3 a su familia&nbsp;<strong>\u201csensaciones amargas\u201d<\/strong>&nbsp;y que sintieron \u201ctemor\u201d porque \u201cse pretendi\u00f3 correr el eje del objeto de este tr\u00e1mite\u201d.<\/p>\n\n\n\n<p>\u201cEs cierto que pudo haber cosas que, en su momento, no hemos hecho como familiares de Lucio, o mejor dicho, que hemos actuado sin tener los reparos necesarios, m\u00e1s all\u00e1 de que nunca imaginamos all\u00e1 por 2020 estar involucrados en este verdadero&nbsp;<strong>horror<\/strong>. Pero, sin dudas, estamos convencidos de que no hacen falta testigos de nada para determinar y analizar el desempe\u00f1o de funcionarios judiciales. Eso est\u00e1 en los expedientes y estos son claros respecto de lo que se ha hecho, y c\u00f3mo se ha hecho.&nbsp;<strong>No hacen falta ni cuarenta ni un testigo para determinar si la jueza y la asesora se desempe\u00f1aron como correspond\u00eda en el caso<\/strong>\u201d, dijo Cinthia.<\/p>\n\n\n\n<p>Los familiares cuentan que fue \u201cmuy doloroso y angustiante revivir todo nuevamente y tener que estar en el banquillo, aunque sea de testigo\u201d. En el caso del abuelo, adem\u00e1s, tuvo que afrontar una situaci\u00f3n inesperada:\u00a0un careo con su ex abogada,\u00a0<strong>Adriana Mascar\u00f3<\/strong>, quien represent\u00f3 a los Dupuy cuando se firm\u00f3 el acuerdo de cuidado personal entre la t\u00eda pol\u00edtica\u00a0<strong>Leticia Hidalgo<\/strong>\u00a0y la madre del ni\u00f1o, para que<strong>\u00a0Magdalena Esp\u00f3sito Valenti\u00a0<\/strong>volviera a tener a su hijo.<\/p>\n\n\n\n<p><img fetchpriority=\"high\" decoding=\"async\" alt=\"Ram\u00f3n tuvo un careo con su ex abogada en la audiencia del martes pasado\" height=\"1080\" width=\"1920\" src=\"https:\/\/www.infobae.com\/new-resizer\/eY_d32nmtT-OFOwiI3YqSH33Bso=\/420x236\/filters:format(webp):quality(85)\/cloudfront-us-east-1.images.arcpublishing.com\/infobae\/DHQCNXZWAJGS5PR33POSGILCMY.jpg%20420w\" srcset=\"https:\/\/www.infobae.com\/new-resizer\/eY_d32nmtT-OFOwiI3YqSH33Bso=\/420x236\/filters:format(webp):quality(85)\/cloudfront-us-east-1.images.arcpublishing.com\/infobae\/DHQCNXZWAJGS5PR33POSGILCMY.jpg 420w,https:\/\/www.infobae.com\/new-resizer\/XplSfZmr2smWG9-ryJNpA9PD7q0=\/768x432\/filters:format(webp):quality(85)\/cloudfront-us-east-1.images.arcpublishing.com\/infobae\/DHQCNXZWAJGS5PR33POSGILCMY.jpg 768w,https:\/\/www.infobae.com\/new-resizer\/Y1-TnejjDKjDM4z1nrsFVRJxAYY=\/992x558\/filters:format(webp):quality(85)\/cloudfront-us-east-1.images.arcpublishing.com\/infobae\/DHQCNXZWAJGS5PR33POSGILCMY.jpg 992w,https:\/\/www.infobae.com\/new-resizer\/xvnCoeLI5W37m8wanCfhCH03c4s=\/1200x675\/filters:format(webp):quality(85)\/cloudfront-us-east-1.images.arcpublishing.com\/infobae\/DHQCNXZWAJGS5PR33POSGILCMY.jpg 1200w,https:\/\/www.infobae.com\/new-resizer\/srLlmeOG56Mesx2xvk-_zL-kvzI=\/1440x810\/filters:format(webp):quality(85)\/cloudfront-us-east-1.images.arcpublishing.com\/infobae\/DHQCNXZWAJGS5PR33POSGILCMY.jpg 1440w\">Ram\u00f3n tuvo un careo con su ex abogada en la audiencia del martes pasado<\/p>\n\n\n\n<p>Seg\u00fan Ram\u00f3n, antes de que se firmara ese acuerdo le hab\u00eda presentado a la letrada varias fotos \u201cdonde ellas (<em>NdeR<\/em>: Esp\u00f3sito Valenti y su pareja,&nbsp;<strong>Abigail P\u00e1ez<\/strong>, ambas condenadas a perpetua) hac\u00edan cosas delante de Lucio, de plantas de marihuana en macetas, de chats con agresiones a Christian (Dupuy, padre de Lucio)\u201d.<\/p>\n\n\n\n<p>\u201cEso no sirvi\u00f3 para nada. Esas pruebas Mascar\u00f3 se las llev\u00f3 a P\u00e9rez Ballester y&nbsp;<strong>nos dijo que la jueza le hab\u00eda manifestado que (Lucio) no iba a estar mejor que con la mam\u00e1<\/strong>\u201d, declar\u00f3 en el debate.<\/p>\n\n\n\n<p>Sin embargo, Mascar\u00f3 lo desminti\u00f3 ante el tribunal. \u201cJam\u00e1s me entregaron eso\u2026&nbsp;<strong>Si hubiera sido as\u00ed, jam\u00e1s hubiera aceptado que se firmara el acuerdo<\/strong>&nbsp;(&#8230;) Solo recib\u00ed una foto, que me mand\u00f3 Leticia, porque la mam\u00e1 le hab\u00eda hecho a Lucio un corte de pelo raro. Pero eso no era para sospechar sobre una situaci\u00f3n de riesgo\u201d, asegur\u00f3.<\/p>\n\n\n\n<p>Frente a ello, Ram\u00f3n tild\u00f3 a la abogada de&nbsp;<strong>\u201cmentirosa\u201d<\/strong>. \u201cYo&nbsp;<strong>la conozco desde hace m\u00e1s de veintipico de a\u00f1os<\/strong>. Ten\u00eda muy buena amistad con el marido de ella, que falleci\u00f3. Hemos compartido mucho juntos. Verdaderamente,&nbsp;<strong>me siento mal, desilusionado con esta mujer<\/strong>. Nunca esper\u00e9 que me negara lo que me neg\u00f3\u201d, revel\u00f3 en la charla con este medio.<\/p>\n\n\n\n<p>El abuelo y su esposa,&nbsp;<strong>Silvia G\u00f3mez<\/strong>, regresaron a<a rel=\"noreferrer noopener\" href=\"https:\/\/www.infobae.com\/sociedad\/policiales\/2023\/12\/20\/caso-lucio-dupuy-entre-el-enojo-y-la-indiferencia-asi-esperan-los-vecinos-de-santa-rosa-el-desenlace-del-jury\/\" target=\"_blank\">&nbsp;La Pampa<\/a>&nbsp;el lunes pasado, luego de haber estado unos d\u00edas en&nbsp;<strong>Santa Cruz<\/strong>. Hab\u00edan ido hasta all\u00ed con el fin de manifestar la necesidad de que la provincia sure\u00f1a se adhiera a la&nbsp;<a rel=\"noreferrer noopener\" href=\"https:\/\/www.infobae.com\/tag\/ley-lucio\/\" target=\"_blank\">Ley Lucio<\/a>: al d\u00eda de hoy, es una de las tres que no lo han hecho; las otras son Buenos Aires y C\u00f3rdoba, aunque en estos casos la adhesi\u00f3n a la Ley 27.709 ya tiene media sanci\u00f3n.<\/p>\n\n\n\n<p>En ese marco, tuvieron una reuni\u00f3n con autoridades en la Casa de Gobierno, de la cual salieron con la \u201cesperanza\u201d de lograr su objetivo. \u201cNos trajimos la palabra de los legisladores y del secretario de Gobierno de que van a tratar la ley\u201d, sintetiz\u00f3 Ram\u00f3n.<\/p>\n\n\n\n<p><img decoding=\"async\" alt=\"Silvia G\u00f3mez y Ram\u00f3n Dupuy (Gast\u00f3n Taylor)\" height=\"1080\" width=\"1920\" src=\"https:\/\/www.infobae.com\/new-resizer\/L5BPpItUGXwUtxDIXaI3psFc2Q8=\/420x236\/filters:format(webp):quality(85)\/cloudfront-us-east-1.images.arcpublishing.com\/infobae\/ZNG2QBCVEJE37CH67KC7WPTJLA.jpg%20420w\" srcset=\"https:\/\/www.infobae.com\/new-resizer\/L5BPpItUGXwUtxDIXaI3psFc2Q8=\/420x236\/filters:format(webp):quality(85)\/cloudfront-us-east-1.images.arcpublishing.com\/infobae\/ZNG2QBCVEJE37CH67KC7WPTJLA.jpg 420w,https:\/\/www.infobae.com\/new-resizer\/U-m5_sPq404x23WNrWOKV4gBVa4=\/768x432\/filters:format(webp):quality(85)\/cloudfront-us-east-1.images.arcpublishing.com\/infobae\/ZNG2QBCVEJE37CH67KC7WPTJLA.jpg 768w,https:\/\/www.infobae.com\/new-resizer\/rUjfyvPe8VJGe9kDED78Fnvgv4o=\/992x558\/filters:format(webp):quality(85)\/cloudfront-us-east-1.images.arcpublishing.com\/infobae\/ZNG2QBCVEJE37CH67KC7WPTJLA.jpg 992w,https:\/\/www.infobae.com\/new-resizer\/EumX4lIuigK32uGSm2ROF29rijk=\/1200x675\/filters:format(webp):quality(85)\/cloudfront-us-east-1.images.arcpublishing.com\/infobae\/ZNG2QBCVEJE37CH67KC7WPTJLA.jpg 1200w,https:\/\/www.infobae.com\/new-resizer\/Rj7cxUpoxoAGVYvACwZal-IXxRE=\/1440x810\/filters:format(webp):quality(85)\/cloudfront-us-east-1.images.arcpublishing.com\/infobae\/ZNG2QBCVEJE37CH67KC7WPTJLA.jpg 1440w\">Silvia G\u00f3mez y Ram\u00f3n Dupuy (Gast\u00f3n Taylor)<\/p>\n\n\n\n<p>Los Dupuy ahora esperan el veredicto reunidos en la localidad de&nbsp;<strong>General Pico<\/strong>, ubicada a unos 130 kil\u00f3metros de Santa Rosa. Este viernes estar\u00e1n todos presentes en el recinto de la C\u00e1mara de Diputados para escuchar juntos el fallo que puede resultar en la&nbsp;<strong>destituci\u00f3n&nbsp;<\/strong>de P\u00e9rez Ballester y Cat\u00e1n, o en el&nbsp;<strong>levantamiento de la suspensi\u00f3n temporal<\/strong>&nbsp;que actualmente pesa sobre ambas.<\/p>\n\n\n\n<p>\u201c<strong>No digo que sean malas personas, pero actuaron mal con Lucio. Para m\u00ed, van a seguir siendo las terceras asesinas<\/strong>\u201d, apunt\u00f3 el abuelo. En sinton\u00eda, Cinthia expres\u00f3 a trav\u00e9s de&nbsp;<em>Facebook<\/em>: \u201cNo est\u00e1 en duda la honestidad de las funcionarias, sino se debe analizar su papel frente al caso.&nbsp;<strong>Est\u00e1 claro que el final de Lucio obliga a analizar c\u00f3mo se lleg\u00f3 a eso<\/strong>\u201d.<\/p>\n\n\n\n<p>Mientras tanto, los familiares agradecen las muestras de apoyo que reciben a diario y las iniciativas para recordar al ni\u00f1o, como por ejemplo, la realizaci\u00f3n de un mural de alrededor de 40 metros de largo en el Parque Alberdi del barrio porte\u00f1o de Mataderos, una obra que ser\u00e1 inaugurada este fin de semana (el s\u00e1bado a las 18) y que es impulsada por la ONG&nbsp;<strong>Infancia Compartida<\/strong>&nbsp;mediante la cruzada&nbsp;<strong>\u201cNo m\u00e1s hijos rehenes\u201d<\/strong>.<\/p>\n","protected":false},"excerpt":{"rendered":"<p>Ram\u00f3n Dupuy y su hija Cinthia expresaron su disgusto con el desempe\u00f1o de las defensas de las acusadas durante el<\/p>\n","protected":false},"author":1,"featured_media":12149,"comment_status":"open","ping_status":"open","sticky":false,"template":"","format":"standard","meta":{"colormag_page_container_layout":"default_layout","colormag_page_sidebar_layout":"default_layout","footnotes":""},"categories":[4,8],"tags":[],"class_list":["post-12148","post","type-post","status-publish","format-standard","has-post-thumbnail","hentry","category-provincia","category-ultimas-noticias"],"_links":{"self":[{"href":"https:\/\/notipampa.com\/index.php?rest_route=\/wp\/v2\/posts\/12148","targetHints":{"allow":["GET"]}}],"collection":[{"href":"https:\/\/notipampa.com\/index.php?rest_route=\/wp\/v2\/posts"}],"about":[{"href":"https:\/\/notipampa.com\/index.php?rest_route=\/wp\/v2\/types\/post"}],"author":[{"embeddable":true,"href":"https:\/\/notipampa.com\/index.php?rest_route=\/wp\/v2\/users\/1"}],"replies":[{"embeddable":true,"href":"https:\/\/notipampa.com\/index.php?rest_route=%2Fwp%2Fv2%2Fcomments&post=12148"}],"version-history":[{"count":1,"href":"https:\/\/notipampa.com\/index.php?rest_route=\/wp\/v2\/posts\/12148\/revisions"}],"predecessor-version":[{"id":12150,"href":"https:\/\/notipampa.com\/index.php?rest_route=\/wp\/v2\/posts\/12148\/revisions\/12150"}],"wp:featuredmedia":[{"embeddable":true,"href":"https:\/\/notipampa.com\/index.php?rest_route=\/wp\/v2\/media\/12149"}],"wp:attachment":[{"href":"https:\/\/notipampa.com\/index.php?rest_route=%2Fwp%2Fv2%2Fmedia&parent=12148"}],"wp:term":[{"taxonomy":"category","embeddable":true,"href":"https:\/\/notipampa.com\/index.php?rest_route=%2Fwp%2Fv2%2Fcategories&post=12148"},{"taxonomy":"post_tag","embeddable":true,"href":"https:\/\/notipampa.com\/index.php?rest_route=%2Fwp%2Fv2%2Ftags&post=12148"}],"curies":[{"name":"wp","href":"https:\/\/api.w.org\/{rel}","templated":true}]}}