{"id":12051,"date":"2023-12-12T09:04:57","date_gmt":"2023-12-12T12:04:57","guid":{"rendered":"https:\/\/notipampa.com\/?p=12051"},"modified":"2023-12-12T09:04:58","modified_gmt":"2023-12-12T12:04:58","slug":"llegaron-los-cuerpos-de-los-dos-andinistas-pampeanos-que-murieron-en-la-cordillera","status":"publish","type":"post","link":"https:\/\/notipampa.com\/?p=12051","title":{"rendered":"Llegaron los cuerpos de los dos andinistas pampeanos que murieron en la cordillera"},"content":{"rendered":"\n<p>Los cuerpos\u00a0<strong>del intendente Ra\u00fal Espir y del escribano Sergio Berardo<\/strong>\u00a0arribaron este lunes a la noche a la capital pampeana, en un avi\u00f3n contratado por el Gobierno Provincial. Fueron trasladados a General San Mart\u00edn en dos unidades de &#8220;Servicios Sociales Mart\u00edn&#8221;.\u00a0<strong>Los detalles del velatorio<\/strong>.<\/p>\n\n\n\n<p>Los pampeanos Ra\u00fal Espir y Sergio Berardo y el mendocino Ignacio Lucero murieron por &#8220;hipotermia accidental&#8221;, seg\u00fan revel\u00f3 el Servicio M\u00e9dico Legal Chileno luego de la autopsia correspondiente de los cuerpos.<strong>&nbsp;La hipotermia accidental es &#8220;el descenso no intencionado de la temperatura corporal central (TCC) por debajo de los 35\u00b0C&#8221;<\/strong>.<\/p>\n\n\n\n<figure class=\"wp-block-image\"><img decoding=\"async\" src=\"https:\/\/www.eldiariodelapampa.com.ar\/\/img\/publicaciones\/2023\/12\/12\/alta\/447676-t.jpg\" alt=\"\"\/><\/figure>\n\n\n\n<p>De esta manera se confirm\u00f3 la hip\u00f3tesis inicial, de que los tres andinistas fueron alcanzados por un temporal de fuertes vientos. Las autopsias correspondientes se demoraron por el &#8220;estado de congelamiento&#8221; de los cuerpos.<\/p>\n\n\n\n<p>En el caso de Espir y Berardo, los cuerpos llegaron este lunes a la noche, pasadas las 23:30 horas, al Aeropuerto de Santa Rosa por medio de un avi\u00f3n contratado por la Provincia.<\/p>\n\n\n\n<p>En el lugar no hab\u00eda familiares, pero s\u00ed estuvieron el ministro de Seguridad, Horacio di N\u00e1poli, el ministro de Gobierno y Asuntos Municipales, Pascual Fern\u00e1ndez, el subsecretario de Asuntos Municipales, Rogelio &#8220;Kelo&#8221; Schanton y el jefe de Polic\u00eda, comisario Daniel Guinchinao. En un breve di\u00e1logo con&nbsp;<strong>El Diario<\/strong>, \u00fanico medio de comunicaci\u00f3n presente en el lugar, el ministro di N\u00e1poli confirm\u00f3 que el vuelo se cumpli\u00f3 de acuerdo al protocolo previsto.<\/p>\n\n\n\n<figure class=\"wp-block-image\"><img decoding=\"async\" src=\"https:\/\/www.eldiariodelapampa.com.ar\/\/img\/publicaciones\/2023\/12\/12\/alta\/447857-t.jpg\" alt=\"\"\/><\/figure>\n\n\n\n<p>Los cuerpos fueron trasladados inmediatamente a General San Mart\u00edn en dos unidades de &#8220;Servicios Sociales Mart\u00edn&#8221;.<\/p>\n\n\n\n<p>Seg\u00fan se inform\u00f3 oficialmente, el Gobierno de La Pampa autoriz\u00f3 una compra directa por $10.845.000,00 para llevar a cabo la repatriaci\u00f3n de los restos.&nbsp;<\/p>\n\n\n\n<figure class=\"wp-block-image\"><img decoding=\"async\" src=\"https:\/\/www.eldiariodelapampa.com.ar\/\/img\/publicaciones\/2023\/12\/12\/alta\/447856-t.jpg\" alt=\"\"\/><\/figure>\n\n\n\n<p>Los tres andinistas fallecieron mientras intentaban escalar el cerro Marmolejo y sus cuerpos fueron rescatados el pasado mi\u00e9rcoles pasado, luego del trabajo de un equipo del Grupo de Operaciones Policiales Especiales (GOPE), pertenecientes a Carabineros de Chile.&nbsp;<\/p>\n\n\n\n<p><strong>Detalles del velatorio<\/strong><\/p>\n\n\n\n<p>De acuerdo a lo que pudo saber&nbsp;<strong>El Diario<\/strong>, los habitantes de General San Mart\u00edn podr\u00e1n acceder al velatorio de los restos de Espir y Berardo en la sala funeraria solo&nbsp;<strong>entre las 10:00 y las 13:00 horas<\/strong>&nbsp;de este martes.<\/p>\n\n\n\n<p>La decisi\u00f3n es respetar un espacio de &#8220;intimidad&#8221; de los familiares de las v\u00edctimas de la tragedia en la Cordillera de los Andes. A partir de esa hora, de las 13:00, se recibir\u00e1 en el municipio a personas del \u00e1mbito &#8220;de la pol\u00edtica y notarial&#8221;.<\/p>\n\n\n\n<p>Y a las 19:00 horas partir\u00e1 el cortejo f\u00fanebre:&nbsp;<strong>la despedida final de los restos en el cementerio ser\u00e1 una &#8220;ceremonia \u00edntima&#8221;<\/strong>. Aquellos que quieran acompa\u00f1ar ese momento deber\u00e1n permanecer en el play\u00f3n frente al mismo y una vez retirada la familia podr\u00e1n acceder.<\/p>\n","protected":false},"excerpt":{"rendered":"<p>Los cuerpos\u00a0del intendente Ra\u00fal Espir y del escribano Sergio Berardo\u00a0arribaron este lunes a la noche a la capital pampeana, en<\/p>\n","protected":false},"author":1,"featured_media":12052,"comment_status":"open","ping_status":"open","sticky":false,"template":"","format":"standard","meta":{"colormag_page_container_layout":"default_layout","colormag_page_sidebar_layout":"default_layout","footnotes":""},"categories":[4,8],"tags":[],"class_list":["post-12051","post","type-post","status-publish","format-standard","has-post-thumbnail","hentry","category-provincia","category-ultimas-noticias"],"_links":{"self":[{"href":"https:\/\/notipampa.com\/index.php?rest_route=\/wp\/v2\/posts\/12051","targetHints":{"allow":["GET"]}}],"collection":[{"href":"https:\/\/notipampa.com\/index.php?rest_route=\/wp\/v2\/posts"}],"about":[{"href":"https:\/\/notipampa.com\/index.php?rest_route=\/wp\/v2\/types\/post"}],"author":[{"embeddable":true,"href":"https:\/\/notipampa.com\/index.php?rest_route=\/wp\/v2\/users\/1"}],"replies":[{"embeddable":true,"href":"https:\/\/notipampa.com\/index.php?rest_route=%2Fwp%2Fv2%2Fcomments&post=12051"}],"version-history":[{"count":1,"href":"https:\/\/notipampa.com\/index.php?rest_route=\/wp\/v2\/posts\/12051\/revisions"}],"predecessor-version":[{"id":12053,"href":"https:\/\/notipampa.com\/index.php?rest_route=\/wp\/v2\/posts\/12051\/revisions\/12053"}],"wp:featuredmedia":[{"embeddable":true,"href":"https:\/\/notipampa.com\/index.php?rest_route=\/wp\/v2\/media\/12052"}],"wp:attachment":[{"href":"https:\/\/notipampa.com\/index.php?rest_route=%2Fwp%2Fv2%2Fmedia&parent=12051"}],"wp:term":[{"taxonomy":"category","embeddable":true,"href":"https:\/\/notipampa.com\/index.php?rest_route=%2Fwp%2Fv2%2Fcategories&post=12051"},{"taxonomy":"post_tag","embeddable":true,"href":"https:\/\/notipampa.com\/index.php?rest_route=%2Fwp%2Fv2%2Ftags&post=12051"}],"curies":[{"name":"wp","href":"https:\/\/api.w.org\/{rel}","templated":true}]}}