{"id":11960,"date":"2023-11-29T08:28:23","date_gmt":"2023-11-29T11:28:23","guid":{"rendered":"https:\/\/notipampa.com\/?p=11960"},"modified":"2023-11-29T08:28:24","modified_gmt":"2023-11-29T11:28:24","slug":"massa-se-reunio-con-gobernadores-entre-ellos-ziliotto-para-avanzar-sobre-el-pago-de-sueldos-y-aguinaldos","status":"publish","type":"post","link":"https:\/\/notipampa.com\/?p=11960","title":{"rendered":"Massa se reuni\u00f3 con gobernadores, entre ellos Ziliotto, para avanzar sobre el pago de sueldos y aguinaldos"},"content":{"rendered":"\n<p>El ministro de Econom\u00eda, Sergio Massa, mantuvo un encuentro ayer por la tarde junto a gobernadores con el objetivo de avanzar en las compensaciones que garanticen el pago de sueldos y aguinaldos en el mes de diciembre. La reuni\u00f3n tuvo lugar en el sal\u00f3n Scalabrini Ort\u00edz, del 5to piso del Palacio de Hacienda.<\/p>\n\n\n\n<p>Estuvieron presentes el Ministro de Interior, Wado de Pedro; los gobernadores de: Buenos Aires, Axel Kicillof; de Salta, Gustavo S\u00e1enz; de San Juan, Sergio U\u00f1ac; de La Pampa, Sergio Ziliotto; de Catamarca, Ra\u00fal Jalil; de Formosa, Gildo Insfr\u00e1n, de La Rioja, Ricardo Quintela; y de Santa Cruz, Alicia Kirchner; el secretario de Hacienda, Ra\u00fal Rigo; y su par de Provincias en el Ministerio de Interior, Bruno Ruggeri.<\/p>\n\n\n\n<figure class=\"wp-block-image\"><img decoding=\"async\" src=\"https:\/\/www.infopico.com\/wp-content\/uploads\/2023\/11\/WhatsApp-Image-2023-11-28-at-19.36.12.jpeg\" alt=\"\" class=\"wp-image-248735\"\/><\/figure>\n","protected":false},"excerpt":{"rendered":"<p>El ministro de Econom\u00eda, Sergio Massa, mantuvo un encuentro ayer por la tarde junto a gobernadores con el objetivo de<\/p>\n","protected":false},"author":1,"featured_media":11961,"comment_status":"open","ping_status":"open","sticky":false,"template":"","format":"standard","meta":{"colormag_page_container_layout":"default_layout","colormag_page_sidebar_layout":"default_layout","footnotes":""},"categories":[5,7,8],"tags":[],"class_list":["post-11960","post","type-post","status-publish","format-standard","has-post-thumbnail","hentry","category-nacionales","category-politica","category-ultimas-noticias"],"_links":{"self":[{"href":"https:\/\/notipampa.com\/index.php?rest_route=\/wp\/v2\/posts\/11960","targetHints":{"allow":["GET"]}}],"collection":[{"href":"https:\/\/notipampa.com\/index.php?rest_route=\/wp\/v2\/posts"}],"about":[{"href":"https:\/\/notipampa.com\/index.php?rest_route=\/wp\/v2\/types\/post"}],"author":[{"embeddable":true,"href":"https:\/\/notipampa.com\/index.php?rest_route=\/wp\/v2\/users\/1"}],"replies":[{"embeddable":true,"href":"https:\/\/notipampa.com\/index.php?rest_route=%2Fwp%2Fv2%2Fcomments&post=11960"}],"version-history":[{"count":1,"href":"https:\/\/notipampa.com\/index.php?rest_route=\/wp\/v2\/posts\/11960\/revisions"}],"predecessor-version":[{"id":11962,"href":"https:\/\/notipampa.com\/index.php?rest_route=\/wp\/v2\/posts\/11960\/revisions\/11962"}],"wp:featuredmedia":[{"embeddable":true,"href":"https:\/\/notipampa.com\/index.php?rest_route=\/wp\/v2\/media\/11961"}],"wp:attachment":[{"href":"https:\/\/notipampa.com\/index.php?rest_route=%2Fwp%2Fv2%2Fmedia&parent=11960"}],"wp:term":[{"taxonomy":"category","embeddable":true,"href":"https:\/\/notipampa.com\/index.php?rest_route=%2Fwp%2Fv2%2Fcategories&post=11960"},{"taxonomy":"post_tag","embeddable":true,"href":"https:\/\/notipampa.com\/index.php?rest_route=%2Fwp%2Fv2%2Ftags&post=11960"}],"curies":[{"name":"wp","href":"https:\/\/api.w.org\/{rel}","templated":true}]}}