{"id":11949,"date":"2023-11-28T08:35:46","date_gmt":"2023-11-28T11:35:46","guid":{"rendered":"https:\/\/notipampa.com\/?p=11949"},"modified":"2023-11-28T08:35:46","modified_gmt":"2023-11-28T11:35:46","slug":"futbol-femenino-alvear-se-quedo-con-el-tercer-puesto-con-la-participacion-de-mas-de-40-equipos-de-toda-la-pampa","status":"publish","type":"post","link":"https:\/\/notipampa.com\/?p=11949","title":{"rendered":"F\u00fatbol femenino: Alvear se qued\u00f3 con el tercer puesto, con la participaci\u00f3n de m\u00e1s de 40 equipos de toda La Pampa"},"content":{"rendered":"\n<p><strong>La Escuela Municipal gole\u00f3 en la final a Escuela Federal de General Pico y obtuvo el Provincial de F\u00fatbol que organiz\u00f3 la Subsecretar\u00eda de Deportes, Recreaci\u00f3n y Turismo del Ministerio de Desarrollo Social para jugadoras no federadas.<\/strong><\/p>\n\n\n\n<p>La definici\u00f3n se llev\u00f3 a cabo en el complejo \u201cHoracio del Campo\u201d de Toay y las veinticique\u00f1as se impusieron 5-1 con goles de Roc\u00edo Pacheco (3), Agostina Zurita y Abigail Cerna para suceder a Dorila, campe\u00f3n 2022. Susana Linares Manag\u00f3 descont\u00f3 para las piquenses.<br><\/p>\n\n\n\n<p>El tercer puesto fue para Alvear, que en los penales venci\u00f3 3-2 sobre Las Araucenses luego de igualar 3-3 en el tiempo reglamentario. Las alvearenses se impon\u00edan 3-0 con goles de Luc\u00eda Paredes, Jimena Coronel y Maira Morales, pero las de Jacinto Arauz llegaron al empate a trav\u00e9s de Carla Matir, Carina Cabello y Andrea Coronel.<\/p>\n\n\n\n<p><strong>Fue la quinta edici\u00f3n del Provincial que organiz\u00f3 la Subsecretar\u00eda de Deportes, con la participaci\u00f3n de m\u00e1s de 40 equipos de toda La Pampa y 1200 jugadoras.<\/strong><\/p>\n\n\n\n<figure class=\"wp-block-image size-large\"><img fetchpriority=\"high\" decoding=\"async\" width=\"1024\" height=\"768\" src=\"https:\/\/notipampa.com\/wp-content\/uploads\/2023\/11\/143597_img-20231127-wa0147-1-1024x768.jpg\" alt=\"\" class=\"wp-image-11952\" srcset=\"https:\/\/notipampa.com\/wp-content\/uploads\/2023\/11\/143597_img-20231127-wa0147-1-1024x768.jpg 1024w, https:\/\/notipampa.com\/wp-content\/uploads\/2023\/11\/143597_img-20231127-wa0147-1-300x225.jpg 300w, https:\/\/notipampa.com\/wp-content\/uploads\/2023\/11\/143597_img-20231127-wa0147-1-768x576.jpg 768w, https:\/\/notipampa.com\/wp-content\/uploads\/2023\/11\/143597_img-20231127-wa0147-1.jpg 1280w\" sizes=\"(max-width: 1024px) 100vw, 1024px\" \/><\/figure>\n","protected":false},"excerpt":{"rendered":"<p>La Escuela Municipal gole\u00f3 en la final a Escuela Federal de General Pico y obtuvo el Provincial de F\u00fatbol que<\/p>\n","protected":false},"author":1,"featured_media":11950,"comment_status":"open","ping_status":"open","sticky":false,"template":"","format":"standard","meta":{"colormag_page_container_layout":"default_layout","colormag_page_sidebar_layout":"default_layout","footnotes":""},"categories":[10,6,8],"tags":[],"class_list":["post-11949","post","type-post","status-publish","format-standard","has-post-thumbnail","hentry","category-sports","category-locales","category-ultimas-noticias"],"_links":{"self":[{"href":"https:\/\/notipampa.com\/index.php?rest_route=\/wp\/v2\/posts\/11949","targetHints":{"allow":["GET"]}}],"collection":[{"href":"https:\/\/notipampa.com\/index.php?rest_route=\/wp\/v2\/posts"}],"about":[{"href":"https:\/\/notipampa.com\/index.php?rest_route=\/wp\/v2\/types\/post"}],"author":[{"embeddable":true,"href":"https:\/\/notipampa.com\/index.php?rest_route=\/wp\/v2\/users\/1"}],"replies":[{"embeddable":true,"href":"https:\/\/notipampa.com\/index.php?rest_route=%2Fwp%2Fv2%2Fcomments&post=11949"}],"version-history":[{"count":1,"href":"https:\/\/notipampa.com\/index.php?rest_route=\/wp\/v2\/posts\/11949\/revisions"}],"predecessor-version":[{"id":11953,"href":"https:\/\/notipampa.com\/index.php?rest_route=\/wp\/v2\/posts\/11949\/revisions\/11953"}],"wp:featuredmedia":[{"embeddable":true,"href":"https:\/\/notipampa.com\/index.php?rest_route=\/wp\/v2\/media\/11950"}],"wp:attachment":[{"href":"https:\/\/notipampa.com\/index.php?rest_route=%2Fwp%2Fv2%2Fmedia&parent=11949"}],"wp:term":[{"taxonomy":"category","embeddable":true,"href":"https:\/\/notipampa.com\/index.php?rest_route=%2Fwp%2Fv2%2Fcategories&post=11949"},{"taxonomy":"post_tag","embeddable":true,"href":"https:\/\/notipampa.com\/index.php?rest_route=%2Fwp%2Fv2%2Ftags&post=11949"}],"curies":[{"name":"wp","href":"https:\/\/api.w.org\/{rel}","templated":true}]}}