{"id":11771,"date":"2023-11-01T09:32:13","date_gmt":"2023-11-01T12:32:13","guid":{"rendered":"https:\/\/notipampa.com\/?p=11771"},"modified":"2023-11-01T09:32:14","modified_gmt":"2023-11-01T12:32:14","slug":"general-pico-con-19-y-21-anos-de-edad-iran-a-la-carcel-por-cometer-14-hechos-delictivos","status":"publish","type":"post","link":"https:\/\/notipampa.com\/?p=11771","title":{"rendered":"General Pico: Con 19 y 21 a\u00f1os de edad, ir\u00e1n a la c\u00e1rcel por cometer 14 hechos delictivos"},"content":{"rendered":"\n<p><strong>Ambos condenados deber\u00e1n purgar prisi\u00f3n efectiva: uno durante tres a\u00f1os y el otro por seis meses. Todos los hechos juzgados se produjeron este a\u00f1o.<\/strong><\/p>\n\n\n\n<p>Dos adolescentes ir\u00e1n a la c\u00e1rcel por primera vez luego que la Justicia confirmara que cometieron 14 hechos delictivos y los sentenciaran en un acuerdo de juicio abreviado. El menor de ellos, de 19 a\u00f1os, perpetr\u00f3 10 hechos y por ello ir\u00e1 tres a\u00f1os preso, mientras que su compa\u00f1ero, de 21 a\u00f1os, deber\u00e1 cumplir con seis meses tras las rejas por cuatro delitos.<\/p>\n\n\n\n<p>La sentencia la firm\u00f3 el juez de Control, Heber Pregno, quien convalid\u00f3 el acuerdo de juicio abreviado presentado por el fiscal de Delitos contra la Propiedad, Dami\u00e1n Campos, junto a los defensores oficiales Guillermo Costantino y Walter Vaccaro.<\/p>\n\n\n\n<p>Brandon Rodr\u00edguez, de 19 a\u00f1os, fue sentenciado como autor y materialmente responsable de cuatro hechos de &#8220;robo simple&#8221;, m\u00e1s &#8220;robo agravado por escalamiento en grado de tentativa&#8221;, &#8220;hurto agravado por escalamiento&#8221;, &#8220;hurto calificado por escalamiento en grado de tentativa&#8221;, &#8220;robo simple en grado de tentativa&#8221;, &#8220;hurto simple&#8221; y &#8220;encubrimiento&#8221;.<\/p>\n\n\n\n<p>Nahuel Rold\u00e1n, de 21 a\u00f1os, fue considerado autor y materialmente responsable de dos hechos de &#8220;robo simple&#8221;, &#8220;hurto simple en grado de tentativa&#8221; y &#8220;hurto calificado por tratarse de un veh\u00edculo dejado en la v\u00eda p\u00fablica, en grado de tentativa&#8221;.<\/p>\n\n\n\n<p>Los hechos<\/p>\n\n\n\n<p>Seg\u00fan demostr\u00f3 la investigaci\u00f3n y reconocieron los autores, el 24 de marzo de 2023, a las 4:40 de la madrugada, Brandon Rodr\u00edguez rompi\u00f3 el port\u00f3n de una casa en calle 101 y se llev\u00f3 una moto Guerrero Trip 100cc. El mismo d\u00eda, una hora y media m\u00e1s tarde, Rodr\u00edguez junto a otro joven no identificado rompieron la vidriera de un negocio en calle 115 y se llevaron 3 mil pesos de la caja.<\/p>\n\n\n\n<p>Dos horas m\u00e1s tarde, a las 8:30, Rodr\u00edguez y Rold\u00e1n ingresaron rompieron la cerradura de un comercio de calle 3, para luego acceder a la vivienda lindante sobre calle 16 cuya familia dorm\u00eda en el primer piso. De all\u00ed se llevaron una computadora, dos bolsas carne y un tel\u00e9fono celular.<\/p>\n\n\n\n<p>Otro de los legajos contra Rodr\u00edguez se origin\u00f3 el 2 de noviembre de 2022 en horas de la madrugada, cuando intent\u00f3 robar en un comercio del barrio Alborada, para lo cual trep\u00f3 por los techos para acceder a un pasillo.<\/p>\n\n\n\n<p>El mismo chico de 19 a\u00f1os, el 22 de mayo de 2023 a las 2:30 de la madrugada salt\u00f3 un tapial e ingres\u00f3 a una rotiser\u00eda del barrio Rucci, donde se rob\u00f3 la caja registradora con 2.500 pesos.<\/p>\n\n\n\n<p>El mismo d\u00eda, cerca de las 7 de la ma\u00f1ana, el muchacho rompi\u00f3 la reja de una venta de una casa en calle 9, a la que ingres\u00f3 y fue descubierto por la due\u00f1a de la propiedad que dorm\u00eda en una de las habitaciones y se despert\u00f3 por el ruido de un placard que el joven trataba de abrir. La mujer lo vio de espaldas con la campera de su hijo colocada y escap\u00f3 del lugar con la prenda de vestir, una tablet y un bolsito con documentaci\u00f3n.<\/p>\n\n\n\n<p>El 21 de mayo de este a\u00f1o, a las 7:55 horas, Rodr\u00edguez salt\u00f3 un tapial e ingres\u00f3 al patio de una vivienda en calle 21, donde manipul\u00f3 dos c\u00e1maras de seguridad y desactiv\u00f3 un port\u00f3n el\u00e9ctrico, pero escap\u00f3 sin robar.<\/p>\n\n\n\n<p>Media hora m\u00e1s tarde del mismo d\u00eda, el chico de 19 a\u00f1os trat\u00f3 de romper cadenas y candado de un port\u00f3n, pero fue sorprendido por el due\u00f1o de la vivienda que le tir\u00f3 con un ladrillo y se fug\u00f3.<\/p>\n\n\n\n<p>El 22 de mayo a la ma\u00f1ana, forz\u00f3 la venta de una vivienda en calle 9 de la zona c\u00e9ntrica y, desde el exterior y con un ca\u00f1o, se llev\u00f3 una campera que en sus bolsillos conten\u00eda 40 mil pesos.<\/p>\n\n\n\n<p>En cuando a Rold\u00e1n, el 20 de julio de 2023 en horas de la madrugada, junto a otro joven, forzaron la puerta de un auto Fiat Fiorino en calle 2 del barrio Rucci, para sacar del interior una billetera con dinero y una campera, mientras que tambi\u00e9n rompieron el est\u00e9reo, desconectaron la bater\u00eda y se llevaron la rueda de auxilio.<\/p>\n\n\n\n<p>El 31 de julio la polic\u00eda allan\u00f3 la casa de Rold\u00e1n y all\u00ed le secuestraron un cuchillo y gran cantidad de prendas de vestir que fueron reconocidas por su due\u00f1o, en cuya vivienda del barrio Rucci hab\u00edan ingresado el d\u00eda anterior.<\/p>\n\n\n\n<p>El 23 de agosto por la tarde, Rold\u00e1n intent\u00f3 robar una moto Motomel 110cc que se encontraba en la vereda de un domicilio de la zona c\u00e9ntrica, pero fue sorprendido por la due\u00f1a del rodado y escap\u00f3.<\/p>\n\n\n\n<p>Ambos j\u00f3venes admitieron su participaci\u00f3n en el largo listado de delitos cometidos en pocos meses y as\u00ed accedieron a la firma del acuerdo de juicio abreviado, por el cual el juez Pregno conden\u00f3 a Rodr\u00edguez a tres a\u00f1os de prisi\u00f3n efectiva al chico de 19 a\u00f1os y seis meses de c\u00e1rcel para el de 21 a\u00f1os.<\/p>\n","protected":false},"excerpt":{"rendered":"<p>Ambos condenados deber\u00e1n purgar prisi\u00f3n efectiva: uno durante tres a\u00f1os y el otro por seis meses. Todos los hechos juzgados<\/p>\n","protected":false},"author":1,"featured_media":11772,"comment_status":"open","ping_status":"open","sticky":false,"template":"","format":"standard","meta":{"colormag_page_container_layout":"default_layout","colormag_page_sidebar_layout":"default_layout","footnotes":""},"categories":[56,4,8],"tags":[],"class_list":["post-11771","post","type-post","status-publish","format-standard","has-post-thumbnail","hentry","category-policiales","category-provincia","category-ultimas-noticias"],"_links":{"self":[{"href":"https:\/\/notipampa.com\/index.php?rest_route=\/wp\/v2\/posts\/11771","targetHints":{"allow":["GET"]}}],"collection":[{"href":"https:\/\/notipampa.com\/index.php?rest_route=\/wp\/v2\/posts"}],"about":[{"href":"https:\/\/notipampa.com\/index.php?rest_route=\/wp\/v2\/types\/post"}],"author":[{"embeddable":true,"href":"https:\/\/notipampa.com\/index.php?rest_route=\/wp\/v2\/users\/1"}],"replies":[{"embeddable":true,"href":"https:\/\/notipampa.com\/index.php?rest_route=%2Fwp%2Fv2%2Fcomments&post=11771"}],"version-history":[{"count":1,"href":"https:\/\/notipampa.com\/index.php?rest_route=\/wp\/v2\/posts\/11771\/revisions"}],"predecessor-version":[{"id":11773,"href":"https:\/\/notipampa.com\/index.php?rest_route=\/wp\/v2\/posts\/11771\/revisions\/11773"}],"wp:featuredmedia":[{"embeddable":true,"href":"https:\/\/notipampa.com\/index.php?rest_route=\/wp\/v2\/media\/11772"}],"wp:attachment":[{"href":"https:\/\/notipampa.com\/index.php?rest_route=%2Fwp%2Fv2%2Fmedia&parent=11771"}],"wp:term":[{"taxonomy":"category","embeddable":true,"href":"https:\/\/notipampa.com\/index.php?rest_route=%2Fwp%2Fv2%2Fcategories&post=11771"},{"taxonomy":"post_tag","embeddable":true,"href":"https:\/\/notipampa.com\/index.php?rest_route=%2Fwp%2Fv2%2Ftags&post=11771"}],"curies":[{"name":"wp","href":"https:\/\/api.w.org\/{rel}","templated":true}]}}