{"id":11753,"date":"2023-10-31T08:43:41","date_gmt":"2023-10-31T11:43:41","guid":{"rendered":"https:\/\/notipampa.com\/?p=11753"},"modified":"2023-10-31T08:43:42","modified_gmt":"2023-10-31T11:43:42","slug":"la-pampa-se-viene-la-carrera-internacional-de-drones","status":"publish","type":"post","link":"https:\/\/notipampa.com\/?p=11753","title":{"rendered":"La Pampa: Se viene la Carrera internacional de drones"},"content":{"rendered":"\n<p><strong>Este s\u00e1bado a partir de las 9 se llevar\u00e1 a cabo la &#8220;Copa Santa Rosa &#8211; La Pampa&#8221;, un espect\u00e1culo gratuito, abierto a todo p\u00fablico.<\/strong><\/p>\n\n\n\n<p>El Ministerio de la Producci\u00f3n de la Provincia, a trav\u00e9s de la Agencia CITIA, organiza una nueva edici\u00f3n de la carrera de drones \u201cCopa Santa Rosa &#8211; La Pampa\u201d en la categor\u00eda F9U. &nbsp;<br>La jornada, gratuita y abierta al p\u00fablico, se realizar\u00e1 en el Club de Planeadores de Santa Rosa, ubicado en el kil\u00f3metro 598 de la Ruta Nacional 5 el pr\u00f3ximo 4 de noviembre, a partir de las 9hs.&nbsp;<br>Participar\u00e1n en esta oportunidad pilotos de la categor\u00eda F9U quienes viajar\u00e1n desde Chile, Paraguay, Uruguay y diferentes puntos de Argentina para competir en el desafiante circuito de Santa Rosa.&nbsp;<br>Desde la organizaci\u00f3n se destac\u00f3 que se trata de un evento para el disfrute de toda la familia que contar\u00e1 tambi\u00e9n con stands de empresas afines y un patio de comida.&nbsp;<br>Acompa\u00f1a esta actividad la Federaci\u00f3n Aeron\u00e1utica Internacional (F.A.I), la Federaci\u00f3n Argentina de Aeromodelismo (F.A.A) y la Agrupaci\u00f3n Aeromodelista de Santa Rosa (A.A.S.R).<\/p>\n\n\n\n<p><strong>Para mayor informaci\u00f3n,<\/strong>&nbsp;contactarse con la Agencia CITIA al 2302 20-0320<\/p>\n","protected":false},"excerpt":{"rendered":"<p>Este s\u00e1bado a partir de las 9 se llevar\u00e1 a cabo la &#8220;Copa Santa Rosa &#8211; La Pampa&#8221;, un espect\u00e1culo<\/p>\n","protected":false},"author":1,"featured_media":11754,"comment_status":"open","ping_status":"open","sticky":false,"template":"","format":"standard","meta":{"colormag_page_container_layout":"default_layout","colormag_page_sidebar_layout":"default_layout","footnotes":""},"categories":[4,8],"tags":[],"class_list":["post-11753","post","type-post","status-publish","format-standard","has-post-thumbnail","hentry","category-provincia","category-ultimas-noticias"],"_links":{"self":[{"href":"https:\/\/notipampa.com\/index.php?rest_route=\/wp\/v2\/posts\/11753","targetHints":{"allow":["GET"]}}],"collection":[{"href":"https:\/\/notipampa.com\/index.php?rest_route=\/wp\/v2\/posts"}],"about":[{"href":"https:\/\/notipampa.com\/index.php?rest_route=\/wp\/v2\/types\/post"}],"author":[{"embeddable":true,"href":"https:\/\/notipampa.com\/index.php?rest_route=\/wp\/v2\/users\/1"}],"replies":[{"embeddable":true,"href":"https:\/\/notipampa.com\/index.php?rest_route=%2Fwp%2Fv2%2Fcomments&post=11753"}],"version-history":[{"count":1,"href":"https:\/\/notipampa.com\/index.php?rest_route=\/wp\/v2\/posts\/11753\/revisions"}],"predecessor-version":[{"id":11755,"href":"https:\/\/notipampa.com\/index.php?rest_route=\/wp\/v2\/posts\/11753\/revisions\/11755"}],"wp:featuredmedia":[{"embeddable":true,"href":"https:\/\/notipampa.com\/index.php?rest_route=\/wp\/v2\/media\/11754"}],"wp:attachment":[{"href":"https:\/\/notipampa.com\/index.php?rest_route=%2Fwp%2Fv2%2Fmedia&parent=11753"}],"wp:term":[{"taxonomy":"category","embeddable":true,"href":"https:\/\/notipampa.com\/index.php?rest_route=%2Fwp%2Fv2%2Fcategories&post=11753"},{"taxonomy":"post_tag","embeddable":true,"href":"https:\/\/notipampa.com\/index.php?rest_route=%2Fwp%2Fv2%2Ftags&post=11753"}],"curies":[{"name":"wp","href":"https:\/\/api.w.org\/{rel}","templated":true}]}}