{"id":11718,"date":"2023-10-27T10:23:05","date_gmt":"2023-10-27T13:23:05","guid":{"rendered":"https:\/\/notipampa.com\/?p=11718"},"modified":"2023-10-27T10:23:05","modified_gmt":"2023-10-27T13:23:05","slug":"alvear-informe-sobre-la-sesion-ordinaria-del-concejo-deliberante-18","status":"publish","type":"post","link":"https:\/\/notipampa.com\/?p=11718","title":{"rendered":"Alvear: Informe sobre la sesi\u00f3n ordinaria del Concejo Deliberante"},"content":{"rendered":"\n<p><a href=\"https:\/\/notipampa.com\/?p=11575\"><\/a><\/p>\n\n\n\n<p>El d\u00eda Jueves 26 de Octubre de 2023, se reuni\u00f3 en Sesi\u00f3n Ordinaria del Concejo Deliberante de Intendente Alvear, presidido por la Presidenta Mar\u00eda Alejandra Oliva, y con la presencia de Vanesa Luj\u00e1n Ofelia Acedo y An\u00edbal Mart\u00edn Migliore por el bloque Fre.Ju.Pa., y Fernando Luis Aznarez, Mar\u00eda Alejandra Hartfiel y Humberto Tom\u00e1s Andreani por el bloque Fre.Ve.Al. Los concejales Cintia Nerina Cocchi y Ra\u00fal Hip\u00f3lito Iglesias ausentes con aviso.<br>La Presidenta Mar\u00eda Alejandra Oliva inicia la sesi\u00f3n, dando lectura al Orden del d\u00eda, cuyos puntos se trataron de la siguiente manera:<br><strong>Punto 1:<\/strong> Lectura y aprobaci\u00f3n Acta No 19. Se dio lectura por Secretar\u00eda y es aprobada por unanimidad.<br><strong>Punto 2: <\/strong>Proyecto de Ordenanza \u201cS\/ Estableciendo pago obligatorio de cuotas para Viviendas Plan Provincial de Viviendas Sociales \u201cViviendas La Pampa\u201d. Se dio lectura por Secretaria de la nota de elevaci\u00f3n y del proyecto. Tras un an\u00e1lisis de cada art\u00edculo del proyecto, por unanimidad, se aprueba a la moci\u00f3n de Cuarto Intermedio.<br><strong>Punto 3: <\/strong>Correspondencia: Ingres\u00f3 por correspondencia:<br>&#8211; Nota de la concejal Cintia Nerina Cocchi informando que estar\u00e1 ausente en la sesi\u00f3n por razones de salud.<br>&#8211; Nota del concejal Ra\u00fal Hip\u00f3lito Iglesias informando que estar\u00e1 ausente en la sesi\u00f3n por razones personales.<\/p>\n\n\n\n<p><strong>Secretar\u00eda del Concejo Deliberante de la Municipalidad de Intendente Alvear<\/strong><\/p>\n","protected":false},"excerpt":{"rendered":"<p>El d\u00eda Jueves 26 de Octubre de 2023, se reuni\u00f3 en Sesi\u00f3n Ordinaria del Concejo Deliberante de Intendente Alvear, presidido<\/p>\n","protected":false},"author":1,"featured_media":11719,"comment_status":"open","ping_status":"open","sticky":false,"template":"","format":"standard","meta":{"colormag_page_container_layout":"default_layout","colormag_page_sidebar_layout":"default_layout","footnotes":""},"categories":[6,8],"tags":[],"class_list":["post-11718","post","type-post","status-publish","format-standard","has-post-thumbnail","hentry","category-locales","category-ultimas-noticias"],"_links":{"self":[{"href":"https:\/\/notipampa.com\/index.php?rest_route=\/wp\/v2\/posts\/11718","targetHints":{"allow":["GET"]}}],"collection":[{"href":"https:\/\/notipampa.com\/index.php?rest_route=\/wp\/v2\/posts"}],"about":[{"href":"https:\/\/notipampa.com\/index.php?rest_route=\/wp\/v2\/types\/post"}],"author":[{"embeddable":true,"href":"https:\/\/notipampa.com\/index.php?rest_route=\/wp\/v2\/users\/1"}],"replies":[{"embeddable":true,"href":"https:\/\/notipampa.com\/index.php?rest_route=%2Fwp%2Fv2%2Fcomments&post=11718"}],"version-history":[{"count":1,"href":"https:\/\/notipampa.com\/index.php?rest_route=\/wp\/v2\/posts\/11718\/revisions"}],"predecessor-version":[{"id":11720,"href":"https:\/\/notipampa.com\/index.php?rest_route=\/wp\/v2\/posts\/11718\/revisions\/11720"}],"wp:featuredmedia":[{"embeddable":true,"href":"https:\/\/notipampa.com\/index.php?rest_route=\/wp\/v2\/media\/11719"}],"wp:attachment":[{"href":"https:\/\/notipampa.com\/index.php?rest_route=%2Fwp%2Fv2%2Fmedia&parent=11718"}],"wp:term":[{"taxonomy":"category","embeddable":true,"href":"https:\/\/notipampa.com\/index.php?rest_route=%2Fwp%2Fv2%2Fcategories&post=11718"},{"taxonomy":"post_tag","embeddable":true,"href":"https:\/\/notipampa.com\/index.php?rest_route=%2Fwp%2Fv2%2Ftags&post=11718"}],"curies":[{"name":"wp","href":"https:\/\/api.w.org\/{rel}","templated":true}]}}