{"id":11687,"date":"2023-10-26T08:52:46","date_gmt":"2023-10-26T11:52:46","guid":{"rendered":"https:\/\/notipampa.com\/?p=11687"},"modified":"2023-10-26T08:52:47","modified_gmt":"2023-10-26T11:52:47","slug":"la-pampa-estudiantes-secundarios-fueron-evaluados-en-lengua-y-matematica","status":"publish","type":"post","link":"https:\/\/notipampa.com\/?p=11687","title":{"rendered":"La Pampa: Estudiantes secundarios fueron evaluados en Lengua y Matem\u00e1tica"},"content":{"rendered":"\n<p><strong>Se aplic\u00f3 el Monitoreo de Aprendizajes Pampeanos en el nivel Secundario, destinado a m\u00e1s de 6000 estudiantes de los terceros a\u00f1os de m\u00e1s de 150 servicios educativos de la jurisdicci\u00f3n, informaron desde el Ministerio de Educaci\u00f3n Provincial.\u00a0<\/strong><\/p>\n\n\n\n<p>\u201cEs clave la presencia de los chicos y su compromiso en la elaboraci\u00f3n de las evaluaciones. Cada una de las escuelas recibe un informe detallado sobre los resultados alcanzados\u201d, explic\u00f3 Sandra Paini, directora del colegio Panguitruz Nger a la Agencia Provincial de Noticias. La docente Silvina Rodr\u00edguez, perteneciente a dicha instituci\u00f3n, agreg\u00f3 que \u201cno solamente se eval\u00faan aprendizajes, sino que tambi\u00e9n se tiene en cuenta el contexto social donde se encuentran insertos los\/as estudiantes. Es necesario contar con datos concretos y reales que nos permitan tomar decisiones para mejorar las estrategias de ense\u00f1anza y aprendizaje\u201d. Una de las estudiantes, Maite Herrera, aport\u00f3 que \u201ces importante nuestra participaci\u00f3n porque luego las escuelas pondr\u00e1n en marcha acciones para que aprendamos cada vez m\u00e1s y mejor\u201d.&nbsp;<br>El Monitoreo de Aprendizajes Pampeanos se implement\u00f3 por primera vez en 2022 en el nivel Primario y desde este a\u00f1o tambi\u00e9n se desarroll\u00f3 en la educaci\u00f3n secundaria. Hace dos meses, se realiz\u00f3 una prueba piloto en un conjunto de instituciones del nivel para revalidar la propuesta. Las evaluaciones fueron elaboradas por equipos del Ministerio de Educaci\u00f3n junto a profesores de Matem\u00e1tica, Lengua y Literatura de la Provincia.<\/p>\n","protected":false},"excerpt":{"rendered":"<p>Se aplic\u00f3 el Monitoreo de Aprendizajes Pampeanos en el nivel Secundario, destinado a m\u00e1s de 6000 estudiantes de los terceros<\/p>\n","protected":false},"author":1,"featured_media":11688,"comment_status":"open","ping_status":"open","sticky":false,"template":"","format":"standard","meta":{"colormag_page_container_layout":"default_layout","colormag_page_sidebar_layout":"default_layout","footnotes":""},"categories":[54,4,8],"tags":[],"class_list":["post-11687","post","type-post","status-publish","format-standard","has-post-thumbnail","hentry","category-educacion","category-provincia","category-ultimas-noticias"],"_links":{"self":[{"href":"https:\/\/notipampa.com\/index.php?rest_route=\/wp\/v2\/posts\/11687","targetHints":{"allow":["GET"]}}],"collection":[{"href":"https:\/\/notipampa.com\/index.php?rest_route=\/wp\/v2\/posts"}],"about":[{"href":"https:\/\/notipampa.com\/index.php?rest_route=\/wp\/v2\/types\/post"}],"author":[{"embeddable":true,"href":"https:\/\/notipampa.com\/index.php?rest_route=\/wp\/v2\/users\/1"}],"replies":[{"embeddable":true,"href":"https:\/\/notipampa.com\/index.php?rest_route=%2Fwp%2Fv2%2Fcomments&post=11687"}],"version-history":[{"count":1,"href":"https:\/\/notipampa.com\/index.php?rest_route=\/wp\/v2\/posts\/11687\/revisions"}],"predecessor-version":[{"id":11689,"href":"https:\/\/notipampa.com\/index.php?rest_route=\/wp\/v2\/posts\/11687\/revisions\/11689"}],"wp:featuredmedia":[{"embeddable":true,"href":"https:\/\/notipampa.com\/index.php?rest_route=\/wp\/v2\/media\/11688"}],"wp:attachment":[{"href":"https:\/\/notipampa.com\/index.php?rest_route=%2Fwp%2Fv2%2Fmedia&parent=11687"}],"wp:term":[{"taxonomy":"category","embeddable":true,"href":"https:\/\/notipampa.com\/index.php?rest_route=%2Fwp%2Fv2%2Fcategories&post=11687"},{"taxonomy":"post_tag","embeddable":true,"href":"https:\/\/notipampa.com\/index.php?rest_route=%2Fwp%2Fv2%2Ftags&post=11687"}],"curies":[{"name":"wp","href":"https:\/\/api.w.org\/{rel}","templated":true}]}}